{"id":746450,"date":"2026-09-04T00:27:13","date_gmt":"2026-09-04T00:27:13","guid":{"rendered":"https:\/\/www.europesays.com\/es\/746450\/"},"modified":"2026-09-04T00:27:13","modified_gmt":"2026-09-04T00:27:13","slug":"tomas-olivo-el-empresario-en-la-sombra-de-la-sede-de-telefonica","status":"publish","type":"post","link":"https:\/\/www.europesays.com\/es\/746450\/","title":{"rendered":"Tom\u00e1s Olivo, el empresario en la sombra de la sede de Telef\u00f3nica"},"content":{"rendered":"<p>El skyline de Madrid ha cambiado parcialmente de manos despu\u00e9s de que uno de sus emblemas, <strong>el edificio Tel\u00e9fonica,<\/strong> haya engrosado la lista de propiedades inmobiliarias de Tom\u00e1s Olivo: un empresario tan silencioso como efectivo en las operaciones inmobiliarias que han forjado su patrimonio.  &#8230; El magnate acaba de cerrar la compra de Gran V\u00eda 28, la hist\u00f3rica sede social de la compa\u00f1\u00eda de telecomunicaciones, en una operaci\u00f3n valorada en<strong> 200 millones<\/strong> de euros, seg\u00fan fuentes del mercado. <\/p>\n<p class=\"v-d-p\">El cambio de propiedad no es solo una transacci\u00f3n del &#8216;reatil&#8217; m\u00e1s. Es una muestra de poder en un contexto marcado por las<strong> grandes adquisiciones<\/strong> de edificios realizadas por Olivo durante toda su vida. Transacciones en las que ha conseguido forjar uno de los grandes patrimonios de Espa\u00f1a. Este s\u00edmbolo de poder lo ostenta en las<strong> 15 plantas<\/strong> que Telef\u00f3nica corona en la gran arteria de la capital madrile\u00f1a, fruto del inter\u00e9s empresarial por las adquisiciones inmobiliarias representadas en esta compraventa.<\/p>\n<p class=\"v-d-p\">Quien ahora posee ese edificio por delante del cual pasan miles de personas -ciudadanos y sobre todo turistas- cada d\u00eda es uno de los hombres m\u00e1s ricos de Espa\u00f1a. Tom\u00e1s Olivo ocupa la sexta posici\u00f3n en el ranking de las grandes fortunas de Espa\u00f1a, actualizado cada a\u00f1o por <strong>Forbes<\/strong>. Se le estima un patrimonio de unos<strong> 4.600 millones de euros.<\/strong> En un solo ejercicio hab\u00eda multiplicado esa fortuna, al tener registrados unos 2.700 millones en la anterior clasificaci\u00f3n. Era la muestra del extraordinario momento financiero que atraviesa su holding inmobiliario.<\/p>\n<p>\nJoyas de la corona\n<\/p>\n<p class=\"v-d-p\">De origen murciano, Olivo se ha dedicado a poner sus inversiones en aut\u00e9nticas joyas de la corona inmobiliaria por toda Espa\u00f1a. Siempre bajo la premisa de encontrar la mejor <strong>rentabilidad<\/strong> en cada una de esas adquisiciones. Y lo ha ido logrando al perpetrar un aut\u00e9ntico puzzle de propiedades entre las que se encuentran grandes centros comerciales, parques log\u00edsticos o edificios emblem\u00e1ticos como el que constituye la hist\u00f3rica sede de la operadora de telecomunicaciones.<\/p>\n<p class=\"v-d-p\">Olivo materializa sus operaciones a trav\u00e9s de<strong> General de Galer\u00edas Comerciales (GGC)<\/strong>, una cotizada en BME Growth y propietaria de algunos de los complejos comerciales m\u00e1s rentables, como Nevada Shopping en Granada, La Ca\u00f1ada en Marbella o Serrallo Plaza. Adem\u00e1s, es propietario de Unicaja, al ostentar directamente una participaci\u00f3n de al menos <strong>el 5,1% en el accionariado<\/strong> de la entidad financiera, seg\u00fan los datos actualizados de la Comisi\u00f3n Nacional del Mercado de Valores (CNMV).<\/p>\n<p class=\"v-d-p\">Ladrillo y banca para un perfil netamente <strong>discreto<\/strong>. Como el de otros muchos empresarios espa\u00f1oles que se encuentran muy alejados del foco medi\u00e1tico. Sus apariciones p\u00fablicas se cuentan a base de talonario con el que va haci\u00e9ndose con grandes propiedades. Pero nunca ha ido m\u00e1s all\u00e1. Pocas im\u00e1genes. <strong>Pocas apariciones.<\/strong> Y muchas negociaciones discretas para conseguir sus objetivos. El \u00faltimo, hacerse con el 28 de la Gran V\u00eda de Madrid, mucho m\u00e1s que un simple edificio. Una ostentaci\u00f3n de poder en su conglomerado empresarial. <\/p>\n<p class=\"v-d-p\">Y lo hace tras imponerse a algunos de los mayores inversores <strong>internacionales<\/strong> como habr\u00edan sido Bain Capital, Generali, Grupo Romero, Prime Investors Capital o Grupo Drago, entre otros. A Tom\u00e1s Olivo le gusta moverse en las dificultades. Porque el edificio de Telef\u00f3nica goza del m\u00e1ximo nivel de protecci\u00f3n patrimonial de Madrid, lo que obliga a conservar intacta su esencia arquitect\u00f3nica. Adem\u00e1s, las restricciones urban\u00edsticas impuestas por el <strong>Ayuntamiento<\/strong> dificultan cualquier transformaci\u00f3n relevante del inmueble.<\/p>\n<p class=\"v-d-p\">Esa excepcionalidad es la que ha conseguido forjar su compra frente al resto de posibles candidatos. Cualquier cambio de uso necesita de la <strong>autorizaci\u00f3n<\/strong> municipal. La paciencia es la que ha conseguido ponerle como ganador siempre con la visi\u00f3n del largo plazo, una de las caracter\u00edsticas que premian a los empresarios que saben moverse en el mercado inmobiliario. <\/p>\n","protected":false},"excerpt":{"rendered":"El skyline de Madrid ha cambiado parcialmente de manos despu\u00e9s de que uno de sus emblemas, el edificio&hellip;\n","protected":false},"author":2,"featured_media":746451,"comment_status":"","ping_status":"","sticky":false,"template":"","format":"standard","meta":{"footnotes":""},"categories":[80],"tags":[82,95,94,18393,25,24,89573,4569,26032,23,1826,3080],"class_list":["post-746450","post","type-post","status-publish","format-standard","has-post-thumbnail","category-economia","tag-business","tag-economia","tag-economy","tag-empresario","tag-es","tag-espana","tag-olivo","tag-sede","tag-sombra","tag-spain","tag-telefonica","tag-tomas"],"share_on_mastodon":{"url":"https:\/\/pubeurope.com\/@es\/117209940009561674","error":""},"_links":{"self":[{"href":"https:\/\/www.europesays.com\/es\/wp-json\/wp\/v2\/posts\/746450","targetHints":{"allow":["GET"]}}],"collection":[{"href":"https:\/\/www.europesays.com\/es\/wp-json\/wp\/v2\/posts"}],"about":[{"href":"https:\/\/www.europesays.com\/es\/wp-json\/wp\/v2\/types\/post"}],"author":[{"embeddable":true,"href":"https:\/\/www.europesays.com\/es\/wp-json\/wp\/v2\/users\/2"}],"replies":[{"embeddable":true,"href":"https:\/\/www.europesays.com\/es\/wp-json\/wp\/v2\/comments?post=746450"}],"version-history":[{"count":0,"href":"https:\/\/www.europesays.com\/es\/wp-json\/wp\/v2\/posts\/746450\/revisions"}],"wp:featuredmedia":[{"embeddable":true,"href":"https:\/\/www.europesays.com\/es\/wp-json\/wp\/v2\/media\/746451"}],"wp:attachment":[{"href":"https:\/\/www.europesays.com\/es\/wp-json\/wp\/v2\/media?parent=746450"}],"wp:term":[{"taxonomy":"category","embeddable":true,"href":"https:\/\/www.europesays.com\/es\/wp-json\/wp\/v2\/categories?post=746450"},{"taxonomy":"post_tag","embeddable":true,"href":"https:\/\/www.europesays.com\/es\/wp-json\/wp\/v2\/tags?post=746450"}],"curies":[{"name":"wp","href":"https:\/\/api.w.org\/{rel}","templated":true}]}}