{"id":746462,"date":"2026-09-04T00:38:29","date_gmt":"2026-09-04T00:38:29","guid":{"rendered":"https:\/\/www.europesays.com\/es\/746462\/"},"modified":"2026-09-04T00:38:29","modified_gmt":"2026-09-04T00:38:29","slug":"el-rejuvenecimiento-de-la-plantilla-la-gran-obsesion-del-nuevo-barca","status":"publish","type":"post","link":"https:\/\/www.europesays.com\/es\/746462\/","title":{"rendered":"El rejuvenecimiento de la plantilla, la gran &#8216;obsesi\u00f3n&#8217; del nuevo Bar\u00e7a"},"content":{"rendered":"<p class=\"ft-text\"><a class=\"ft-link ft-link--decoration\" href=\"https:\/\/www.sport.es\/es\/noticias\/barca\/baloncesto\/incognita-total-nikola-mirotic-133906438\" rel=\"nofollow noopener\" target=\"_blank\"><strong>El Bar\u00e7a<\/strong><\/a> ya se encuentra en Encamp (Andorra) haciendo grupo, <strong>cohesionando a un vestuario pr\u00e1cticamente renovado al completo,<\/strong> e impregn\u00e1ndose de la <strong>nueva t\u00e1ctica<\/strong> de la pizarra de Aleksander Sekulic. Con una temporada algo m\u00e1s agradable a la que se registra en Barcelona, la expedici\u00f3n azulgrana hace grupo en el pa\u00eds de los Pirineos en los d\u00edas previos a afrontar la disputa de los dos primeros t\u00edtulos de la campa\u00f1a: <strong>la Lliga Catalana y la Supercopa Endesa.<\/strong><\/p>\n<p class=\"ft-text\">En Andorra se encuentran los <strong>15 jugadores<\/strong> con ficha del primer equipo para esta campa\u00f1a, acompa\u00f1ados por los j\u00f3venes <strong>Mohamed Dabone y Abdu Kone.<\/strong> M\u00e1s all\u00e1 de los canteranos, de esos 15 efectivos, <strong>11 son nuevos,<\/strong> en un verano de cambios sin precedentes en el basket azulgrana. Ahora bien, toda esa revoluci\u00f3n tiene un denominador com\u00fan que no pasa desapercibido y que explica la nueva filosof\u00eda que se pretende implementar en la secci\u00f3n.<\/p>\n<p><img decoding=\"async\" src=\"https:\/\/www.europesays.com\/es\/wp-content\/uploads\/2026\/09\/b74d7b22-d3fd-4c8f-9107-dfc73d57e4b8_alta-libre-aspect-ratio_default_0_x600y225.jpg\" width=\"1200\" height=\"675\" alt=\"Mohamed Dabone, en un entrenamiento con el Bar\u00e7a\" class=\"ft-helper-img-rd\" loading=\"lazy\" fetchpriority=\"auto\"\/><\/p>\n<p class=\"ft-helper-fontColor-quaternary ft-helper-fontSize-body-S ft-helper-spacer-t-xxs\">Mohamed Dabone, en un entrenamiento con el Bar\u00e7a  \/ FCB<\/p>\n<p>Agotados en la \u00faltima final ACB<\/p>\n<p class=\"ft-text\">La pasada temporada, el Bar\u00e7a lleg\u00f3, de manera bastante sorprendente, a la final de la Liga Endesa tras batir a <strong>UCAM Murcia y a La Laguna Tenerife<\/strong> en cuartos de final y en semifinales del play-off ACB. Fue una alegr\u00eda sorprendente, pero que qued\u00f3 diluida por la manera en la que <strong>Valencia Basket<\/strong> sac\u00f3 el rodillo ante el conjunto azulgrana. Aquel Bar\u00e7a ten\u00eda talento y calidad en jugadores contrastados como <strong>Will Clyburn,<\/strong> h\u00e9roe en el primer encuentro por el t\u00edtulo en el Roig Arena. Pero aquella plantilla era veterana y no iba precisamente sobrada de piernas, tal y como se pudo comprobar en los tres siguientes duelos en la eliminatoria por el t\u00edtulo.<\/p>\n<p class=\"ft-text\">Tras un nuevo volantazo este verano, y con la llegada de<strong> Xevi Pujol<\/strong> a la secretar\u00eda t\u00e9cnica para liderar la secci\u00f3n, la instrucci\u00f3n ha sido totalmente distinta: tocaba rebajar la media de edad de la plantilla, quiz\u00e1s renunciando a algo de talento, pero con el f\u00edsico suficiente para llegar en una \u00f3ptima condici\u00f3n a los momentos de la temporada en los que los t\u00edtulos est\u00e1n en juego.<\/p>\n<p><img decoding=\"async\" src=\"https:\/\/www.europesays.com\/es\/wp-content\/uploads\/2026\/09\/1788482307_728_b0bb6e07-f6c1-45f6-a48d-24a8b0f163dd_alta-libre-aspect-ratio_default_0_x600y225.jpg\" width=\"1200\" height=\"675\" alt=\"Xevi Pujol, director deportivo del Bar\u00e7a\" class=\"ft-helper-img-rd\" loading=\"lazy\" fetchpriority=\"auto\"\/><\/p>\n<p class=\"ft-helper-fontColor-quaternary ft-helper-fontSize-body-S ft-helper-spacer-t-xxs\">Xevi Pujol, director deportivo del Bar\u00e7a  \/ FCB<\/p>\n<p>Una importante rebaja de edad<\/p>\n<p class=\"ft-text\">La apuesta es clara y los n\u00fameros hablan por s\u00ed solos: de los 11 fichajes que ha cerrado el Bar\u00e7a, ninguno supera los 30 a\u00f1os de edad. <strong>Olek Balcerowski (25), Tosan Evbuomwan (25), Umoja Gibson (28), Yoan Makoundou (26), Tyrese Martin (27), Justin Minaya (27), Josh Nebo (29), Olivier Nkamhoua (26), Justin Robinson (28), Agus Ubal (23) y Stanley Umude (27) <\/strong>llegan a un vestidor en el que <strong>Kevin Punter es el m\u00e1s mayor (33). Juan N\u00fa\u00f1ez (22), Joel Parra (26) y Dar\u00edo Brizuela (31)<\/strong> son los otros tres supervivientes de la pasada campa\u00f1a.<\/p>\n<p class=\"ft-text\">En total,<strong> una media de edad que no llega a los 27 a\u00f1os (26,8)<\/strong> y que se ha conseguido rebajar en casi cuatro a\u00f1os respecto a la pasada temporada. El equipo con el que arranc\u00f3 <strong>Joan Pe\u00f1arroya<\/strong> la 25\/26 y que luego cogi\u00f3 <strong>Xavi Pascual rozaba los 31 a\u00f1os (30,7).<\/strong> Salidas como las de <strong>Will Clyburn (36), Nico Laprovittola (36), Tornike Shengelia (35 a\u00f1os en octubre) o Jan Vesely (36)<\/strong> han ayudado a rebajar significativamente esta cifra.<\/p>\n<p><img decoding=\"async\" src=\"https:\/\/www.europesays.com\/es\/wp-content\/uploads\/2026\/09\/6f2781ba-94a0-4265-bf0e-e62730eb3f7f_alta-libre-aspect-ratio_default_0_x600y225.jpg\" width=\"1200\" height=\"675\" alt=\"Will Clyburn y Tornike Shengelia, en un partido con el Bar\u00e7a\" class=\"ft-helper-img-rd\" loading=\"lazy\" fetchpriority=\"auto\"\/><\/p>\n<p class=\"ft-helper-fontColor-quaternary ft-helper-fontSize-body-S ft-helper-spacer-t-xxs\">Will Clyburn y Tornike Shengelia, en un partido con el Bar\u00e7a  \/ Dani Barbeito<\/p>\n<p class=\"ft-text\">Teniendo en cuenta que el Bar\u00e7a arranca, a partir de la pr\u00f3xima semana, la temporada de manera oficial con la disputa de la Lliga Catalana, y que el fin de semana siguiente disputar\u00e1n la Supercopa, esta campa\u00f1a puede volver a contar con un importante n\u00famero de partidos, y <strong>superar sin muchas dificultades los 90 partidos.<\/strong> Todo ello con una Euroliga fren\u00e9tica, de <strong>38 jornadas de temporada regular y 14 semanas de doble partido,<\/strong> que exigir\u00e1 una amplia rotaci\u00f3n y que justifica la apuesta del Bar\u00e7a por esas 15 fichas del primer equipo.<\/p>\n<p>Pendientes de alguna oportunidad<\/p>\n<p class=\"ft-text\">Con estos 15 efectivos arrancar\u00e1 la temporada, <strong>sin descartar alguna oportunidad interior que pueda ofrecer el mercado americano.<\/strong> Por delante, semanas en las que se terminan de cerrar las plantillas de la NBA, con distintos retoques que pueden dejar a alg\u00fan jugador interesante como agente libre.<\/p>\n","protected":false},"excerpt":{"rendered":"El Bar\u00e7a ya se encuentra en Encamp (Andorra) haciendo grupo, cohesionando a un vestuario pr\u00e1cticamente renovado al completo,&hellip;\n","protected":false},"author":2,"featured_media":746463,"comment_status":"","ping_status":"","sticky":false,"template":"","format":"standard","meta":{"footnotes":""},"categories":[269],"tags":[299,2296,298,168,1387,25,24,2750,3893,1429,23,167],"class_list":["post-746462","post","type-post","status-publish","format-standard","has-post-thumbnail","category-baloncesto","tag-baloncesto","tag-barca","tag-basketball","tag-deportes","tag-edad","tag-es","tag-espana","tag-media","tag-obsesion","tag-plantilla","tag-spain","tag-sports"],"share_on_mastodon":{"url":"https:\/\/pubeurope.com\/@es\/117209984061164901","error":""},"_links":{"self":[{"href":"https:\/\/www.europesays.com\/es\/wp-json\/wp\/v2\/posts\/746462","targetHints":{"allow":["GET"]}}],"collection":[{"href":"https:\/\/www.europesays.com\/es\/wp-json\/wp\/v2\/posts"}],"about":[{"href":"https:\/\/www.europesays.com\/es\/wp-json\/wp\/v2\/types\/post"}],"author":[{"embeddable":true,"href":"https:\/\/www.europesays.com\/es\/wp-json\/wp\/v2\/users\/2"}],"replies":[{"embeddable":true,"href":"https:\/\/www.europesays.com\/es\/wp-json\/wp\/v2\/comments?post=746462"}],"version-history":[{"count":0,"href":"https:\/\/www.europesays.com\/es\/wp-json\/wp\/v2\/posts\/746462\/revisions"}],"wp:featuredmedia":[{"embeddable":true,"href":"https:\/\/www.europesays.com\/es\/wp-json\/wp\/v2\/media\/746463"}],"wp:attachment":[{"href":"https:\/\/www.europesays.com\/es\/wp-json\/wp\/v2\/media?parent=746462"}],"wp:term":[{"taxonomy":"category","embeddable":true,"href":"https:\/\/www.europesays.com\/es\/wp-json\/wp\/v2\/categories?post=746462"},{"taxonomy":"post_tag","embeddable":true,"href":"https:\/\/www.europesays.com\/es\/wp-json\/wp\/v2\/tags?post=746462"}],"curies":[{"name":"wp","href":"https:\/\/api.w.org\/{rel}","templated":true}]}}