{"id":746478,"date":"2026-09-04T00:47:21","date_gmt":"2026-09-04T00:47:21","guid":{"rendered":"https:\/\/www.europesays.com\/es\/746478\/"},"modified":"2026-09-04T00:47:21","modified_gmt":"2026-09-04T00:47:21","slug":"una-terapia-genica-desarrollada-en-espana-inicia-su-fase-clinica-frente-al-alzheimer","status":"publish","type":"post","link":"https:\/\/www.europesays.com\/es\/746478\/","title":{"rendered":"Una terapia g\u00e9nica desarrollada en Espa\u00f1a inicia su fase cl\u00ednica frente al alzh\u00e9imer"},"content":{"rendered":"<p><strong>Redacci\u00f3n<br \/><\/strong>El <strong>programa avanzado TET-101<\/strong> de la biotecnol\u00f3gica <a href=\"https:\/\/tetraneuron.com\/es\/\" target=\"_blank\" rel=\"noopener nofollow\"><strong>Tetraneuron<\/strong><\/a> comienza la <strong>fase cl\u00ednica de una terapia g\u00e9nica para pacientes con alzh\u00e9imer moderado<\/strong>, tras recibir la autorizaci\u00f3n de las autoridades australianas para iniciar el primer estudio first-in-human de TET-101, con el fin de evaluar su seguridad y potencial terap\u00e9utico en seres humanos.<\/p>\n<p>Este hito ha sido posible gracias a los resultados obtenidos hasta el momento que parten del trabajo realizado en el <strong>laboratorio de Jos\u00e9 Mar\u00eda Frade en el Instituto Cajal (CSIC) sobre E2F4<\/strong>, una prote\u00edna que participa en la regulaci\u00f3n de procesos esenciales, vinculados con el estr\u00e9s oxidativo y la neuroinflamaci\u00f3n, para el funcionamiento de las neuronas.<\/p>\n<p>El comienzo de la fase cl\u00ednica de TET-101 permitir\u00e1 evaluar la seguridad y el potencial terap\u00e9utico en humanos<\/p>\n<p>TET-101 se dirige inicialmente a pacientes con demencia moderada causada por enfermedad de Alzheimer, para los que las <strong>alternativas terap\u00e9uticas siguen siendo limitadas<\/strong>. Esta es una fase en la que el deterioro de la memoria y la p\u00e9rdida de independencia y autonom\u00eda adquieren un peso creciente en la vida cotidiana, tanto de quienes padecen la enfermedad como de sus familias y cuidadores.<\/p>\n<p>\u201cLos avances para el tratamiento de enfermos con deterioro cognitivo leve o en otros estadios tempranos de la enfermedad de Alzheimer son notables. Sin embargo, pacientes con enfermedad de Alzheimer y demencia m\u00e1s avanzada representan una poblaci\u00f3n muy amplia con pocas alternativas terap\u00e9uticas, y que sufren y representan una enorme carga m\u00e9dica, emocional, familiar y social\u201d, explica \u00c1lvaro Pascual-Leone, director m\u00e9dico de Tetraneuron.<\/p>\n<p>El aspecto relevante de TET-101 es la forma de abordar la complejidad biol\u00f3gica de la enfermedad, consider\u00e1ndola desde una <strong>perspectiva multifactorial, en la que intervienen distintos procesos biol\u00f3gicos interconectados<\/strong>. TET-101 incorpora E2F4DN, una variante neuroprotectora de esta prote\u00edna que tiene el objetivo de actuar sobre la homeostasis neuronal e influir simult\u00e1neamente sobre diferentes mecanismos implicados en la neurodegeneraci\u00f3n.<\/p>\n<p>La prote\u00edna E2F4DN participa en la regulaci\u00f3n de procesos esenciales para el funcionamiento de las neuronas<\/p>\n<p>El inicio de la fase cl\u00ednica permitir\u00e1 comenzar a estudiar esta aproximaci\u00f3n en pacientes y evaluar su seguridad y su potencial para ralentizar la neurodegeneraci\u00f3n, restaurar la funci\u00f3n neuronal y favorecer la recuperaci\u00f3n de capacidades cognitivas afectadas por la enfermedad.<\/p>\n<p><strong>Primeras pruebas en Australia<\/strong><\/p>\n<p>El salto a la fase cl\u00ednica se realizar\u00e1 en Australia, inicialmente en St Vincent\u2019s Hospital Melbourne. De manera paralela, Tetraneuron contin\u00faa avanzando en las interacciones regulatorias necesarias para las siguientes etapas de su desarrollo internacional, incluida Europa. La elecci\u00f3n de Australia para comenzar el ensayo no desvincula, sin embargo, el futuro del programa de Espa\u00f1a. De los 4,3 millones de euros de financiaci\u00f3n p\u00fablica obtenida en el \u00faltimo a\u00f1o, m\u00e1s de tres millones de euros van a ser destinados a <strong>trabajos preparatorios relacionados con su programa de alzh\u00e9imer<\/strong> y su desarrollo cl\u00ednico en Espa\u00f1a, en colaboraci\u00f3n con HM Hospitales y Fundaci\u00f3n CIEN.<\/p>\n<p>Seg\u00fan la compa\u00f1\u00eda, \u201cel objetivo es que una investigaci\u00f3n nacida en la ciencia p\u00fablica espa\u00f1ola y que ha dado ya el salto a la evaluaci\u00f3n cl\u00ednica internacional pueda continuar avanzando tambi\u00e9n dentro del ecosistema cient\u00edfico y sanitario nacional\u201d.<\/p>\n<p><strong>Aplicaciones en otras enfermedades neurodegenerativas<\/strong><\/p>\n<p>Adem\u00e1s del alzh\u00e9imer, Tetraneuron ha estudiado si los mecanismos sobre los que trabaja TET-101 pueden tener aplicaci\u00f3n en otras enfermedades neurodegenerativas. En este sentido, la base de este planteamiento es que patolog\u00edas diferentes pueden compartir procesos relacionados con la p\u00e9rdida de la homeostasis neuronal, la neuroinflamaci\u00f3n, el estr\u00e9s celular o el deterioro progresivo de la funci\u00f3n de las neuronas. De esta manera, la compa\u00f1\u00eda est\u00e1 desarrollando una <strong>plataforma de terapia g\u00e9nica<\/strong> que pretende abordar estos mecanismos desde una perspectiva m\u00e1s amplia.<\/p>\n<p>La compa\u00f1\u00eda est\u00e1 trabajando para disponer de la autorizaci\u00f3n pertinente en Europa, incluyendo Espa\u00f1a<\/p>\n<p>El <strong>p\u00e1rkinson es el mejor ejemplo de esta expansi\u00f3n<\/strong>. Tetraneuron ha obtenido resultados precl\u00ednicos de prueba de concepto en esta enfermedad y, de los 4,3 millones de euros recibidos de financiaci\u00f3n, 1,3 millones de euros est\u00e1n destinados a avanzar en este programa en colaboraci\u00f3n con la Universidad de Navarra.<\/p>\n<p>A esto se a\u00f1aden las aproximaciones realizadas en otros procesos relacionados con la neurodegeneraci\u00f3n y el envejecimiento cerebral. El objetivo a largo plazo es que la investigaci\u00f3n iniciada alrededor de E2F4 pueda <strong>convertirse en una plataforma desde la que desarrollar distintas estrategias terap\u00e9uticas<\/strong> frente a enfermedades que comparten algunos de los procesos biol\u00f3gicos que conducen al deterioro neuronal.<\/p>\n","protected":false},"excerpt":{"rendered":"Redacci\u00f3nEl programa avanzado TET-101 de la biotecnol\u00f3gica Tetraneuron comienza la fase cl\u00ednica de una terapia g\u00e9nica para pacientes&hellip;\n","protected":false},"author":2,"featured_media":746479,"comment_status":"","ping_status":"","sticky":false,"template":"","format":"standard","meta":{"footnotes":""},"categories":[92],"tags":[3297,3350,14817,25,24,165,1294,3351,166,23],"class_list":["post-746478","post","type-post","status-publish","format-standard","has-post-thumbnail","category-salud","tag-a1","tag-alzheimer","tag-enfermedades-neurodegenerativas","tag-es","tag-espana","tag-health","tag-investigacion","tag-parkinson","tag-salud","tag-spain"],"share_on_mastodon":{"url":"https:\/\/pubeurope.com\/@es\/117210018315223662","error":""},"_links":{"self":[{"href":"https:\/\/www.europesays.com\/es\/wp-json\/wp\/v2\/posts\/746478","targetHints":{"allow":["GET"]}}],"collection":[{"href":"https:\/\/www.europesays.com\/es\/wp-json\/wp\/v2\/posts"}],"about":[{"href":"https:\/\/www.europesays.com\/es\/wp-json\/wp\/v2\/types\/post"}],"author":[{"embeddable":true,"href":"https:\/\/www.europesays.com\/es\/wp-json\/wp\/v2\/users\/2"}],"replies":[{"embeddable":true,"href":"https:\/\/www.europesays.com\/es\/wp-json\/wp\/v2\/comments?post=746478"}],"version-history":[{"count":0,"href":"https:\/\/www.europesays.com\/es\/wp-json\/wp\/v2\/posts\/746478\/revisions"}],"wp:featuredmedia":[{"embeddable":true,"href":"https:\/\/www.europesays.com\/es\/wp-json\/wp\/v2\/media\/746479"}],"wp:attachment":[{"href":"https:\/\/www.europesays.com\/es\/wp-json\/wp\/v2\/media?parent=746478"}],"wp:term":[{"taxonomy":"category","embeddable":true,"href":"https:\/\/www.europesays.com\/es\/wp-json\/wp\/v2\/categories?post=746478"},{"taxonomy":"post_tag","embeddable":true,"href":"https:\/\/www.europesays.com\/es\/wp-json\/wp\/v2\/tags?post=746478"}],"curies":[{"name":"wp","href":"https:\/\/api.w.org\/{rel}","templated":true}]}}