{"id":746486,"date":"2026-09-04T00:51:14","date_gmt":"2026-09-04T00:51:14","guid":{"rendered":"https:\/\/www.europesays.com\/es\/746486\/"},"modified":"2026-09-04T00:51:14","modified_gmt":"2026-09-04T00:51:14","slug":"kast-en-el-foro-ultra-de-santiago-de-chile-si-lo-seguimos-haciendo-bien-algun-dia-sera-managua-algun-dia-sera-la-habana","status":"publish","type":"post","link":"https:\/\/www.europesays.com\/es\/746486\/","title":{"rendered":"Kast, en el foro ultra de Santiago de Chile: \u201cSi lo seguimos haciendo bien, alg\u00fan d\u00eda ser\u00e1 Managua. Alg\u00fan d\u00eda ser\u00e1 La Habana\u201d"},"content":{"rendered":"<p class=\"\">El presidente chileno, Jos\u00e9 Antonio Kast, ha cerrado la <a href=\"https:\/\/elpais.com\/chile\/2026-09-03\/milei-en-el-foro-madrid-chile-es-un-lugar-emblematico-porque-con-su-historia-reciente-nos-recuerda-el-valor-de-dar-la-batalla-cultural.html\" target=\"_self\" rel=\"nofollow noopener\" title=\"https:\/\/elpais.com\/chile\/2026-09-03\/milei-en-el-foro-madrid-chile-es-un-lugar-emblematico-porque-con-su-historia-reciente-nos-recuerda-el-valor-de-dar-la-batalla-cultural.html\">tarde de este jueves el V Foro Madrid<\/a> celebrando que Am\u00e9rica Latina \u201cest\u00e1 recuperando la libertad\u201d. La cumbre de la ultraderecha internacional realizada en Santiago ha estado marcada por la satisfacci\u00f3n de los presentes por las victorias electorales en el pa\u00eds anfitri\u00f3n, en Argentina, Colombia, Per\u00fa, Ecuador y por los deseos de que su ideolog\u00eda contin\u00fae expandi\u00e9ndose. \u201cSi lo seguimos haciendo bien, alg\u00fan d\u00eda ser\u00e1 Managua. Alg\u00fan d\u00eda ser\u00e1 La Habana. Porque ah\u00ed tenemos personas que siguen sometidas al poder mal entendido. Y cuando ganemos ah\u00ed, nadie nos va a preguntar qu\u00e9 dijimos. Nos van a preguntar qu\u00e9 hicimos. Y ah\u00ed reitero: Hechos y no palabras\u201d, plante\u00f3 el mandatario que puso fin a una jornada inaugurada por <a href=\"https:\/\/elpais.com\/chile\/2026-09-03\/kast-recibe-a-milei-en-chile-reunion-marcada-por-la-controversia-sobre-el-estrecho-de-magallanes-termina-sin-declaraciones.html\" target=\"_self\" rel=\"nofollow noopener\" title=\"https:\/\/elpais.com\/chile\/2026-09-03\/kast-recibe-a-milei-en-chile-reunion-marcada-por-la-controversia-sobre-el-estrecho-de-magallanes-termina-sin-declaraciones.html\">su hom\u00f3logo argentino, Javier Milei<\/a>.<\/p>\n<p class=\"\">La anfitriona del evento, Rebeca Crespo, periodista de La Gaceta, un medio de comunicaci\u00f3n que pertenece a la Fundaci\u00f3n Disenso, organizadora del foro y perteneciente al partido Vox, sostuvo en la presentaci\u00f3n de Kast que \u201cChile no es solo hoy una sede, es una demostraci\u00f3n de que la reconquista es posible\u201d. Hizo alusi\u00f3n al cuarto aniversario del rechazo a la propuesta constitucional liderada por las izquierdas que fracaso en las urnas un 4 de septiembre. Luego, le dio paso al mandatario chileno, quien hizo un ambicioso llamamiento: \u201cPodr\u00edamos ganar una pr\u00f3xima elecci\u00f3n, pero ser\u00eda circunstancial. <a href=\"https:\/\/elpais.com\/chile\/2026-09-01\/de-la-izquierda-odia-el-merito-a-la-esclavitud-moderna-es-el-socialismo-las-intervenciones-de-kast-en-el-foro-madrid.html\" target=\"_self\" rel=\"nofollow noopener\" title=\"https:\/\/elpais.com\/chile\/2026-09-01\/de-la-izquierda-odia-el-merito-a-la-esclavitud-moderna-es-el-socialismo-las-intervenciones-de-kast-en-el-foro-madrid.html\">Nosotros vinimos a cambiar la historia<\/a> y nuestra generaci\u00f3n tiene una tremenda oportunidad, hist\u00f3rica, si todos nos convencemos de que hay que hacer las cosas bien. Pero eso implica abrirse, no diluirse. Implica abrir las fronteras. Implica mirar m\u00e1s all\u00e1 de la comodidad de encontrarnos entre nosotros. Y ampliarse no es renunciar.\u201d<\/p>\n<p class=\"\">Esta es la tercera participaci\u00f3n de Kast en el Foro Madrid, pero la primera vez como mandatario -y como anfitri\u00f3n-. <a href=\"https:\/\/elpais.com\/chile\/2026-08-31\/foro-madrid-kast-defiende-su-participacion-pese-a-las-criticas-y-el-gobierno-de-milei-confirma-su-viaje-a-chile.html\" target=\"_self\" rel=\"nofollow noopener\" title=\"https:\/\/elpais.com\/chile\/2026-08-31\/foro-madrid-kast-defiende-su-participacion-pese-a-las-criticas-y-el-gobierno-de-milei-confirma-su-viaje-a-chile.html\">Su participaci\u00f3n no solo fue criticada por la oposici\u00f3n<\/a>, sino tambi\u00e9n por una parte de la derecha moderada que no se siente representada por el ala extrema de su sector. Si en ediciones anteriores Kast hab\u00eda dicho frases como \u201cel progreso es posible, pero no con la izquierda porque odia el m\u00e9rito y el esfuerzo\u201d. O que el socialismo buscaba una \u201cnueva forma de esclavitud\u201d, una que hace que las personas \u201csean dependientes, tengan un amo, y ese amo es el Estado\u201d. Este jueves decidi\u00f3 moderar significativamente el tono. Sobre sus casi seis meses en La Moneda, dijo que ha \u201cvalorado mucho la colaboraci\u00f3n que he recibido de muchas personas que estuvieron trabajando para que no ganara\u201d. \u201cYo los he sorprendido a ellos y ellos me han sorprendido a m\u00ed. Hemos logrado cosas incre\u00edbles en los momentos m\u00e1s duros de nuestra naci\u00f3n, en estas tragedias que vivimos en la zona norte, en la falta de empleo que vivimos en algunas partes\u201d, a\u00f1adi\u00f3.<\/p>\n<p class=\"\">De todas formas, lanz\u00f3 algunos dardos: \u201cNuestros pueblos no est\u00e1n condenados a ning\u00fan determinismo hist\u00f3rico que les gusta tanto a algunos sectores. Nosotros no estamos condenados a la pobreza, para nada. Y hemos demostrado que la naci\u00f3n m\u00e1s pobre de un continente fue l\u00edder de la regi\u00f3n. Fuimos l\u00edderes y volveremos a liderar. No estamos condenados al narco y no les quepa la menor duda a nadie que vamos a volver a liderar con las ideas de la libertad\u201d.<\/p>\n<p class=\"\">Una idea clave del discurso fue la importancia de realizar cambios concretos durante el mandato, que la gente pueda percibir -seguridad, empleo, salud-. \u201cEn estos tres a\u00f1os, si no hacemos las cosas como corresponde, nos van a pasar la cuenta. Y la izquierda podr\u00eda volver, porque dir\u00edan \u2018bueno, ya los conocimos, no lograron lo que hab\u00edan prometido y fracasaron. Sobre las actitudes que podr\u00edan ayudar a la oposici\u00f3n, plante\u00f3 tres puntos: primero, plantear que uno llega al poder por el poder, pues \u201cel d\u00eda que nos acomodemos, el d\u00eda que nos instalemos, digamos: no hay nada m\u00e1s que hacer, ese d\u00eda es el inicio del fin\u201d; segundo, que politizarlo y cuotearlo todo tambi\u00e9n puede llevar a la derrota, ya que \u201crepartirse el Estado como lo hicieron otros\u201d har\u00eda que la gente dijera \u201cson igual a los que sacamos\u201d; y como tercer punto, advirti\u00f3 que ser\u00eda un error quedarse \u201cpegados en la disputa con la izquierda\u201d.<\/p>\n","protected":false},"excerpt":{"rendered":"El presidente chileno, Jos\u00e9 Antonio Kast, ha cerrado la tarde de este jueves el V Foro Madrid celebrando&hellip;\n","protected":false},"author":2,"featured_media":746487,"comment_status":"","ping_status":"","sticky":false,"template":"","format":"standard","meta":{"footnotes":""},"categories":[42],"tags":[889,17,18,2047,13,14,582,11,61,62,63,64,4245,60494,19,20,1804,9,10,15,16,952,6914,12,21,22,65,66,67],"class_list":["post-746486","post","type-post","status-publish","format-standard","has-post-thumbnail","category-internacional","tag-america","tag-breaking-news","tag-breakingnews","tag-chile","tag-featured-news","tag-featurednews","tag-gobierno","tag-headlines","tag-internacional","tag-international","tag-international-news","tag-internationalnews","tag-javier-milei","tag-jose-antonio-kast","tag-latest-news","tag-latestnews","tag-latinoamerica","tag-news","tag-noticias","tag-noticias-destacadas","tag-noticiasdestacadas","tag-politica","tag-santiago-abascal","tag-titulares","tag-ultimas-noticias","tag-ultimasnoticias","tag-world","tag-world-news","tag-worldnews"],"share_on_mastodon":{"url":"","error":"Validation failed: Text character limit of 500 exceeded"},"_links":{"self":[{"href":"https:\/\/www.europesays.com\/es\/wp-json\/wp\/v2\/posts\/746486","targetHints":{"allow":["GET"]}}],"collection":[{"href":"https:\/\/www.europesays.com\/es\/wp-json\/wp\/v2\/posts"}],"about":[{"href":"https:\/\/www.europesays.com\/es\/wp-json\/wp\/v2\/types\/post"}],"author":[{"embeddable":true,"href":"https:\/\/www.europesays.com\/es\/wp-json\/wp\/v2\/users\/2"}],"replies":[{"embeddable":true,"href":"https:\/\/www.europesays.com\/es\/wp-json\/wp\/v2\/comments?post=746486"}],"version-history":[{"count":0,"href":"https:\/\/www.europesays.com\/es\/wp-json\/wp\/v2\/posts\/746486\/revisions"}],"wp:featuredmedia":[{"embeddable":true,"href":"https:\/\/www.europesays.com\/es\/wp-json\/wp\/v2\/media\/746487"}],"wp:attachment":[{"href":"https:\/\/www.europesays.com\/es\/wp-json\/wp\/v2\/media?parent=746486"}],"wp:term":[{"taxonomy":"category","embeddable":true,"href":"https:\/\/www.europesays.com\/es\/wp-json\/wp\/v2\/categories?post=746486"},{"taxonomy":"post_tag","embeddable":true,"href":"https:\/\/www.europesays.com\/es\/wp-json\/wp\/v2\/tags?post=746486"}],"curies":[{"name":"wp","href":"https:\/\/api.w.org\/{rel}","templated":true}]}}