{"id":746494,"date":"2026-09-04T00:59:21","date_gmt":"2026-09-04T00:59:21","guid":{"rendered":"https:\/\/www.europesays.com\/es\/746494\/"},"modified":"2026-09-04T00:59:21","modified_gmt":"2026-09-04T00:59:21","slug":"pogacar-recibe-el-alta-medica-en-barcelona","status":"publish","type":"post","link":"https:\/\/www.europesays.com\/es\/746494\/","title":{"rendered":"Pogacar recibe el alta m\u00e9dica en Barcelona"},"content":{"rendered":"<p class=\"c-paragraph\"><a href=\"https:\/\/www.heraldo.es\/noticias\/deportes\/2026\/09\/01\/las-penurias-olimpo-los-campeones-ciclismo-merckx-pogacar-2048549.html\" title=\"Las penurias en el olimpo de los campeones del ciclismo: de Merckx a Pogacar\" target=\"_blank\" rel=\"nofollow noopener\">El ciclista esloveno Tadej Pogacar<\/a> ha recibido el alta m\u00e9dica este mi\u00e9rcoles tras ser operado el pasado lunes en Barcelona de la fractura de la clav\u00edcula izquierda que se produjo el s\u00e1bado en una<b> ca\u00edda en el transcurso de la octava etapa de la Vuelta a Espa\u00f1a<\/b>, seg\u00fan ha informado &#8216;La Gazzetta dello Sport&#8217;.<\/p>\n<p class=\"c-paragraph\">La intervenci\u00f3n corri\u00f3 a cargo del doctor Xavier Mir, el <b>especialista que ha operado, entre otros, a los pilotos de MotoGP Dani Pedrosa, Jorge Lorenzo, Marc M\u00e1rquez o Jorge Mart\u00edn,<\/b> y tuvo lugar en el Hospital Universitario Dexeus de la capital catalana.<\/p>\n<p class=\"c-paragraph\">Pogacar regresar\u00e1 a su domicilio para<b> comenzar su recuperaci\u00f3n y rehabilitaci\u00f3n<\/b> bajo la supervisi\u00f3n del equipo m\u00e9dico del UAE Emirates Team.<\/p>\n<p class=\"c-paragraph\">A consecuencia de la ca\u00edda,\u00a0Pogacar\u00a0sufri\u00f3 una <b>conmoci\u00f3n cerebral,<\/b> una fractura con desplazamiento de la clav\u00edcula izquierda, otra fractura cervical estable de la v\u00e9rtebra C7 y m\u00faltiples abrasiones, por lo que tuvo que abandonar la carrera cuando iba l\u00edder.<\/p>\n<p class=\"c-paragraph\">El ciclista esloveno <b>intent\u00f3<\/b><b>\u00a0continuar<\/b>\u00a0<b>pero r\u00e1pidamente se dio cuenta de que no pod\u00eda. <\/b>Fue trasladado en ambulancia a un centro sanitario de la localidad de Gand\u00eda, donde fue sometido a los primeros ex\u00e1menes, y a las 02.00 horas CET (00.00 GMT del domingo) lleg\u00f3 al Hospital Universitario Dexeus.<\/p>\n<p class=\"c-paragraph\">Fue su <b>s\u00e9ptimo abandono desde que se uni\u00f3 al UAE en 2019.<\/b> El \u00faltimo fue en 2023, a 84 km de la meta de la Lieja-Basto\u00f1a-Lieja, cuando se fractur\u00f3 la mu\u00f1eca izquierda y fue operado posteriormente. Sin embargo,\u00a0nunca antes\u00a0hab\u00eda abandonado una carrera por etapas.\u00a0<\/p>\n","protected":false},"excerpt":{"rendered":"El ciclista esloveno Tadej Pogacar ha recibido el alta m\u00e9dica este mi\u00e9rcoles tras ser operado el pasado lunes&hellip;\n","protected":false},"author":2,"featured_media":746495,"comment_status":"","ping_status":"","sticky":false,"template":"","format":"standard","meta":{"footnotes":""},"categories":[273],"tags":[5593,210,313,312,168,25,24,11119,549,3684,23,167],"class_list":["post-746494","post","type-post","status-publish","format-standard","has-post-thumbnail","category-ciclismo","tag-alta","tag-barcelona","tag-ciclismo","tag-cycling","tag-deportes","tag-es","tag-espana","tag-medica","tag-pogacar","tag-recibe","tag-spain","tag-sports"],"share_on_mastodon":{"url":"https:\/\/pubeurope.com\/@es\/117210065506815574","error":""},"_links":{"self":[{"href":"https:\/\/www.europesays.com\/es\/wp-json\/wp\/v2\/posts\/746494","targetHints":{"allow":["GET"]}}],"collection":[{"href":"https:\/\/www.europesays.com\/es\/wp-json\/wp\/v2\/posts"}],"about":[{"href":"https:\/\/www.europesays.com\/es\/wp-json\/wp\/v2\/types\/post"}],"author":[{"embeddable":true,"href":"https:\/\/www.europesays.com\/es\/wp-json\/wp\/v2\/users\/2"}],"replies":[{"embeddable":true,"href":"https:\/\/www.europesays.com\/es\/wp-json\/wp\/v2\/comments?post=746494"}],"version-history":[{"count":0,"href":"https:\/\/www.europesays.com\/es\/wp-json\/wp\/v2\/posts\/746494\/revisions"}],"wp:featuredmedia":[{"embeddable":true,"href":"https:\/\/www.europesays.com\/es\/wp-json\/wp\/v2\/media\/746495"}],"wp:attachment":[{"href":"https:\/\/www.europesays.com\/es\/wp-json\/wp\/v2\/media?parent=746494"}],"wp:term":[{"taxonomy":"category","embeddable":true,"href":"https:\/\/www.europesays.com\/es\/wp-json\/wp\/v2\/categories?post=746494"},{"taxonomy":"post_tag","embeddable":true,"href":"https:\/\/www.europesays.com\/es\/wp-json\/wp\/v2\/tags?post=746494"}],"curies":[{"name":"wp","href":"https:\/\/api.w.org\/{rel}","templated":true}]}}