{"id":746496,"date":"2026-09-04T01:01:20","date_gmt":"2026-09-04T01:01:20","guid":{"rendered":"https:\/\/www.europesays.com\/es\/746496\/"},"modified":"2026-09-04T01:01:20","modified_gmt":"2026-09-04T01:01:20","slug":"rakovic-y-stanacev-elevan-el-liston-del-nuevo-araski","status":"publish","type":"post","link":"https:\/\/www.europesays.com\/es\/746496\/","title":{"rendered":"Rakovic y Stanacev elevan el list\u00f3n del nuevo Araski"},"content":{"rendered":"<p>\n        <a href=\"https:\/\/www.noticiasdealava.eus\/deportes\/araski\/\" title=\"Kutxabank Araski\" target=\"_blank\" class=\"link copy\" rel=\"nofollow noopener\">Kutxabank Araski <\/a>present\u00f3 este jueves a<strong> dos de sus nuevas incorporaciones<\/strong> para la pr\u00f3xima temporada en Liga Femenina Endesa. <strong>Kristina Rakovic y Aleksandra Stanacev<\/strong> afrontan su llegada al conjunto gasteiztarra con el objetivo de aportar experiencia, car\u00e1cter y diferentes recursos a un proyecto que sigue tomando forma.\n<\/p>\n<p class=\"article-body__text \">\n        La <strong>ala-p\u00edvot montenegrina llega procedente del Azulmarino Palma,<\/strong> con el que logr\u00f3 el ascenso a la m\u00e1xima categor\u00eda, mientras que <strong>la base serbia aterriza desde Movistar Estudiantes<\/strong> con un amplio recorrido en la competici\u00f3n.\n<\/p>\n<p class=\"article-body__text \">\n        <a href=\"https:\/\/www.noticiasdealava.eus\/araski\/2026\/08\/23\/made-urieta-lleva-espana-oro-11461579.html\" title=\"Made Urieta\" target=\"_blank\" class=\"link copy\" rel=\"nofollow noopener\">Made Urieta<\/a> destac\u00f3 especialmente la complementariedad de ambas jugadoras. La entrenadora alavesa explic\u00f3 que llevaba tiempo siguiendo a las dos y que su incorporaci\u00f3n responde a la b\u00fasqueda de <strong>perfiles capaces de hacer crecer al equipo tanto dentro como fuera de la pista<\/strong>.\n<\/p>\n<blockquote class=\"twitter-tweet\" data-lang=\"es\" wp_automatic_readability=\"5.1071428571429\">\n<p lang=\"es\" dir=\"ltr\">\ud83c\udf99\ufe0f\ud83d\ude98 <a href=\"https:\/\/x.com\/AleksandraStana?ref_src=twsrc%5Etfw\" rel=\"nofollow\">@AleksandraStana<\/a> y <a href=\"https:\/\/x.com\/rakoviceva2?ref_src=twsrc%5Etfw\" rel=\"nofollow\">@rakoviceva2<\/a>, presentadas en Leapmotor Agromotor<\/p>\n<p>Las jugadoras de Kutxabank Araski tienen claro el camino \ud83d\udc63\ud83d\udc9a<a href=\"https:\/\/x.com\/hashtag\/EsUnSentimiento?src=hash&amp;ref_src=twsrc%5Etfw\" rel=\"nofollow\">#EsUnSentimiento<\/a> <a href=\"https:\/\/x.com\/hashtag\/SentimenduBatDa?src=hash&amp;ref_src=twsrc%5Etfw\" rel=\"nofollow\">#SentimenduBatDa<\/a> <a href=\"https:\/\/t.co\/6HKeKK2rMv\" rel=\"nofollow\">pic.twitter.com\/6HKeKK2rMv<\/a><\/p>\n<p>\u2014 Araski AES (@Araski) <a href=\"https:\/\/x.com\/Araski\/status\/2095501303489212785?ref_src=twsrc%5Etfw\" rel=\"nofollow\">3 de septiembre de 2026<\/a><\/p><\/blockquote>\n<p class=\"article-body__text \">\n        Sobre <strong>Stanacev<\/strong>, subray\u00f3 su capacidad para <strong>dirigir al grupo y gestionar las diferentes situaciones<\/strong> que aparecen durante los partidos. \u201cEs una de las mejores en eso. Estoy s\u00faper ilusionada de trabajar con ella en el proyecto de este a\u00f1o y que ella disfrute en la pista, que<strong> sea capaz de liderar al grupo<\/strong> y darnos su mejor versi\u00f3n\u201d, se\u00f1al\u00f3.\n<\/p>\n<p class=\"article-body__text \">\n        La preparadora de Amurrio tambi\u00e9n <strong>puso en valor el momento de madurez<\/strong> en el que llega la base serbia, que el pr\u00f3ximo 25 de septiembre cumplir\u00e1 32 a\u00f1os. A su juicio, esa experiencia puede resultar determinante para un equipo que combina juventud y veteran\u00eda.\n<\/p>\n<p>            <a href=\"https:\/\/www.noticiasdealava.eus\/araski\/2026\/07\/21\/araski-refuerza-direccion-juego-aleksandra-liga-femenina-11355548.html\" title=\"El Araski refuerza la direcci\u00f3n de juego con Aleksandra Stanacev\" class=\"new__media\" rel=\"nofollow noopener\" target=\"_blank\"><\/p>\n<p>                <img alt=\"El Araski refuerza la direcci\u00f3n de juego con Aleksandra Stanacev\" data-src=\"https:\/\/estaticosgn-cdn.deia.eus\/clip\/9cd0c44d-ad16-4183-b70e-7bdc5e4b3a77_16-9-aspect-ratio_default_0_x732y183.\" class=\"lozad\"\/><\/p>\n<p>        <\/a><\/p>\n<p>        <a href=\"https:\/\/www.noticiasdealava.eus\/araski\/2026\/07\/21\/araski-refuerza-direccion-juego-aleksandra-liga-femenina-11355548.html\" title=\"El Araski refuerza la direcci\u00f3n de juego con Aleksandra Stanacev\" class=\"new__headline\" rel=\"nofollow noopener\" target=\"_blank\"><br \/>\n            El Araski refuerza la direcci\u00f3n de juego con Aleksandra Stanacev<br \/>\n        <\/a><\/p>\n<p class=\"article-body__text \">\n        Stanacev, por su parte, dej\u00f3 claro que llega con la intenci\u00f3n de poner sus conocimientos al servicio del colectivo. <strong>\u201cSiempre pongo el equipo adelante de las cosas individuales y siempre le voy a poner mi energ\u00eda\u201d<\/strong>, explic\u00f3, a\u00f1adiendo que est\u00e1 dispuesta a hacer \u201clo que necesita el equipo de un partido a otro\u201d y a cumplir con lo que le pida la entrenadora.\n<\/p>\n<p class=\"article-photo__footer\">\n            Made Urieta destac\u00f3 la qu\u00edmica existente entre Stanacev y Rakovic durante la presentaci\u00f3n de las dos jugadoras            Stuart MacDonald        <\/p>\n<p>  La polivalencia de Rakovic<\/p>\n<p class=\"article-body__text \">\n        <a href=\"https:\/\/ca.wikipedia.org\/wiki\/Kristina_Rakovi%C4%87\" title=\"Rakovic\" rel=\"nofollow noopener\" target=\"_blank\" class=\"link copy\">Rakovic <\/a>tambi\u00e9n despertaba desde hace tiempo el inter\u00e9s de Urieta. La entrenadora del Araski destac\u00f3 su capacidad para jugar como cuatro abierta, su dureza defensiva, el trabajo en los bloqueos y su amenaza desde la l\u00ednea de tres puntos. <strong>\u201cNo necesita el bal\u00f3n para poder brillar, es muy dura en defensa<\/strong>, pone muy buenos bloqueos, tiene <strong>muy buena mano de tres <\/strong>y transmite mucho en la pista\u201d, resumi\u00f3 Made, que tambi\u00e9n elogi\u00f3 su \u201cgarra y pundonor\u201d.\n<\/p>\n<p class=\"article-body__text \">\n        La montenegrina afronta as\u00ed un nuevo reto despu\u00e9s de haber sido una de las protagonistas del ascenso del Azulmarino Palma. Su <strong>entendimiento con Stanacev<\/strong> tampoco es menor, ya que ambas ya <strong>coincidieron anteriormente en Bembibre<\/strong>. La propia base record\u00f3 esa experiencia y reconoci\u00f3 estar \u201cmuy contenta de tener este grupo de jugadoras conmigo\u201d.\n<\/p>\n<p>            <a href=\"https:\/\/www.noticiasdealava.eus\/araski\/2026\/06\/30\/kutxabank-araski-refuerza-kristina-rakovic-fichaje-11266587.html\" title=\"El Kutxabank Araski se refuerza con Kristina Rakovic\" class=\"new__media\" rel=\"nofollow noopener\" target=\"_blank\"><\/p>\n<p>                <img alt=\"El Kutxabank Araski se refuerza con Kristina Rakovic\" data-src=\"https:\/\/www.europesays.com\/es\/wp-content\/uploads\/2026\/09\/0ebe8cf8-a42f-448a-83ea-a1cdd6d23a34_16-9-aspect-ratio_default_0_x480y608.jpg\" class=\"lozad\"\/><\/p>\n<p>        <\/a><\/p>\n<p>        <a href=\"https:\/\/www.noticiasdealava.eus\/araski\/2026\/06\/30\/kutxabank-araski-refuerza-kristina-rakovic-fichaje-11266587.html\" title=\"El Kutxabank Araski se refuerza con Kristina Rakovic\" class=\"new__headline\" rel=\"nofollow noopener\" target=\"_blank\"><br \/>\n            El Kutxabank Araski se refuerza con Kristina Rakovic<br \/>\n        <\/a><\/p>\n<p class=\"article-body__text \">\n        Stanacev tambi\u00e9n valor\u00f3 positivamente las primeras semanas de trabajo en Vitoria. La serbia reconoci\u00f3 que hab\u00eda escuchado \u201cmuchas cosas buenas\u201d sobre el Araski y destac\u00f3 sus buenas sensaciones con Urieta y con el grupo. En cuanto al<strong> estilo de juego<\/strong>, apunt\u00f3 a la necesidad de ir creciendo con el paso de los partidos: <strong>\u201cQueremos correr, pero yo creo que todo viene de partido a partido, de leer situaciones\u201d.<\/strong>\n<\/p>\n<p class=\"article-body__text \">\n        La base serbia puso en valor la exigencia de una Liga Femenina Endesa cada vez m\u00e1s competitiva. Considera que<strong> \u201ccada equipo puede ganar a cualquiera\u201d<\/strong> y que ser\u00e1 fundamental mantener la concentraci\u00f3n durante toda la temporada.\n<\/p>\n<p class=\"article-body__text \">\n        Aun as\u00ed,<strong> se mostr\u00f3 ambiciosa<\/strong> con el nuevo proyecto: \u201cMe gusta mucho nuestra plantilla, <strong>me gusta que somos j\u00f3venes junto con la experiencia y creo que vamos a llegar muy lejos<\/strong>\u201d, concluy\u00f3.\u00a0\n<\/p>\n<p>            <script async src=\"https:\/\/platform.twitter.com\/widgets.js\" charset=\"utf-8\"><\/script><\/p>\n","protected":false},"excerpt":{"rendered":"Kutxabank Araski present\u00f3 este jueves a dos de sus nuevas incorporaciones para la pr\u00f3xima temporada en Liga Femenina&hellip;\n","protected":false},"author":2,"featured_media":746497,"comment_status":"","ping_status":"","sticky":false,"template":"","format":"standard","meta":{"footnotes":""},"categories":[269],"tags":[27966,299,298,168,67854,25,24,13030,524,132595,23,167,132596],"class_list":["post-746496","post","type-post","status-publish","format-standard","has-post-thumbnail","category-baloncesto","tag-araski","tag-baloncesto","tag-basketball","tag-deportes","tag-elevan","tag-es","tag-espana","tag-liston","tag-nuevo","tag-rakovic","tag-spain","tag-sports","tag-stanacev"],"share_on_mastodon":{"url":"https:\/\/pubeurope.com\/@es\/117210073662726867","error":""},"_links":{"self":[{"href":"https:\/\/www.europesays.com\/es\/wp-json\/wp\/v2\/posts\/746496","targetHints":{"allow":["GET"]}}],"collection":[{"href":"https:\/\/www.europesays.com\/es\/wp-json\/wp\/v2\/posts"}],"about":[{"href":"https:\/\/www.europesays.com\/es\/wp-json\/wp\/v2\/types\/post"}],"author":[{"embeddable":true,"href":"https:\/\/www.europesays.com\/es\/wp-json\/wp\/v2\/users\/2"}],"replies":[{"embeddable":true,"href":"https:\/\/www.europesays.com\/es\/wp-json\/wp\/v2\/comments?post=746496"}],"version-history":[{"count":0,"href":"https:\/\/www.europesays.com\/es\/wp-json\/wp\/v2\/posts\/746496\/revisions"}],"wp:featuredmedia":[{"embeddable":true,"href":"https:\/\/www.europesays.com\/es\/wp-json\/wp\/v2\/media\/746497"}],"wp:attachment":[{"href":"https:\/\/www.europesays.com\/es\/wp-json\/wp\/v2\/media?parent=746496"}],"wp:term":[{"taxonomy":"category","embeddable":true,"href":"https:\/\/www.europesays.com\/es\/wp-json\/wp\/v2\/categories?post=746496"},{"taxonomy":"post_tag","embeddable":true,"href":"https:\/\/www.europesays.com\/es\/wp-json\/wp\/v2\/tags?post=746496"}],"curies":[{"name":"wp","href":"https:\/\/api.w.org\/{rel}","templated":true}]}}