{"id":746510,"date":"2026-09-04T01:09:19","date_gmt":"2026-09-04T01:09:19","guid":{"rendered":"https:\/\/www.europesays.com\/es\/746510\/"},"modified":"2026-09-04T01:09:19","modified_gmt":"2026-09-04T01:09:19","slug":"real-betis-real-madrid-horario-y-donde-ver-el-partido-de-laliga-ea-sports-por-tv-y-en-directo","status":"publish","type":"post","link":"https:\/\/www.europesays.com\/es\/746510\/","title":{"rendered":"Real Betis &#8211; Real Madrid: horario y d\u00f3nde ver el partido de LaLiga EA Sports por TV y en directo"},"content":{"rendered":"<p class=\"ft-text\">El Real Madrid afronta este viernes 4 de septiembre<strong> uno de sus primeros desplazamientos complicados de la temporada en LaLiga EA Sports.<\/strong> Los blancos visitar\u00e1n al Real Betis en un encuentro correspondiente a la cuarta jornada del campeonato, que se disputar\u00e1 en el Estadio de La Cartuja. El conjunto madridista buscar\u00e1 mantener su pleno de victorias en el campeonato antes de afrontar su estreno en la Champions League.<\/p>\n<p class=\"ft-text\">El equipo dirigido por Jos\u00e9 Mourinho llega al encuentro con buenas sensaciones despu\u00e9s de imponerse al M\u00e1laga en el Santiago Bernab\u00e9u en la tercera jornada. El Madrid ha ganado sus tres primeros partidos de LaLiga y afronta su visita a Sevilla como uno de los l\u00edderes del campeonato. <strong>El duelo ante el Betis ser\u00e1, adem\u00e1s, el \u00faltimo compromiso liguero antes del esperado debut europeo frente al Inter de Mil\u00e1n<\/strong>, un encuentro que se jugar\u00e1 en el Santiago Bernab\u00e9u.<\/p>\n<p><img decoding=\"async\" src=\"https:\/\/www.europesays.com\/es\/wp-content\/uploads\/2026\/09\/97513dd1-a67e-4a5e-bf87-11fe42c1dce1_alta-libre-aspect-ratio_default_0_x600y225.jpg\" width=\"1200\" height=\"675\" alt=\"Jose Mourinho, entrenador de la AS Roma, habla con Manuel Pellegrini, del Real Betis\" class=\"ft-helper-img-rd\" loading=\"lazy\" fetchpriority=\"auto\"\/><\/p>\n<p class=\"ft-helper-fontColor-quaternary ft-helper-fontSize-body-S ft-helper-spacer-t-xxs\">Jose Mourinho habla con Manuel Pellegrini, del Real Betis  \/ Europa Press<\/p>\n<p class=\"ft-text\">El encuentro llega en un momento especial del calendario para ambos equipos, ya que<strong> tanto Real Madrid como Betis comenzar\u00e1n la pr\u00f3xima semana su participaci\u00f3n en la Champions League. <\/strong>El conjunto verdiblanco debutar\u00e1 el martes 8 de septiembre visitando al Lille, mientras que los blancos recibir\u00e1n ese mismo d\u00eda al Inter en el Santiago Bernab\u00e9u. De hecho, este es el motivo por el cual el partido de Liga se ha adelantado al viernes.<\/p>\n<p class=\"ft-text\"><strong>Enfrente estar\u00e1 un Betis que suma seis puntos despu\u00e9s de las tres primeras jornadas. <\/strong>El conjunto de Manuel Pellegrini comenz\u00f3 el campeonato con una victoria ante la Real Sociedad (1-0) y posteriormente se impuso al Valencia (0-1), aunque llega al duelo contra el Madrid despu\u00e9s de caer goleado ante el Levante (5-2). Los verdiblancos buscar\u00e1n reaccionar ante uno de los grandes favoritos al t\u00edtulo y hacerse fuertes ante su afici\u00f3n.<\/p>\n<p>El horario del Real Betis &#8211; Real Madrid<\/p>\n<p class=\"ft-text\">El partido entre el Real Betis y el Real Madrid se disputar\u00e1 <strong>este viernes 4 de septiembre a partir de las 21:00 horas<\/strong> en el Estadio de La Cartuja de Sevilla. El encuentro corresponde a la cuarta jornada de LaLiga EA Sports.<\/p>\n<p>D\u00f3nde ver el Real Betis &#8211; Real Madrid por TV y online<\/p>\n<p class=\"ft-text\">El encuentro de la cuarta jornada de LaLiga EA Sports entre el Real Betis y el Real Madrid ser\u00e1 emitido en directo por <strong>Movistar LALIGA<\/strong>.<\/p>\n<p class=\"ft-text\">En <strong>SPORT<\/strong>, ofreceremos todo lo que suceda en el partido entre <strong>el Real Betis y el Real Madrid<\/strong>, antes, durante y despu\u00e9s del encuentro, tambi\u00e9n con las reacciones y declaraciones de los protagonistas.<\/p>\n","protected":false},"excerpt":{"rendered":"El Real Madrid afronta este viernes 4 de septiembre uno de sus primeros desplazamientos complicados de la temporada&hellip;\n","protected":false},"author":2,"featured_media":746511,"comment_status":"","ping_status":"","sticky":false,"template":"","format":"standard","meta":{"footnotes":""},"categories":[93],"tags":[291,168,25,24,319,205,798,10286,23,167],"class_list":["post-746510","post","type-post","status-publish","format-standard","has-post-thumbnail","category-deportes","tag-betis","tag-deportes","tag-es","tag-espana","tag-horario","tag-madrid","tag-real","tag-real-betis","tag-spain","tag-sports"],"share_on_mastodon":{"url":"https:\/\/pubeurope.com\/@es\/117210105819772353","error":""},"_links":{"self":[{"href":"https:\/\/www.europesays.com\/es\/wp-json\/wp\/v2\/posts\/746510","targetHints":{"allow":["GET"]}}],"collection":[{"href":"https:\/\/www.europesays.com\/es\/wp-json\/wp\/v2\/posts"}],"about":[{"href":"https:\/\/www.europesays.com\/es\/wp-json\/wp\/v2\/types\/post"}],"author":[{"embeddable":true,"href":"https:\/\/www.europesays.com\/es\/wp-json\/wp\/v2\/users\/2"}],"replies":[{"embeddable":true,"href":"https:\/\/www.europesays.com\/es\/wp-json\/wp\/v2\/comments?post=746510"}],"version-history":[{"count":0,"href":"https:\/\/www.europesays.com\/es\/wp-json\/wp\/v2\/posts\/746510\/revisions"}],"wp:featuredmedia":[{"embeddable":true,"href":"https:\/\/www.europesays.com\/es\/wp-json\/wp\/v2\/media\/746511"}],"wp:attachment":[{"href":"https:\/\/www.europesays.com\/es\/wp-json\/wp\/v2\/media?parent=746510"}],"wp:term":[{"taxonomy":"category","embeddable":true,"href":"https:\/\/www.europesays.com\/es\/wp-json\/wp\/v2\/categories?post=746510"},{"taxonomy":"post_tag","embeddable":true,"href":"https:\/\/www.europesays.com\/es\/wp-json\/wp\/v2\/tags?post=746510"}],"curies":[{"name":"wp","href":"https:\/\/api.w.org\/{rel}","templated":true}]}}