{"id":746512,"date":"2026-09-04T01:10:17","date_gmt":"2026-09-04T01:10:17","guid":{"rendered":"https:\/\/www.europesays.com\/es\/746512\/"},"modified":"2026-09-04T01:10:17","modified_gmt":"2026-09-04T01:10:17","slug":"la-vacuna-contra-el-cancer-de-moderna-y-msd-generara-unas-ventas-de-1-000-m-impulsadas-por-los-tumores-pulmonares","status":"publish","type":"post","link":"https:\/\/www.europesays.com\/es\/746512\/","title":{"rendered":"La vacuna contra el c\u00e1ncer de Moderna y MSD generar\u00e1 unas ventas de 1.000 M impulsadas por los tumores pulmonares"},"content":{"rendered":"<p id=\"paragraph_1\">La vacuna de Moderna y MSD (la Merck americana)<a data-forcefollow=\"false\" data-sponsored=\"false\" href=\"https:\/\/www.elespanol.com\/invertia\/mercados\/20260819\/moderna-dispara-bolsa-anunciar-resultados-positivos-vacuna-melanoma\/1003744357576_0.html?utm_cmp_rs=linksinline\" rel=\"nofollow noopener\" target=\"_blank\"> contra el melanoma<\/a> -que se encuentra en fase III (\u00faltimo paso antes de pedir la autorizaci\u00f3n de comercializaci\u00f3n)- se est\u00e1 probando tambi\u00e9n <strong>para otros tipos de c\u00e1ncer como el de pulm\u00f3n.<\/strong><\/p>\n<p class=\"paragraph\" id=\"paragraph_2\">Los analistas prev\u00e9n que esta genere unas ventas<strong> de 1.000 millones de d\u00f3lares para 2031<\/strong> impulsadas fundamentalmente por el c\u00e1ncer de pulm\u00f3n. As\u00ed lo refleja un reciente informe elaborado por GlobalData.<\/p>\n<p class=\"paragraph\" id=\"paragraph_3\">\u00abSi bien el melanoma es hasta ahora la prueba de concepto, parece que Moderna<strong> est\u00e1 depositando su mayor apuesta en el c\u00e1ncer de pulm\u00f3n\u00bb<\/strong>, a\u00f1ade Israel Stern, analista de atenci\u00f3n m\u00e9dica de la consultora.<\/p>\n<p><img loading=\"lazy\" decoding=\"async\" alt=\"El ensayo cl\u00ednico incluy\u00f3 a 18 pacientes.\" height=\"240\" src=\"https:\/\/www.europesays.com\/es\/wp-content\/uploads\/2026\/09\/h:240&#038;h=i1MvJUzf.jpeg\" width=\"320\" data-lazy-status=\"processed\" data-lazy-info=\"remove loading item 1\"\/><\/p>\n<p class=\"paragraph\" id=\"paragraph_4\">En concreto, esta vacuna -que recibe el nombre t\u00e9cnico de <strong>intismeran<\/strong>&#8211;<a data-forcefollow=\"false\" data-sponsored=\"false\" href=\"https:\/\/www.elespanol.com\/ciencia\/20230127\/vacuna-cancer-moderna-da-primeras-muestras-eficacia\/731177088_0.html?utm_cmp_rs=linksinline\" rel=\"nofollow noopener\" target=\"_blank\"> se dirige a un tipo de c\u00e1ncer, el melanoma,<\/a> pero tambi\u00e9n hay ensayos en marcha frente al c\u00e1ncer de pulm\u00f3n, de vejiga o el carcinoma de c\u00e9lulas renales.<\/p>\n<p class=\"paragraph\" id=\"paragraph_5\">Cabe recordar que su principal objetivo<strong> es prevenir el regreso del c\u00e1ncer no su primera aparici\u00f3n.<\/strong><\/p>\n<p class=\"paragraph\" id=\"paragraph_6\">As\u00ed, intismeran se encuentra actualmente en tres ensayos simult\u00e1neos de fase III para el c\u00e1ncer de pulm\u00f3n de c\u00e9lulas no peque\u00f1as. Por un lado, como refuerzo tras la quimioterapia: <strong>combinada con el inmunoterap\u00e9utico pembrolizumab en pacientes que ya han recibido el tratamiento est\u00e1ndar.<\/strong><\/p>\n<p class=\"paragraph\" id=\"paragraph_7\">Por otro, se est\u00e1 probando en pacientes que no lograron una respuesta patol\u00f3gica completa, es decir,<strong> que no alcanzaron eliminar por completo las c\u00e9lulas tumorales tras la quimioterapia y la inmunoterapia previas a la operaci\u00f3n.<\/strong><\/p>\n<p><img decoding=\"async\" alt=\"Sedes ambas farmac\u00e9uticas. \" height=\"240\" loading=\"lazy\" width=\"320\" data-lazy-status=\"processed\" id=\"d6e923d5c7\" src=\"https:\/\/www.elespanol.com\/invertia\/observatorios\/sanidad\/20260904\/vacuna-cancer-moderna-msd-generara-ventas-impulsadas-tumores-pulmonares\/[\" https:=\"\" data-lazy-info=\"changed src\"\/><\/p>\n<p class=\"paragraph\" id=\"paragraph_8\">Y, por \u00faltimo, se est\u00e1 realizando un ensayo en pacientes con la enfermedad <strong>en fases iniciales pero con alto riesgo de reca\u00edda.<\/strong><\/p>\n<p class=\"paragraph\" id=\"paragraph_9\">Se espera que ambas compa\u00f1\u00edas hagan una presentaci\u00f3n completa <a data-forcefollow=\"false\" data-sponsored=\"false\" href=\"https:\/\/www.elespanol.com\/invertia\/observatorios\/sanidad\/20260823\/vacunas-cancer-enfilan-camino-exito-despues-decadas-fracasos\/1003744359770_0.html?utm_cmp_rs=linksinline\" rel=\"nofollow noopener\" target=\"_blank\">de los resultados de la vacuna<\/a> en el pr\u00f3ximo congreso de la Sociedad Europea de Oncolog\u00eda M\u00e9dica (ESMO) de oto\u00f1o de este a\u00f1o.<\/p>\n<p class=\"paragraph\" id=\"paragraph_10\">\u00abSuponiendo una aprobaci\u00f3n regulatoria poco despu\u00e9s<strong> y su lanzamiento podr\u00eda producirse a mediados de 2027&#8243;<\/strong>, prev\u00e9n desde GlobalData.<\/p>\n<p class=\"paragraph\" id=\"paragraph_11\">Adem\u00e1s, se est\u00e1n llevando a cabo estudios adicionales de fase I\/II en melanoma metast\u00e1sico, <strong>c\u00e1ncer de pulm\u00f3n de c\u00e9lulas no peque\u00f1as de tipo escamoso, vejiga, ri\u00f1\u00f3n<\/strong>, est\u00f3mago y otros tumores s\u00f3lidos.<\/p>\n<p class=\"paragraph\" id=\"paragraph_12\">Cuando se hizo oficial la noticia de los resultados positivos de la vacuna, varios analistas calcularon su impacto econ\u00f3mico.<\/p>\n<p class=\"paragraph\" id=\"paragraph_13\">Andrew Tsai, analista de Jefferies,<strong> proyect\u00f3 miles de millones de d\u00f3lares en ventas s\u00f3lo para la indicaci\u00f3n contra el melanoma.<\/strong><\/p>\n<p class=\"paragraph\" id=\"paragraph_14\">Por su parte, el analista Myles Minter, de William Blair, afirm\u00f3 que los resultados provisionales sit\u00faan a ambas compa\u00f1\u00edas en una buena posici\u00f3n para buscar la aprobaci\u00f3n regulatoria,<strong> al tiempo que tambi\u00e9n son positivos para los estudios de la vacuna en otros tipos de c\u00e1ncer.<\/strong><\/p>\n<p class=\"paragraph\" id=\"paragraph_15\">Hace unos meses, desde Barclays preve\u00edan que la terapia <strong>puede generar ventas anuales de alrededor de 3.000 millones de d\u00f3lares para 2035.<\/strong><\/p>\n<p>Competidores<\/p>\n<p class=\"paragraph\" id=\"paragraph_16\">Moderna no est\u00e1 sola en este \u00e1mbito: <strong>tiene varios competidores.<\/strong><\/p>\n<p class=\"paragraph\" id=\"paragraph_17\">La vacuna de la biofarmac\u00e9utica brit\u00e1nica Scancell (iSCIB1+) y la de la compa\u00f1\u00eda danesa de Evaxion (EVX-01)<strong> se encuentran en estudios de fase II para el melanoma metast\u00e1sico.<\/strong><\/p>\n<p><img decoding=\"async\" alt=\"Una sanitaria carga una jeringuilla con un vial.\" height=\"240\" loading=\"lazy\" width=\"320\" data-lazy-status=\"processed\" id=\"6ca89330d3\" src=\"https:\/\/www.elespanol.com\/invertia\/observatorios\/sanidad\/20260904\/vacuna-cancer-moderna-msd-generara-ventas-impulsadas-tumores-pulmonares\/[\" https:=\"\" data-lazy-info=\"changed src\"\/><\/p>\n<p class=\"paragraph\" id=\"paragraph_18\">Adem\u00e1s, Moderna tiene un rival muy directo: <a data-forcefollow=\"false\" data-sponsored=\"false\" href=\"https:\/\/www.elespanol.com\/invertia\/observatorios\/sanidad\/20260311\/cofundadores-biontech-pioneros-vacuna-covid-dejan-empresa-levantar-laboratorio-independiente\/1003744165168_0.html?utm_cmp_rs=linksinline\" rel=\"nofollow noopener\" target=\"_blank\">BioNTech.<\/a> La biotecnol\u00f3gica alemana tiene varios ensayos de fase II en marcha, <strong>el m\u00e1s avanzado para el c\u00e1ncer de p\u00e1ncreas.<\/strong><\/p>\n","protected":false},"excerpt":{"rendered":"La vacuna de Moderna y MSD (la Merck americana) contra el melanoma -que se encuentra en fase III&hellip;\n","protected":false},"author":2,"featured_media":746513,"comment_status":"","ping_status":"","sticky":false,"template":"","format":"standard","meta":{"footnotes":""},"categories":[92],"tags":[1066,25,24,165,6241,132600,8311,166,1811,81693,23,1454],"class_list":["post-746512","post","type-post","status-publish","format-standard","has-post-thumbnail","category-salud","tag-cancer","tag-es","tag-espana","tag-health","tag-melanoma","tag-merck-co","tag-observatorio-de-la-sanidad","tag-salud","tag-sanidad","tag-sanidad-industria","tag-spain","tag-vacunas"],"share_on_mastodon":{"url":"https:\/\/pubeurope.com\/@es\/117210109804268303","error":""},"_links":{"self":[{"href":"https:\/\/www.europesays.com\/es\/wp-json\/wp\/v2\/posts\/746512","targetHints":{"allow":["GET"]}}],"collection":[{"href":"https:\/\/www.europesays.com\/es\/wp-json\/wp\/v2\/posts"}],"about":[{"href":"https:\/\/www.europesays.com\/es\/wp-json\/wp\/v2\/types\/post"}],"author":[{"embeddable":true,"href":"https:\/\/www.europesays.com\/es\/wp-json\/wp\/v2\/users\/2"}],"replies":[{"embeddable":true,"href":"https:\/\/www.europesays.com\/es\/wp-json\/wp\/v2\/comments?post=746512"}],"version-history":[{"count":0,"href":"https:\/\/www.europesays.com\/es\/wp-json\/wp\/v2\/posts\/746512\/revisions"}],"wp:featuredmedia":[{"embeddable":true,"href":"https:\/\/www.europesays.com\/es\/wp-json\/wp\/v2\/media\/746513"}],"wp:attachment":[{"href":"https:\/\/www.europesays.com\/es\/wp-json\/wp\/v2\/media?parent=746512"}],"wp:term":[{"taxonomy":"category","embeddable":true,"href":"https:\/\/www.europesays.com\/es\/wp-json\/wp\/v2\/categories?post=746512"},{"taxonomy":"post_tag","embeddable":true,"href":"https:\/\/www.europesays.com\/es\/wp-json\/wp\/v2\/tags?post=746512"}],"curies":[{"name":"wp","href":"https:\/\/api.w.org\/{rel}","templated":true}]}}