{"id":746522,"date":"2026-09-04T01:15:20","date_gmt":"2026-09-04T01:15:20","guid":{"rendered":"https:\/\/www.europesays.com\/es\/746522\/"},"modified":"2026-09-04T01:15:20","modified_gmt":"2026-09-04T01:15:20","slug":"muere-ramon-espinar-primer-presidente-de-la-asamblea-de-madrid-y-condenado-por-las-tarjetas-black","status":"publish","type":"post","link":"https:\/\/www.europesays.com\/es\/746522\/","title":{"rendered":"Muere Ram\u00f3n Espinar, primer presidente de la Asamblea de Madrid y condenado por las tarjetas &#8216;black&#8217;"},"content":{"rendered":"<p><strong>Ram\u00f3n Espinar Gallego<\/strong>, primer presidente de la <a href=\"https:\/\/www.abc.es\/noticias\/asamblea-de-madrid\/\" title=\"\" data-voc-vtm-id=\"in-text-traffic\" data-mrf-link=\"www.abc.es\" rel=\"nofollow noopener\" target=\"_blank\">Asamblea de Madrid<\/a> y consejero de Cultura, Hacienda y tambi\u00e9n portavoz del Gobierno regional durante la Presidencia de Joaqu\u00edn Leguina, entre 1983 y 1995, ha fallecido este jueves tras una larga enfermedad. En 2017 fue condenado  &#8230; a un a\u00f1o de prisi\u00f3n por haberse beneficiado ilegalmente de una tarjeta &#8216;black&#8217;.<\/p>\n<p class=\"v-d-p\">As\u00ed lo ha dado a conocer en redes sociales su hijo <a href=\"https:\/\/www.abc.es\/noticias\/ramon-espinar\/\" title=\"\" data-voc-vtm-id=\"in-text-traffic\" data-mrf-link=\"www.abc.es\" rel=\"nofollow noopener\" target=\"_blank\">Ram\u00f3n Espinar<\/a>, exdirigente y exsenador de Podemos. \u00abEsta ma\u00f1ana ha muerto mi padre a los 72 a\u00f1os<strong> despu\u00e9s de una enfermedad larga y dura<\/strong>. Quienes han lidiado con la enfermedad degenerativa saben de lo que hablo. La familia, su pareja y yo estamos muy agradecidos a todos los que hab\u00e9is acompa\u00f1ado y dado cari\u00f1o. \u00c9l ya descansa\u00bb, ha escrito.<\/p>\n<p class=\"v-d-p\">Tambi\u00e9n lo ha recordado la presidenta madrile\u00f1a, <a href=\"https:\/\/www.abc.es\/noticias\/isabel-diaz-ayuso\/\" title=\"\" data-voc-vtm-id=\"in-text-traffic\" data-mrf-link=\"www.abc.es\" rel=\"nofollow noopener\" target=\"_blank\">Isabel D\u00edaz Ayuso<\/a>, a trav\u00e9s de su cuenta de X, donde ha lamentado su fallecimiento y <strong>ha trasladado el p\u00e9same a la familia<\/strong>. \u00abLa pol\u00edtica madrile\u00f1a pierde a Ram\u00f3n Espinar Gallego, primer presidente de la Asamblea de Madrid, alcalde de Legan\u00e9s y consejero del presidente Leguina\u00bb, ha trasladado.<\/p>\n<ul class=\"v-cmp-rld__u\">\n<li class=\"v-cmp-rld__l\">\n<p><a class=\"v-a-lnk\" href=\"http:\/\/www.abc.es\/espana\/ramon-espinar-llama-pedazo-mierda-pablo-iglesias-20260716165023-nt.html#vtm_modulosEngag=noticiasrelacionadas-cmp-uno:espana:noticia:1\" data-voc-vtm-id=\"in-text-traffic\" rel=\"nofollow noopener\" target=\"_blank\"><br \/>\n<img decoding=\"async\" loading=\"lazy\" src=\"https:\/\/www.europesays.com\/es\/wp-content\/uploads\/2026\/09\/1412773171-k2mF--366x256@diario_abc.jpg\" class=\"v-a-img\" width=\"258\" height=\"180\" alt=\"Ram\u00f3n Espinar llama \u00abpedazo de mierda\u00bb a Pablo Iglesias por atacar a su padre\"\/><br \/>\n<\/a><\/p>\n<\/li>\n<\/ul>\n<p class=\"v-d-p\">Tambi\u00e9n desde el Ayuntamiento de Legan\u00e9s han expresado su <strong>\u00abprofundo pesar\u00bb<\/strong> por el fallecimiento del que fue alcalde de la ciudad tras las primeras elecciones de la democracia. \u00abEn nombre de toda la corporaci\u00f3n municipal, [queremos] hacer llegar nuestras m\u00e1s sentidas condolencias y mandar todo nuestro \u00e1nimo a la familia y amigos\u00bb, han se\u00f1alado.<\/p>\n<blockquote class=\"twitter-tweet\">\n<p lang=\"es\" dir=\"ltr\">Esta ma\u00f1ana ha muerto mi padre a los 72 a\u00f1os despu\u00e9s de una enfermedad larga y dura. Quienes han lidiado con la enfermedad degenerativa saben de lo que hablo.<\/p>\n<p>La familia, su pareja y yo estamos muy agradecidos a todos los que hab\u00e9is acompa\u00f1ado y dado cari\u00f1o. \u00c9l ya descansa.<\/p>\n<p>\u2014 Ram\u00f3n Espinar \ud83c\uddf5\ud83c\uddf8 (@RamonEspinar) <a href=\"https:\/\/x.com\/RamonEspinar\/status\/2095451474398498827?ref_src=twsrc%5Etfw\" rel=\"nofollow\">September 3, 2026<\/a><\/p><\/blockquote>\n<blockquote class=\"twitter-tweet\">\n<p lang=\"es\" dir=\"ltr\">La pol\u00edtica madrile\u00f1a pierde a Ram\u00f3n Espinar Gallego, primer presidente de la Asamblea de Madrid, alcalde de Legan\u00e9s y consejero del presidente Leguina.<\/p>\n<p>Lamentamos su fallecimiento y trasladamos nuestro p\u00e9same a su familia. <a href=\"https:\/\/t.co\/PB8h6fhm5X\" rel=\"nofollow\">pic.twitter.com\/PB8h6fhm5X<\/a><\/p>\n<p>\u2014 Isabel D\u00edaz Ayuso (@IdiazAyuso) <a href=\"https:\/\/x.com\/IdiazAyuso\/status\/2095505267521679585?ref_src=twsrc%5Etfw\" rel=\"nofollow\">September 3, 2026<\/a><\/p><\/blockquote>\n<p>\nPresidente de la Asamblea y consejero de Leguina\n<\/p>\n<p class=\"v-d-p\">Ram\u00f3n Espinar form\u00f3 <strong>parte de Gobierno de Leguina<\/strong> y, de 1987 a 1991, fue consejero de Cultura y portavoz del Gobierno regional, mientras que de 1991 a 1995 ejerci\u00f3 el cargo de consejero de Hacienda.<\/p>\n<p class=\"v-d-p\">Licenciado en derecho, ejerci\u00f3 como abogado y trabaj\u00f3 como administrativo. Fue miembro del Comit\u00e9 Provincial de la <a href=\"https:\/\/www.abc.es\/noticias\/ugt-union-general-de-trabajadores\/\" title=\"\" data-voc-vtm-id=\"in-text-traffic\" data-mrf-link=\"www.abc.es\" rel=\"nofollow noopener\" target=\"_blank\">UGT<\/a> de Madrid y del Comit\u00e9 Regional de la Federaci\u00f3n Socialista Madrile\u00f1a a la que represent\u00f3 en el Comit\u00e9 Federal del PSOE. Adem\u00e1s, fue elegido alcalde de <a href=\"https:\/\/www.abc.es\/noticias\/leganes\/\" title=\"\" data-voc-vtm-id=\"in-text-traffic\" data-mrf-link=\"www.abc.es\" rel=\"nofollow noopener\" target=\"_blank\">Legan\u00e9s<\/a> en <strong>las primeras elecciones municipales de la democracia<\/strong>, celebradas en abril de 1979, y reelegido en mayo de 1983. Dej\u00f3 el cargo para incorporarse como diputado a la Asamblea de Madrid, seg\u00fan la Fundaci\u00f3n Pablo Iglesias.<\/p>\n<p class=\"v-d-p\">Durante su etapa como alcalde, form\u00f3 parte de la Comisi\u00f3n Ejecutiva de la Federaci\u00f3n Espa\u00f1ola de Municipios y Provincias. Fue diputado auton\u00f3mico por Madrid de 1983 a 1999 y presidente de la Asamblea entre 1983 y 1987. En 1995 dej\u00f3 la pol\u00edtica activa para dedicarse al ejercicio de la abogac\u00eda y fue presidente de la Asociaci\u00f3n Cultural Ideas, adem\u00e1s de ser, entre 2007 y 2010, <strong>consejero y vicepresidente de Caja Madrid<\/strong>.<\/p>\n<p class=\"v-d-p\">Precisamente a ra\u00edz de este \u00faltimo cargo, fue imputado por el esc\u00e1ndalo de las <strong>tarjetas &#8216;black&#8217;<\/strong>, en el que se vieron involucrados los consejeros de Caja Madrid, acusado de haberse beneficiado ilegalmente. En febrero de 2017 la Audiencia Nacional <strong>lo conden\u00f3 por ello a un a\u00f1o de prisi\u00f3n<\/strong>.<\/p>\n<p><script async src=\"https:\/\/platform.twitter.com\/widgets.js\" charset=\"utf-8\"><\/script><\/p>\n","protected":false},"excerpt":{"rendered":"Ram\u00f3n Espinar Gallego, primer presidente de la Asamblea de Madrid y consejero de Cultura, Hacienda y tambi\u00e9n portavoz&hellip;\n","protected":false},"author":2,"featured_media":746523,"comment_status":"","ping_status":"","sticky":false,"template":"","format":"standard","meta":{"footnotes":""},"categories":[8],"tags":[19345,1057,17,18,25174,25,24,18263,13,14,11,19,20,8938,9,10,15,16,1461,977,11082,23,21414,12,21,22],"class_list":["post-746522","post","type-post","status-publish","format-standard","has-post-thumbnail","category-espana","tag-asamblea","tag-black","tag-breaking-news","tag-breakingnews","tag-condenado","tag-es","tag-espana","tag-espinar","tag-featured-news","tag-featurednews","tag-headlines","tag-latest-news","tag-latestnews","tag-muere","tag-news","tag-noticias","tag-noticias-destacadas","tag-noticiasdestacadas","tag-presidente","tag-primer","tag-ramon","tag-spain","tag-tarjetas","tag-titulares","tag-ultimas-noticias","tag-ultimasnoticias"],"share_on_mastodon":{"url":"https:\/\/pubeurope.com\/@es\/117210128777827346","error":""},"_links":{"self":[{"href":"https:\/\/www.europesays.com\/es\/wp-json\/wp\/v2\/posts\/746522","targetHints":{"allow":["GET"]}}],"collection":[{"href":"https:\/\/www.europesays.com\/es\/wp-json\/wp\/v2\/posts"}],"about":[{"href":"https:\/\/www.europesays.com\/es\/wp-json\/wp\/v2\/types\/post"}],"author":[{"embeddable":true,"href":"https:\/\/www.europesays.com\/es\/wp-json\/wp\/v2\/users\/2"}],"replies":[{"embeddable":true,"href":"https:\/\/www.europesays.com\/es\/wp-json\/wp\/v2\/comments?post=746522"}],"version-history":[{"count":0,"href":"https:\/\/www.europesays.com\/es\/wp-json\/wp\/v2\/posts\/746522\/revisions"}],"wp:featuredmedia":[{"embeddable":true,"href":"https:\/\/www.europesays.com\/es\/wp-json\/wp\/v2\/media\/746523"}],"wp:attachment":[{"href":"https:\/\/www.europesays.com\/es\/wp-json\/wp\/v2\/media?parent=746522"}],"wp:term":[{"taxonomy":"category","embeddable":true,"href":"https:\/\/www.europesays.com\/es\/wp-json\/wp\/v2\/categories?post=746522"},{"taxonomy":"post_tag","embeddable":true,"href":"https:\/\/www.europesays.com\/es\/wp-json\/wp\/v2\/tags?post=746522"}],"curies":[{"name":"wp","href":"https:\/\/api.w.org\/{rel}","templated":true}]}}