{"id":746524,"date":"2026-09-04T01:16:13","date_gmt":"2026-09-04T01:16:13","guid":{"rendered":"https:\/\/www.europesays.com\/es\/746524\/"},"modified":"2026-09-04T01:16:13","modified_gmt":"2026-09-04T01:16:13","slug":"milei-mantuvo-una-corta-bilateral-con-kast-en-chile-la-mencion-por-el-estrecho-de-magallanes-a-horas-de-la-cadena-nacional-por-malvinas","status":"publish","type":"post","link":"https:\/\/www.europesays.com\/es\/746524\/","title":{"rendered":"Milei mantuvo una corta bilateral con Kast en Chile: la menci\u00f3n por el Estrecho de Magallanes a horas de la cadena nacional por Malvinas"},"content":{"rendered":"<p><img alt=\"El presidente Javier Milei se reuni\u00f3 este mediod\u00eda con su par de la Rep\u00fablica de Chile, Jos\u00e9 Antonio Kast, en el Palacio de La Moneda\" class=\"global-image\" decoding=\"async\" fetchpriority=\"high\" height=\"2773\" loading=\"eager\" src=\"https:\/\/www.europesays.com\/es\/wp-content\/uploads\/2026\/09\/TOIE72FU4JG4JBESZS7T46CHTI.jpg\" width=\"4160\"\/>El presidente Javier Milei se reuni\u00f3 con su par de Chile en el Palacio de la Moneda<\/p>\n<p>03 Sep, 2026 03:09 p. m. EST<\/p>\n<p class=\"paragraph\" data-paragraph-number=\"1\"><a href=\"https:\/\/www.infobae.com\/politica\/2026\/09\/03\/bajo-un-fuerte-hermetismo-y-en-medio-de-reclamos-economicos-milei-hablara-en-cadena-nacional-sobre-el-tema-malvinas\/\" target=\"_blank\" rel=\"noreferrer nofollow noopener\" title=\"https:\/\/www.infobae.com\/politica\/2026\/09\/03\/bajo-un-fuerte-hermetismo-y-en-medio-de-reclamos-economicos-milei-hablara-en-cadena-nacional-sobre-el-tema-malvinas\/\"><b>A horas de realizar su cadena nacional por el tema Malvinas<\/b><\/a><b>, el presidente Javier Milei se reuni\u00f3 cerca de este mediod\u00eda con su par chileno Jos\u00e9 Antonio Kast<\/b>. El encuentro se realiz\u00f3 en el Palacio de la Moneda y dur\u00f3 cerca de<b> 40 minutos<\/b>. Las tem\u00e1ticas abordadas durante la bilateral no fueron informadas de manera oficial pese a la expectativa que hab\u00eda porque se consignaran novedades en el di\u00e1logo por el control del <b>Estrecho de Magallanes<\/b>.<\/p>\n<p class=\"paragraph\" data-paragraph-number=\"2\"><b>Es la tercera vez que ambos presidentes se re\u00fanen en el a\u00f1o<\/b>, aunque la de este jueves fue la m\u00e1s breve de todas. El mandatario argentino lleg\u00f3 despu\u00e9s de las 11 a la sede del Poder Ejecutivo de Chile luego de exponer en el Foro de Madrid, un evento de la derecha latinoamericana que lo tuvo como el principal expositor. Milei lleg\u00f3 acompa\u00f1ado por la secretaria general de la Presidencia, <b>Karina Milei<\/b>, y el canciller <b>Pablo Quirno<\/b>.<\/p>\n<p class=\"paragraph\" data-paragraph-number=\"3\">Aunque el v\u00ednculo entre ambos presidentes es particularmente bueno, las gestualidades no sobreabundaron. Solo se realiz\u00f3 una foto protocolar en la recibida oficial y un acompa\u00f1amiento en la salida.<\/p>\n<p class=\"paragraph\" data-paragraph-number=\"4\">Las tem\u00e1ticas abordadas en el encuentro se mantienen con particular hermetismo, sobre todo desde el lado argentino. <b>Infobae <\/b>consult\u00f3 con la Casa Rosada y la Canciller\u00eda y no recibi\u00f3 respuestas precisas. En tanto, desde <b>Chile afirmaron que la controversia surgida por el Estrecho de Magallanes fue abordada particularmente por Kast<\/b>.<\/p>\n<p><img alt=\"El presidente Javier Milei se reuni\u00f3 este mediod\u00eda con su par de la Rep\u00fablica de Chile, Jos\u00e9 Antonio Kast, en el Palacio de La Moneda\" class=\"global-image\" decoding=\"async\" fetchpriority=\"low\" height=\"2773\" loading=\"lazy\" src=\"https:\/\/www.europesays.com\/es\/wp-content\/uploads\/2026\/09\/EQPUXWILDJCP3IKNR7CUYDFWSA.jpg\" width=\"4160\"\/>Javier Milei, Jos\u00e9 Antonio Kast y la primera dama, Mar\u00eda P\u00eda Adriasola<\/p>\n<p class=\"paragraph\" data-paragraph-number=\"5\">En el plano pol\u00edtico, el gobierno chileno le hizo una petici\u00f3n a sus pares trasandinos para que se propicie la extradici\u00f3n de<b> <\/b><a href=\"https:\/\/www.infobae.com\/tag\/galvarino-apablaza\/\" target=\"_blank\" rel=\"noreferrer nofollow noopener\" title=\"https:\/\/www.infobae.com\/tag\/galvarino-apablaza\/\"><b>Galvarino Apablaza<\/b><\/a>, procesado como autor intelectual del asesinato del entonces senador, Jaime Guzm\u00e1n, y de haber participado del secuestro de Cristi\u00e1n Edwards, hijo de <b>Agust\u00edn Edwards<\/b>, propietario del diario El Mercurio.<\/p>\n<p class=\"paragraph\" data-paragraph-number=\"6\">Se trata de un pedido realizado por la Directiva Nacional de la Uni\u00f3n Dem\u00f3crata Independiente (UDI), el partido al que estuvo afiliado Kast durante 20 a\u00f1os. A comienzos de a\u00f1o, el exguerrillero chileno solicit\u00f3, a trav\u00e9s de su abogado, Rodolfo Yanz\u00f3n, un documento en la ONU donde rechaza la detenci\u00f3n ordenada por la justicia argentina.<\/p>\n<p class=\"paragraph\" data-paragraph-number=\"7\">En el encuentro habr\u00edan sido temas de conversaci\u00f3n asuntos vinculados a las inversiones econ\u00f3micas en materia de energ\u00eda y miner\u00eda, as\u00ed como la cooperaci\u00f3n en materia de pasos fronterizos.<\/p>\n<p class=\"paragraph\" data-paragraph-number=\"8\">El encuentro entre ambos presidentes no se dio en un contexto cualquiera. A lo largo de los \u00faltimos meses, diferentes funcionarios argentinos vinculados al \u00e1mbito de la defensa afirmaron que si bien el espacio mar\u00edtimo del Estrecho de Magallanes es chileno, la boca que una Cabo V\u00edrgenes con Punta D\u00fangenes y de ese tramo hacia el Este, <b>es argentina<\/b>. Esa declaraci\u00f3n fue esgrimida en abril por el jefe del Servicio de Hidrograf\u00eda Naval de Argentina, contraalmirante Hern\u00e1n Montero, y replicada meses despu\u00e9s por el jefe de la Fuerza A\u00e9rea Argentina, Gustavo Valverde, mencionando a ese canal como una zona donde la Argentina debe mantener su soberan\u00eda.<\/p>\n<p class=\"paragraph\" data-paragraph-number=\"9\">Aquellas declaraciones tuvieron un fuerte impacto en Chile. Ayer por la tarde, Kast afirm\u00f3 en <b>Punta Arenas<\/b> que <b>Argentina \u201cno tiene ni tendr\u00e1 jam\u00e1s soberan\u00eda ni control sobre el Estrecho de Magallanes\u201d<\/b>. El mandatario chileno sostuvo que la situaci\u00f3n est\u00e1 resuelta por los tratados internacionales y descart\u00f3 exigir la derogaci\u00f3n del decreto 457 firmado en 2021 por el entonces presidente <b>Alberto Fern\u00e1ndez<\/b>, el cual califica el estrecho como una zona de soberan\u00eda compartida.<\/p>\n<p class=\"paragraph\" data-paragraph-number=\"10\">Durante su participaci\u00f3n en el <b>Navy Day<\/b>, una actividad organizada por la <b>Armada de Chile<\/b> en la Base Aeronaval de <b>Punta Arenas<\/b>, Kast fue consultado por la pertinencia de que <b>Argentina<\/b> suscriba un documento para dejar sin efecto ese decreto. Su respuesta apunt\u00f3 a remarcar que, a juicio del Gobierno chileno, la discusi\u00f3n sobre <b>Magallanes<\/b> ya qued\u00f3 definida por los acuerdos vigentes.<\/p>\n<p><img alt=\"Dos mapas lado a lado muestran las fronteras mar\u00edtimas del Estrecho de Magallanes entre Chile y Argentina, con diferencias claras en la secci\u00f3n este, cerca del Atl\u00e1ntico\" class=\"global-image\" decoding=\"async\" fetchpriority=\"low\" height=\"1473\" loading=\"lazy\" src=\"https:\/\/www.europesays.com\/es\/wp-content\/uploads\/2026\/09\/P3RYWVDWPFFVTI3T6KA2CGOGQQ.jpg\" width=\"1920\"\/>Una comparaci\u00f3n cartogr\u00e1fica ilustra las diferentes interpretaciones de Chile y Argentina sobre los l\u00edmites mar\u00edtimos en el Estrecho de Magallanes, destacando la zona en disputa.<\/p>\n<p class=\"paragraph\" data-paragraph-number=\"11\">\u201c<b>Argentina no tiene ni tendr\u00e1 jam\u00e1s soberan\u00eda ni control sobre el Estrecho de Magallanes<\/b>\u201d, afirm\u00f3. En la misma intervenci\u00f3n, agreg\u00f3 que <b>\u201clos tratados internacionales establecen muy bien la soberan\u00eda de Chile\u201d<\/b>. Horas antes, el vicepresidente del Senado chileno, Iv\u00e1n Moreira, asegur\u00f3 tener informaci\u00f3n de que Milei no firmar\u00e1 la revocaci\u00f3n del documento.<\/p>\n<p class=\"paragraph\" data-paragraph-number=\"12\">En sus declaraciones, Kast tambi\u00e9n puso el foco en el estado de los v\u00ednculos regionales y sostuvo que <b>Chile mantiene \u201cmuy buenas relaciones con los pa\u00edses vecinos\u201d<\/b>.<\/p>\n<p class=\"paragraph\" data-paragraph-number=\"13\"><a href=\"https:\/\/www.infobae.com\/politica\/2026\/09\/03\/javier-milei-el-gobierno-de-macri-se-dejo-correr-por-los-que-tiraron-piedras-nosotros-no-lo-vamos-a-hacer-no-vamos-a-ceder-un-apice-en-nuestras-politicas\/\" target=\"_blank\" rel=\"noreferrer nofollow noopener\" title=\"https:\/\/www.infobae.com\/politica\/2026\/09\/03\/javier-milei-el-gobierno-de-macri-se-dejo-correr-por-los-que-tiraron-piedras-nosotros-no-lo-vamos-a-hacer-no-vamos-a-ceder-un-apice-en-nuestras-politicas\/\">Durante el <b>Foro de Madrid<\/b> celebrado en <b>Santiago de Chile<\/b>, el presidente argentino <b>Javier Milei<\/b> reivindic\u00f3 el derrocamiento de <b>Salvador Allende<\/b><\/a> y sostuvo que ese hecho \u201cdio inicio a un per\u00edodo de estabilidad y crecimiento por m\u00e1s de cuarenta a\u00f1os\u201d. El aval al golpe de Estado de 1973 fue parte de un repaso que Milei hizo de la historia pol\u00edtica chilena para luego pedir unidad dentro de la derecha y, as\u00ed, llamar a enfrentar a la izquierda. \u201cPoco a poco les hemos demostrado que no les tenemos miedo\u201d, cerr\u00f3 ante los presentes.<\/p>\n","protected":false},"excerpt":{"rendered":"El presidente Javier Milei se reuni\u00f3 con su par de Chile en el Palacio de la Moneda 03&hellip;\n","protected":false},"author":2,"featured_media":746525,"comment_status":"","ping_status":"","sticky":false,"template":"","format":"standard","meta":{"footnotes":""},"categories":[5],"tags":[283,1619,17,18,54034,2047,132603,25,24,130009,13,14,13804,11,19,20,132602,9,10,15,16,22009,23,12,21,22],"class_list":["post-746524","post","type-post","status-publish","format-standard","has-post-thumbnail","category-titulares","tag-argentina","tag-atlantico","tag-breaking-news","tag-breakingnews","tag-cartografia","tag-chile","tag-disputa-territorial","tag-es","tag-espana","tag-estrecho-de-magallanes","tag-featured-news","tag-featurednews","tag-geopolitica","tag-headlines","tag-latest-news","tag-latestnews","tag-limites-maritimos","tag-news","tag-noticias","tag-noticias-destacadas","tag-noticiasdestacadas","tag-patagonia","tag-spain","tag-titulares","tag-ultimas-noticias","tag-ultimasnoticias"],"share_on_mastodon":{"url":"https:\/\/pubeurope.com\/@es\/117210132635548518","error":""},"_links":{"self":[{"href":"https:\/\/www.europesays.com\/es\/wp-json\/wp\/v2\/posts\/746524","targetHints":{"allow":["GET"]}}],"collection":[{"href":"https:\/\/www.europesays.com\/es\/wp-json\/wp\/v2\/posts"}],"about":[{"href":"https:\/\/www.europesays.com\/es\/wp-json\/wp\/v2\/types\/post"}],"author":[{"embeddable":true,"href":"https:\/\/www.europesays.com\/es\/wp-json\/wp\/v2\/users\/2"}],"replies":[{"embeddable":true,"href":"https:\/\/www.europesays.com\/es\/wp-json\/wp\/v2\/comments?post=746524"}],"version-history":[{"count":0,"href":"https:\/\/www.europesays.com\/es\/wp-json\/wp\/v2\/posts\/746524\/revisions"}],"wp:featuredmedia":[{"embeddable":true,"href":"https:\/\/www.europesays.com\/es\/wp-json\/wp\/v2\/media\/746525"}],"wp:attachment":[{"href":"https:\/\/www.europesays.com\/es\/wp-json\/wp\/v2\/media?parent=746524"}],"wp:term":[{"taxonomy":"category","embeddable":true,"href":"https:\/\/www.europesays.com\/es\/wp-json\/wp\/v2\/categories?post=746524"},{"taxonomy":"post_tag","embeddable":true,"href":"https:\/\/www.europesays.com\/es\/wp-json\/wp\/v2\/tags?post=746524"}],"curies":[{"name":"wp","href":"https:\/\/api.w.org\/{rel}","templated":true}]}}