{"id":746556,"date":"2026-09-04T01:39:14","date_gmt":"2026-09-04T01:39:14","guid":{"rendered":"https:\/\/www.europesays.com\/es\/746556\/"},"modified":"2026-09-04T01:39:14","modified_gmt":"2026-09-04T01:39:14","slug":"detenido-un-marroqui-en-ceuta-por-intentar-agredir-a-un-soldado-de-regulares-con-un-cuchillo","status":"publish","type":"post","link":"https:\/\/www.europesays.com\/es\/746556\/","title":{"rendered":"Detenido un marroqu\u00ed en Ceuta por intentar agredir a un soldado de Regulares con un cuchillo"},"content":{"rendered":"<p>Un marroqu\u00ed ha sido detenido en Ceuta tras intentar apu\u00f1alar a uno de los soldados de Regulares que se encontraba patrullando en la zona del puerto. Seg\u00fan ha informado El Faro de Ceuta, \u00abpudo ser una desgracia\u00bb, pero la r\u00e1pida intervenci\u00f3n de componentes del Grupo de Regulares n\u00famero 54 de la ciudad \u00abevit\u00f3 males mayores\u00bb.<\/p>\n<p>Tal y como han confirmado fuentes policiales al medio citado, el suceso se produjo en torno a las dos de la tarde. Todo comenz\u00f3 cuando <b>varios efectivos que estaban de servicio recibieron el aviso de un trabajador de un almac\u00e9n<\/b>, quien advirti\u00f3 de que un inmigrante estaba amenazando a otras personas con un palo.<\/p>\n<p>Justo en ese momento, los miembros de Regulares llevaron a cabo una batida por la zona, donde encontraron a un individuo que reun\u00eda las mismas caracter\u00edsticas que aport\u00f3 el trabajador.<\/p>\n<p>Actuaci\u00f3n inmediata<\/p>\n<p>Uno de los efectivos le dio el alto, pero el migrante emprendi\u00f3 la <b>huida por el puerto<\/b>. El soldado lo persigui\u00f3 hasta llegar a un callej\u00f3n del puerto, acompa\u00f1ado de otros del grupo.<\/p>\n<p>El ya detenido se sinti\u00f3 acorralado y su respuesta fue arremeter contra uno de los efectivos, <b>esgrimi\u00e9ndole un arma blanca<\/b> que sac\u00f3 de entre sus ropas con el objetivo de intimidarlo.<\/p>\n<p>Gracias a la actuaci\u00f3n inmediata de la patrulla, se pudo controlar la situaci\u00f3n, reducir y detener al sujeto, a quien <b>lograron quitar el cuchillo justo cuando lo ten\u00eda en la mano para atacarle.<\/b><\/p>\n","protected":false},"excerpt":{"rendered":"Un marroqu\u00ed ha sido detenido en Ceuta tras intentar apu\u00f1alar a uno de los soldados de Regulares que&hellip;\n","protected":false},"author":2,"featured_media":746557,"comment_status":"","ping_status":"","sticky":false,"template":"","format":"standard","meta":{"footnotes":""},"categories":[8],"tags":[11971,17,18,4486,25,24,13,14,11,590,19,20,23480,9,10,15,16,23,12,21,22],"class_list":["post-746556","post","type-post","status-publish","format-standard","has-post-thumbnail","category-espana","tag-agresion","tag-breaking-news","tag-breakingnews","tag-ceuta","tag-es","tag-espana","tag-featured-news","tag-featurednews","tag-headlines","tag-inmigracion","tag-latest-news","tag-latestnews","tag-militares","tag-news","tag-noticias","tag-noticias-destacadas","tag-noticiasdestacadas","tag-spain","tag-titulares","tag-ultimas-noticias","tag-ultimasnoticias"],"share_on_mastodon":{"url":"https:\/\/pubeurope.com\/@es\/117210222919021792","error":""},"_links":{"self":[{"href":"https:\/\/www.europesays.com\/es\/wp-json\/wp\/v2\/posts\/746556","targetHints":{"allow":["GET"]}}],"collection":[{"href":"https:\/\/www.europesays.com\/es\/wp-json\/wp\/v2\/posts"}],"about":[{"href":"https:\/\/www.europesays.com\/es\/wp-json\/wp\/v2\/types\/post"}],"author":[{"embeddable":true,"href":"https:\/\/www.europesays.com\/es\/wp-json\/wp\/v2\/users\/2"}],"replies":[{"embeddable":true,"href":"https:\/\/www.europesays.com\/es\/wp-json\/wp\/v2\/comments?post=746556"}],"version-history":[{"count":0,"href":"https:\/\/www.europesays.com\/es\/wp-json\/wp\/v2\/posts\/746556\/revisions"}],"wp:featuredmedia":[{"embeddable":true,"href":"https:\/\/www.europesays.com\/es\/wp-json\/wp\/v2\/media\/746557"}],"wp:attachment":[{"href":"https:\/\/www.europesays.com\/es\/wp-json\/wp\/v2\/media?parent=746556"}],"wp:term":[{"taxonomy":"category","embeddable":true,"href":"https:\/\/www.europesays.com\/es\/wp-json\/wp\/v2\/categories?post=746556"},{"taxonomy":"post_tag","embeddable":true,"href":"https:\/\/www.europesays.com\/es\/wp-json\/wp\/v2\/tags?post=746556"}],"curies":[{"name":"wp","href":"https:\/\/api.w.org\/{rel}","templated":true}]}}