{"id":746570,"date":"2026-09-04T01:51:25","date_gmt":"2026-09-04T01:51:25","guid":{"rendered":"https:\/\/www.europesays.com\/es\/746570\/"},"modified":"2026-09-04T01:51:25","modified_gmt":"2026-09-04T01:51:25","slug":"una-ocasion-unica-para-ver-y-comprar-las-obras-del-concurso-de-pintura-inazio-iriarte-en-azkoitia-a-partir-del-viernes","status":"publish","type":"post","link":"https:\/\/www.europesays.com\/es\/746570\/","title":{"rendered":"Una ocasi\u00f3n \u00fanica para ver y comprar las obras del concurso de pintura Inazio Iriarte en Azkoitia a partir del viernes"},"content":{"rendered":"<p>\n        Las paredes de <strong>Portaleburu<\/strong> acoger\u00e1n a partir de este pr\u00f3ximo <strong>viernes, 5 de septiembre,<\/strong> la exposici\u00f3n de los trabajos participantes en el <strong>43.\u00ba Concurso de Pintura Inazio Iriarte<\/strong>, celebrado el pasado 17 de agosto, coincidiendo con las fiestas de<strong> Andra Mari<\/strong> en <a href=\"https:\/\/www.noticiasdegipuzkoa.eus\/tags\/azkoitia\/\" title=\"Azkoitia\" target=\"_blank\" class=\"link copy\" rel=\"nofollow noopener\">Azkoitia<\/a>.\n<\/p>\n<p>  24 participantes<\/p>\n<p class=\"article-body__text \">\n        Un total de 24 pintores respondieron a la convocatoria del <a href=\"https:\/\/azkoitia.eus\/es\" title=\"Ayuntamiento de Azkoitia\" rel=\"nofollow noopener\" target=\"_blank\" class=\"link copy\">Ayuntamiento de Azkoitia<\/a> para tomar parte en este veterano concurso.\n<\/p>\n<p class=\"article-body__text \">\n        Durante varias horas, buscaron elementos de inspiraci\u00f3n en las calles y entre las personas de Azkoitia para plasmarlos en el lienzo y ganarse el favor del <a href=\"https:\/\/www.noticiasdegipuzkoa.eus\/tags\/jurado\/\" title=\"jurado\" target=\"_blank\" class=\"link copy\" rel=\"nofollow noopener\">jurado<\/a> con su obra.\n<\/p>\n<p>  El primer premio, a Granada<\/p>\n<p class=\"article-body__text \">\n        Por desgracia, cada a\u00f1o los elegidos son unos pocos y, en esta ocasi\u00f3n, quien obtuvo el reconocimiento del jurado y los 1.350 euros con los que estaba dotado el primer premio fue el pintor granadino <strong>Adri\u00e1n Marmolejo<\/strong>.\n<\/p>\n<p class=\"article-body__text \">\n        El segundo lugar y los 1.000 euros de premio fueron a parar a manos del <a href=\"https:\/\/www.noticiasdegipuzkoa.eus\/tags\/araba\/\" title=\"alav\u00e9s\" target=\"_blank\" class=\"link copy\" rel=\"nofollow noopener\">alav\u00e9s<\/a> F<strong>ernando Ureta<\/strong>, mientras que el tercer premio, dotado con 500 euros, recay\u00f3 en el pintor de Mungia <strong>Carlos Uriagereka<\/strong>.\n<\/p>\n<p>  Dos fines de semana<\/p>\n<p class=\"article-body__text \">\n        Los que quieran admirar tanto las obras premiadas como el resto de los trabajos presentados al concurso lo podr\u00e1n hacer en<a href=\"https:\/\/www.noticiasdegipuzkoa.eus\/gipuzkoa\/2022\/05\/29\/azkoitia-estrena-sala-muestras-obra-5756700.html\" title=\"Portaleburu\" target=\"_blank\" class=\"link copy\" rel=\"nofollow noopener\"> Portaleburu<\/a> a partir del viernes en una muestra en la que, adem\u00e1s de admirar las pinturas, habr\u00e1 oportunidad de adquirirlas por un m\u00e1ximo de<strong> 500 euros<\/strong>.\n<\/p>\n<p class=\"article-body__text \">\n        La sala podr\u00e1 visitarse durante los dos pr\u00f3ximos fines de semana los <strong>viernes<\/strong> (18.00-20.00), los <strong>s\u00e1bados<\/strong> (12.00-14.00 y 18.00-20.00) y los <strong>domingos<\/strong> (12.00-14.00).<\/p>\n","protected":false},"excerpt":{"rendered":"Las paredes de Portaleburu acoger\u00e1n a partir de este pr\u00f3ximo viernes, 5 de septiembre, la exposici\u00f3n de los&hellip;\n","protected":false},"author":2,"featured_media":746571,"comment_status":"","ping_status":"","sticky":false,"template":"","format":"standard","meta":{"footnotes":""},"categories":[173],"tags":[229,233,231,230,132617,61309,4023,232,234,146,147,25,24,132618,503,132619,532,23],"class_list":["post-746570","post","type-post","status-publish","format-standard","has-post-thumbnail","category-arte-y-diseno","tag-arte","tag-arte-y-diseno","tag-arts","tag-arts-and-design","tag-asdfjklasdfjkasdf","tag-azkoitia","tag-concurso","tag-design","tag-diseno","tag-entertainment","tag-entretenimiento","tag-es","tag-espana","tag-inazio-iriarte","tag-pintura","tag-portaleburu","tag-premios","tag-spain"],"share_on_mastodon":{"url":"https:\/\/pubeurope.com\/@es\/117210269984261546","error":""},"_links":{"self":[{"href":"https:\/\/www.europesays.com\/es\/wp-json\/wp\/v2\/posts\/746570","targetHints":{"allow":["GET"]}}],"collection":[{"href":"https:\/\/www.europesays.com\/es\/wp-json\/wp\/v2\/posts"}],"about":[{"href":"https:\/\/www.europesays.com\/es\/wp-json\/wp\/v2\/types\/post"}],"author":[{"embeddable":true,"href":"https:\/\/www.europesays.com\/es\/wp-json\/wp\/v2\/users\/2"}],"replies":[{"embeddable":true,"href":"https:\/\/www.europesays.com\/es\/wp-json\/wp\/v2\/comments?post=746570"}],"version-history":[{"count":0,"href":"https:\/\/www.europesays.com\/es\/wp-json\/wp\/v2\/posts\/746570\/revisions"}],"wp:featuredmedia":[{"embeddable":true,"href":"https:\/\/www.europesays.com\/es\/wp-json\/wp\/v2\/media\/746571"}],"wp:attachment":[{"href":"https:\/\/www.europesays.com\/es\/wp-json\/wp\/v2\/media?parent=746570"}],"wp:term":[{"taxonomy":"category","embeddable":true,"href":"https:\/\/www.europesays.com\/es\/wp-json\/wp\/v2\/categories?post=746570"},{"taxonomy":"post_tag","embeddable":true,"href":"https:\/\/www.europesays.com\/es\/wp-json\/wp\/v2\/tags?post=746570"}],"curies":[{"name":"wp","href":"https:\/\/api.w.org\/{rel}","templated":true}]}}