{"id":746574,"date":"2026-09-04T01:54:19","date_gmt":"2026-09-04T01:54:19","guid":{"rendered":"https:\/\/www.europesays.com\/es\/746574\/"},"modified":"2026-09-04T01:54:19","modified_gmt":"2026-09-04T01:54:19","slug":"el-nino-del-baby-shark-debuta-como-cantante-de-k-pop-geonroung-park-presenta-su-primer-sencillo","status":"publish","type":"post","link":"https:\/\/www.europesays.com\/es\/746574\/","title":{"rendered":"El ni\u00f1o del &#8216;Baby Shark&#8217; debuta como cantante de K-pop: Geonroung Park presenta su primer sencillo"},"content":{"rendered":"<p class=\"c-paragraph\">Si hubo una canci\u00f3n que se convirti\u00f3 en el \u00e9xito indiscutible infantil all\u00e1 por 2016, esa fue Baby Shark. Con una letra simple, repetitiva y un baile perfecto para todas las edades,<b> el tema acab\u00f3 convirti\u00e9ndose en el v\u00eddeo m\u00e1s visto de la historia de <a href=\"https:\/\/www.20minutos.es\/tags\/temas\/youtube.html\" title=\"YouTube\" rel=\"nofollow noopener\" target=\"_blank\">YouTube<\/a>.<\/b> Pero ahora, diez a\u00f1os despu\u00e9s, el ni\u00f1o surcoreano que protagoniz\u00f3 el videoclip ya es todo un adolescente.\u00a0<\/p>\n<p class=\"c-paragraph\">Geonroung Park ten\u00eda apenas siete a\u00f1os cuando se hizo viral y ahora, a sus 17, <b>ha querido dar un paso m\u00e1s en su carrera musical<\/b>. Como as\u00ed destac\u00f3, ha llegado el momento de decir adi\u00f3s a su infancia y ahora lucha para convertirse en toda una estrella de<a href=\"https:\/\/www.20minutos.es\/tags\/temas\/k-pop.html\" title=\"K-Pop\" rel=\"nofollow noopener\" target=\"_blank\"> K-pop<\/a>. As\u00ed, con su primer sencillo, Wave, el joven debut\u00f3 el pasado mes de agosto.\u00a0<\/p>\n<p class=\"c-paragraph\">\u00abTodav\u00eda me resulta surrealista que algo que <b>grab\u00e9 por diversi\u00f3n cuando era ni\u00f1o<\/b> siga siendo recordado por tanta gente en todo el mundo casi diez a\u00f1os despu\u00e9s\u00bb, asegur\u00f3 el cantante en una entrevista para EFE. Por ello, a pesar de que la nueva canci\u00f3n recupera ciertos detalles de aquella puesta en escena, ahora Park busca tener una imagen propia.<\/p>\n<p class=\"c-paragraph\">Siguiendo los estilismos propios del g\u00e9nero, reapareci\u00f3 con un estilo juvenil, ropa a la moda y cabello oscuro para pasar de ser el \u00abni\u00f1o de Baby Shark\u00bb. Aunque no se averg\u00fcenza de su pasado. \u00abUn recuerdo que a\u00fan conservo es que, incluso despu\u00e9s de que terminara el rodaje,<b> la canci\u00f3n de Baby Shark se me qued\u00f3 grabada en la cabeza<\/b> y me sorprend\u00eda tarare\u00e1ndola sin darme cuenta\u00bb, recalc\u00f3.\u00a0<\/p>\n<p class=\"c-paragraph\">De hecho, el t\u00edtulo de la canci\u00f3n Wave, se traduce como \u00abola\u00bb y hace referencias a su infancia. \u00abDe aquella peque\u00f1a ola creci\u00f3 hasta convertirse en algo mucho mayor de lo que pude imaginar, hasta llegar a este nuevo punto de partida como Baby Shark Boy. <b>Tambi\u00e9n me pareci\u00f3 divertido y significativo <\/b>el hecho de que el ni\u00f1o peque\u00f1o que una vez bail\u00f3 al ritmo de esa canci\u00f3n creciera y ahora compartiera una nueva canci\u00f3n con su propia voz\u00bb, confes\u00f3.<\/p>\n<p class=\"c-paragraph\">Adem\u00e1s, tambi\u00e9n planea presentar un documental narrando c\u00f3mo vivi\u00f3 la fama. \u00ab<b>Me gustar\u00eda mostrarle a la gente que aquel ni\u00f1o peque\u00f1o que recuerdan se ha convertido en alguien con voz e historia propias<\/b>\u00ab, finaliz\u00f3 en su entrevista.\u00a0<\/p>\n","protected":false},"excerpt":{"rendered":"Si hubo una canci\u00f3n que se convirti\u00f3 en el \u00e9xito indiscutible infantil all\u00e1 por 2016, esa fue Baby&hellip;\n","protected":false},"author":2,"featured_media":746575,"comment_status":"","ping_status":"","sticky":false,"template":"","format":"standard","meta":{"footnotes":""},"categories":[170],"tags":[26414,4328,146,147,25,24,10648,184,185,899,68162,23],"class_list":["post-746574","post","type-post","status-publish","format-standard","has-post-thumbnail","category-musica","tag-baby","tag-cantante","tag-entertainment","tag-entretenimiento","tag-es","tag-espana","tag-k","tag-music","tag-musica","tag-nino","tag-shark","tag-spain"],"share_on_mastodon":{"url":"https:\/\/pubeurope.com\/@es\/117210281932352987","error":""},"_links":{"self":[{"href":"https:\/\/www.europesays.com\/es\/wp-json\/wp\/v2\/posts\/746574","targetHints":{"allow":["GET"]}}],"collection":[{"href":"https:\/\/www.europesays.com\/es\/wp-json\/wp\/v2\/posts"}],"about":[{"href":"https:\/\/www.europesays.com\/es\/wp-json\/wp\/v2\/types\/post"}],"author":[{"embeddable":true,"href":"https:\/\/www.europesays.com\/es\/wp-json\/wp\/v2\/users\/2"}],"replies":[{"embeddable":true,"href":"https:\/\/www.europesays.com\/es\/wp-json\/wp\/v2\/comments?post=746574"}],"version-history":[{"count":0,"href":"https:\/\/www.europesays.com\/es\/wp-json\/wp\/v2\/posts\/746574\/revisions"}],"wp:featuredmedia":[{"embeddable":true,"href":"https:\/\/www.europesays.com\/es\/wp-json\/wp\/v2\/media\/746575"}],"wp:attachment":[{"href":"https:\/\/www.europesays.com\/es\/wp-json\/wp\/v2\/media?parent=746574"}],"wp:term":[{"taxonomy":"category","embeddable":true,"href":"https:\/\/www.europesays.com\/es\/wp-json\/wp\/v2\/categories?post=746574"},{"taxonomy":"post_tag","embeddable":true,"href":"https:\/\/www.europesays.com\/es\/wp-json\/wp\/v2\/tags?post=746574"}],"curies":[{"name":"wp","href":"https:\/\/api.w.org\/{rel}","templated":true}]}}