{"id":746578,"date":"2026-09-04T01:56:21","date_gmt":"2026-09-04T01:56:21","guid":{"rendered":"https:\/\/www.europesays.com\/es\/746578\/"},"modified":"2026-09-04T01:56:21","modified_gmt":"2026-09-04T01:56:21","slug":"ueda-da-el-triunfo-al-lille-antes-de-recibir-al-betis-en-la-champions","status":"publish","type":"post","link":"https:\/\/www.europesays.com\/es\/746578\/","title":{"rendered":"Ueda da el triunfo al Lille antes de recibir al Betis en la Champions"},"content":{"rendered":"<p>El <strong>Lille<\/strong>, el primer rival del <strong>Betis<\/strong> en el regreso a la Champions, super\u00f3 al Toulouse (0-1), en un encuentro correspondiente a la tercera jornada de la Ligue 1. Con este nuevo triunfo, el equipo dirigido por Davide Ancelotti contin\u00faa invicto, con  &#8230; dos victorias, ante el Angers y el propio Toulouse, y un empate ante el PSG, con lo que se coloca como <strong>l\u00edder provisional<\/strong> del campeonato franc\u00e9s.<\/p>\n<p class=\"v-d-p\">El nuevo proyecto del conjunto franc\u00e9s, que apost\u00f3 por la contrataci\u00f3n del joven t\u00e9cnico, ha comenzado con buen pie. Ante el Toulouse, en un duelo en el que reaccion\u00f3 tras el descanso, el Lille venci\u00f3 con <strong>un tanto de Ueda<\/strong>, una de sus \u00faltimas incorporaciones en el mercado de fichajes y que sali\u00f3 en la segunda parte en sustituci\u00f3n del veterano Giroud.<\/p>\n<p class=\"v-d-p\">El japon\u00e9s, por quien han pagado 15 millones de euros al Feyenoord, aprovech\u00f3 un rechace en el \u00e1rea para batir de cabeza a Mathys Niflore, quien hab\u00eda entrado minutos antes ante la lesi\u00f3n de Restes. <strong>Fue el premio a un mejor segundo tiempo del Lille<\/strong>, despu\u00e9s de que Davide Ancelotti moviera ficha en el intermedio con las entradas de Bakwa y el exb\u00e9tico Perraud. <\/p>\n<p class=\"v-d-p\">Fue <strong>una victoria sufrida ante un Toulouse<\/strong> que disfrut\u00f3 de varias oportunidades de gol y que estrell\u00f3 un bal\u00f3n en el poste, pero que finalmente le valieron los puntos al equipo de Ancelotti, que el martes recibir\u00e1 al Betis en el Pierre-Mauroy.<\/p>\n<p class=\"v-d-p\">Por el Lille jugaron: \u00d6zer; Tiago Santos, Ngoy, Alexsandro Ribeiro, Verdonk (Perraud, 46); Bentaleb (Onal, 71), Andr\u00e9, Haraldsson; Mbapp\u00e9 (Mukau, 57), Sahraoui (Bakwa, 46), Giroud (Ueda, 57).<\/p>\n","protected":false},"excerpt":{"rendered":"El Lille, el primer rival del Betis en el regreso a la Champions, super\u00f3 al Toulouse (0-1), en&hellip;\n","protected":false},"author":2,"featured_media":746579,"comment_status":"","ping_status":"","sticky":false,"template":"","format":"standard","meta":{"footnotes":""},"categories":[93],"tags":[291,11681,168,25,24,17211,6260,23,167],"class_list":["post-746578","post","type-post","status-publish","format-standard","has-post-thumbnail","category-deportes","tag-betis","tag-champions","tag-deportes","tag-es","tag-espana","tag-lille","tag-rival","tag-spain","tag-sports"],"share_on_mastodon":{"url":"https:\/\/pubeurope.com\/@es\/117210289797551360","error":""},"_links":{"self":[{"href":"https:\/\/www.europesays.com\/es\/wp-json\/wp\/v2\/posts\/746578","targetHints":{"allow":["GET"]}}],"collection":[{"href":"https:\/\/www.europesays.com\/es\/wp-json\/wp\/v2\/posts"}],"about":[{"href":"https:\/\/www.europesays.com\/es\/wp-json\/wp\/v2\/types\/post"}],"author":[{"embeddable":true,"href":"https:\/\/www.europesays.com\/es\/wp-json\/wp\/v2\/users\/2"}],"replies":[{"embeddable":true,"href":"https:\/\/www.europesays.com\/es\/wp-json\/wp\/v2\/comments?post=746578"}],"version-history":[{"count":0,"href":"https:\/\/www.europesays.com\/es\/wp-json\/wp\/v2\/posts\/746578\/revisions"}],"wp:featuredmedia":[{"embeddable":true,"href":"https:\/\/www.europesays.com\/es\/wp-json\/wp\/v2\/media\/746579"}],"wp:attachment":[{"href":"https:\/\/www.europesays.com\/es\/wp-json\/wp\/v2\/media?parent=746578"}],"wp:term":[{"taxonomy":"category","embeddable":true,"href":"https:\/\/www.europesays.com\/es\/wp-json\/wp\/v2\/categories?post=746578"},{"taxonomy":"post_tag","embeddable":true,"href":"https:\/\/www.europesays.com\/es\/wp-json\/wp\/v2\/tags?post=746578"}],"curies":[{"name":"wp","href":"https:\/\/api.w.org\/{rel}","templated":true}]}}