{"id":746586,"date":"2026-09-04T02:01:10","date_gmt":"2026-09-04T02:01:10","guid":{"rendered":"https:\/\/www.europesays.com\/es\/746586\/"},"modified":"2026-09-04T02:01:10","modified_gmt":"2026-09-04T02:01:10","slug":"duelo-de-superventas-los-coches-mas-vendidos-en-espana-en-2026-expansion","status":"publish","type":"post","link":"https:\/\/www.europesays.com\/es\/746586\/","title":{"rendered":"Duelo de superventas: los coches m\u00e1s vendidos en Espa\u00f1a en 2026 &#8211; Expansi\u00f3n"},"content":{"rendered":"<ol>\n<li><a href=\"https:\/\/news.google.com\/rss\/articles\/CBMiiAFBVV95cUxNSlFfZ2pHbWRYOVVwU0ZMaXBuOWVWTE1SZFJmeHduSldSQ2ZXWHEzYmxCVFY5Z0F5UGRreG5jazMtelB1U2ZhZExzWlpaUVhrZVNyR2VhVFJIM0RaZEtmVDRXeElYNkg0ZmtLSEN0bFQtQ0I2RU8tZkFUckYxYURrX19aSG9QcDNX0gGIAUFVX3lxTE94Tm04c0RBSk43MWJoR0FfTXMtWHh5cktlU3RJQnlIc3FsclVsVV9TX2MwM0hRYVFxZER6bXlKbHZvNWNMcWRtVlRBVmlrLWcxQmNBeTBUT2VKWFJFVjQ4WTAyeFp2NFZNQmNCRm1HMmx6bXdPNFNucEtKbDY4clJnVDlYRmJnZ2E?oc=5\" target=\"_blank\" rel=\"nofollow noopener\">Duelo de superventas: los coches m\u00e1s vendidos en Espa\u00f1a en 2026<\/a>&nbsp;&nbsp;Expansi\u00f3n<\/li>\n<li><a href=\"https:\/\/news.google.com\/rss\/articles\/CBMitAFBVV95cUxOU3NuRU04SDQ0aUVQRWVtcC1uMkJaSDVkeXc0WUoyajlUdFJGQjBVYnpORzhFcGctSFprUTY5VlkwRjNEcnY3UnVTQks4VzkwRzBXMUdBZmY0dXE1UmVpY0VoMGlMREp0X29UbUpZT0VKMVVNR0RGejNsQTBJdEl3WGF6alpGYU9lRlpiWkN6VHBpMVkyam1SVU90UUhna3BaZGNia2NsWFZXNU5MVkZSWWpCRXo?oc=5\" target=\"_blank\" rel=\"nofollow noopener\">El mercado de veh\u00edculos electrificados crece en agosto el 28% y roza las 210.000 unidades<\/a>&nbsp;&nbsp;ABC<\/li>\n<li><a href=\"https:\/\/news.google.com\/rss\/articles\/CBMijgFBVV95cUxNRThDTTVONXVyY3IwdjI1QmE3OF91anhQN29OWHdFZzdKajFzeDJySTJmUlZNT2JlMkpKek8zVkwtOGFnSlg5RVZIa3RzV2ZrZktLNEFVeGtoeWR3NklmRVNvbndzbkVMNUl6U1VwZnNMOW5ZdEQ1ZWRGTGZUdXJTbl9fWjJpYlczQktrcE1R0gGTAUFVX3lxTE96MWg3dlFHT2Z6MUtCcFVEVnBzMFpLQWJYbS1SbWFoaU5fd1pUN09FYnRDcEMyR01IYm1UWEhkVENLN3ZYMFI1VWsxZTV0Xzh3WThTZ2JfbDhFVHAzMjQyVkVyRE9OMHIwNnN6RWVnMlRwNm85dXU2ZDNpOWVleVlBMkpaaVRmeGpzV3VmbnFEcHF1VQ?oc=5\" target=\"_blank\" rel=\"nofollow noopener\">Ni el Seat Ibiza ni el Toyota Corolla: as\u00ed queda el ranking de coches m\u00e1s vendidos en Espa\u00f1a hasta septiembre<\/a>&nbsp;&nbsp;The Objective<\/li>\n<li><a href=\"https:\/\/news.google.com\/rss\/articles\/CBMi5gJBVV95cUxOaFJLMzZXOXhyUkwxWTFuc21YSXQzRy05LXN4ZDU0WnJNRTZEdDlfZER6RU1RalktVmduT0xYS19zX3dnSTdVeFF2cF9lTVBZbV81TkFZLTFvOWNITnRPOXJTRk9ZRGhHZmFhY1Z4OHFtcWkyQ1N6REx5N2pUR3BHZ2ZsVDZMRDdPTURJLUNZSDlIbHMwal9SN3B5VHhITlFNTVJUVGh3R2FCbWdWei1SQ3gyTWllbUhBbHlQbm9xZy0wT0FzZUE2MXlleHZNeHVOMkhvSVhNakNqUk4wNzZiOXhOeFdPS1laSFNOZ1RiSnN4MGVqLTRvUTVjSEdWa3lSanA5OEg5c2R1WVVhOWJ2VHR0VVhzSkpKcnNwWnlqdFJGY1dJUzV2YUQ4OWVTRm5qWjRiaUtfemd1RkNnVWhzWnViTklrRUJsUHhhWmlPZFIyUzJabzg1LTcwbFVjWExYNW5waklR0gHrAkFVX3lxTE93RzV2V1RZdTN4WXBiaGFDdERLVW9taUZicWNEaDJobXI4QVc3ZGFOQjZZdUdvdXRoZWZmVzNVY2JJaUpHSlQ3Y2VSVWZCN040QmloN2syVHF0ejBtV1NNZmFLVXdFNTlaSkJMbUhLN2dWYklfQnhRRGdyUWVOSjZsRnZCUTUxNG0wWVNSZUFwNC1fVnN5cGIyTmM0WFZkRzd4MnpTbEdtbTBVMlFVY05CZElTY1ZPQUFSZFU4LURjRFVPZmdxTldtVENxTllDY1BoRXBwdjhoT2ZEbWFaSXRnN2FMLTdDTlAwZ0VFaEVYT2lrTlRkLVlKRmFpbjhla0NkSElxZ01aUHpPQUQtd2dNNEZMNC1yN3Y5cmlHRWgtSklvLVRTeUlrakVKQW1jbUgxby1CT3hoVEIyU1VtTXk1V0tqYm1NRlFscE1wRzRlbzdlWmZDSU1od0ZLUjVSR1NIaXlLdFV4QTRaNA?oc=5\" target=\"_blank\" rel=\"nofollow noopener\">Pilar Garc\u00eda de la Granja, analista econ\u00f3mica: \u00abPor primera vez en seis a\u00f1os los coches en Espa\u00f1a se est\u00e1n matriculando a niveles previos a la pandemia y es por los modelos chinos; m\u00e1s de 800.000 matriculaciones\u00bb<\/a>&nbsp;&nbsp;COPE<\/li>\n<li><a href=\"https:\/\/news.google.com\/rss\/articles\/CBMiygFBVV95cUxNQkdyZGpqZDl1bmFEUHE4Skt2QkVTczBXNUVhc0FGbTRhbzRzTnllNHVuTHR6SG5odkU4dnR2TFlka3JzNE5sUnV0bmk2ZTVRMThXV0tway1EWTIwWk41eGItR0d4dkxnSE5CSkIzVmJkY1BQazN5eVpvYW5aOVhib05fU2FKTmtTOVJXOFlSMnNEbUUwb2dvemVwdmdFd2tkZXBVQnNYb3JKUjAzTzlDU0owbVpIUjdGSnZDc3ptOGZpT2hyVEt2cXl30gHPAUFVX3lxTFAyV1E4NnNCU1hMdTk5bXZ3b0ZFWFZzMjVjbnFDT1FuV0ZFbkFIRjYtNEN1a1NoNTNQd05hZ2IxVkFXbEFEaDcyWkpqY2VSUFAtbFlpS0RnRS1qMTloLXBuQlIzN184RVc5VEhwSXhDQmZBLVZyVVpobHBOUU5oR0NOT1MxZ1VHNDdORUNFVWRqWWJ1UVVYNFc3NVVub3UxZ1lMUlNpZ2x6c0VEam9TcU40Q3dUdzduV2NLenp2MU0zZS1iTGYySjNzaXVTanAtVQ?oc=5\" target=\"_blank\" rel=\"nofollow noopener\">Estos son los coches nuevos que m\u00e1s se venden en Espa\u00f1a: el Dacia Sandero sigue l\u00edder<\/a>&nbsp;&nbsp;La Vanguardia<\/li>\n<\/ol>\n","protected":false},"excerpt":{"rendered":"Duelo de superventas: los coches m\u00e1s vendidos en Espa\u00f1a en 2026&nbsp;&nbsp;Expansi\u00f3n El mercado de veh\u00edculos electrificados crece en&hellip;\n","protected":false},"author":2,"featured_media":746587,"comment_status":"","ping_status":"","sticky":false,"template":"","format":"standard","meta":{"footnotes":""},"categories":[80],"tags":[82,95,94,2308,32085,25,24,2362,24594,23],"class_list":["post-746586","post","type-post","status-publish","format-standard","has-post-thumbnail","category-economia","tag-business","tag-economia","tag-economy","tag-empresas","tag-empresas-motor","tag-es","tag-espana","tag-motor","tag-nea","tag-spain"],"share_on_mastodon":{"url":"https:\/\/pubeurope.com\/@es\/117210309767063921","error":""},"_links":{"self":[{"href":"https:\/\/www.europesays.com\/es\/wp-json\/wp\/v2\/posts\/746586","targetHints":{"allow":["GET"]}}],"collection":[{"href":"https:\/\/www.europesays.com\/es\/wp-json\/wp\/v2\/posts"}],"about":[{"href":"https:\/\/www.europesays.com\/es\/wp-json\/wp\/v2\/types\/post"}],"author":[{"embeddable":true,"href":"https:\/\/www.europesays.com\/es\/wp-json\/wp\/v2\/users\/2"}],"replies":[{"embeddable":true,"href":"https:\/\/www.europesays.com\/es\/wp-json\/wp\/v2\/comments?post=746586"}],"version-history":[{"count":0,"href":"https:\/\/www.europesays.com\/es\/wp-json\/wp\/v2\/posts\/746586\/revisions"}],"wp:featuredmedia":[{"embeddable":true,"href":"https:\/\/www.europesays.com\/es\/wp-json\/wp\/v2\/media\/746587"}],"wp:attachment":[{"href":"https:\/\/www.europesays.com\/es\/wp-json\/wp\/v2\/media?parent=746586"}],"wp:term":[{"taxonomy":"category","embeddable":true,"href":"https:\/\/www.europesays.com\/es\/wp-json\/wp\/v2\/categories?post=746586"},{"taxonomy":"post_tag","embeddable":true,"href":"https:\/\/www.europesays.com\/es\/wp-json\/wp\/v2\/tags?post=746586"}],"curies":[{"name":"wp","href":"https:\/\/api.w.org\/{rel}","templated":true}]}}