{"id":746592,"date":"2026-09-04T02:04:16","date_gmt":"2026-09-04T02:04:16","guid":{"rendered":"https:\/\/www.europesays.com\/es\/746592\/"},"modified":"2026-09-04T02:04:16","modified_gmt":"2026-09-04T02:04:16","slug":"gobierno-de-ceuta-se-personara-como-acusacion-particular-en-la-causa-de-la-audiencia-nacional","status":"publish","type":"post","link":"https:\/\/www.europesays.com\/es\/746592\/","title":{"rendered":"Gobierno de Ceuta se personar\u00e1 como acusaci\u00f3n particular en la causa de la Audiencia Nacional"},"content":{"rendered":"<p><img decoding=\"async\" class=\"v-ath__i\" loading=\"lazy\" src=\"https:\/\/www.europesays.com\/es\/wp-content\/uploads\/2026\/09\/1788487456_323_autor-5497-foto-3.jpeg\" alt=\"Agencia Europa Press\"\/><\/p>\n<p>03\/09\/2026 a las 20:55h.<\/p>\n<p class=\"v-d-p\">El Consejo de Gobierno de Ceuta ha acordado este jueves personarse como acusaci\u00f3n particular en la causa que instruye la Audiencia Nacional para investigar los  &#8230; hechos ocurridos los d\u00edas 30 y 31 de julio, cuando miles de personas accedieron de forma irregular a la ciudad aut\u00f3noma a trav\u00e9s de la frontera del Tarajal.El uso y difusi\u00f3n de los brutos remitidos conllevar\u00e1 obligatoriamente el pixelado de las caras de los agentes de Fuerzas y Cuerpos de Seguridad del Estado, as\u00ed como los menores. Igualmente se deber\u00e1 pixelar a los testigos en juicios y a los acusados no condenados por sentencia firme que no sean personas p\u00fablicas, seg\u00fan la normativa estatal. Europa Press no se hace responsable de un uso distinto al aqu\u00ed indicado.Asimismo, en caso de que los v\u00eddeos o alg\u00fan fragmento de estos sean publicados en canales de Youtube u otras plataformas similares, Europa Press no se hace responsable de las medidas o reclamaciones que terceros pudieran llevar a cabo en funci\u00f3n de los derechos de autor o propiedad intelectual de las im\u00e1genes.<\/p>\n","protected":false},"excerpt":{"rendered":"03\/09\/2026 a las 20:55h. El Consejo de Gobierno de Ceuta ha acordado este jueves personarse como acusaci\u00f3n particular&hellip;\n","protected":false},"author":2,"featured_media":746593,"comment_status":"","ping_status":"","sticky":false,"template":"","format":"standard","meta":{"footnotes":""},"categories":[5],"tags":[132621,4294,17,18,11072,4486,2170,25,24,13,14,582,11,19,20,813,9,10,15,16,7439,132620,23,12,21,22],"class_list":["post-746592","post","type-post","status-publish","format-standard","has-post-thumbnail","category-titulares","tag-acusacin","tag-audiencia","tag-breaking-news","tag-breakingnews","tag-causa","tag-ceuta","tag-como","tag-es","tag-espana","tag-featured-news","tag-featurednews","tag-gobierno","tag-headlines","tag-latest-news","tag-latestnews","tag-nacional","tag-news","tag-noticias","tag-noticias-destacadas","tag-noticiasdestacadas","tag-particular","tag-personar","tag-spain","tag-titulares","tag-ultimas-noticias","tag-ultimasnoticias"],"share_on_mastodon":{"url":"https:\/\/pubeurope.com\/@es\/117210321236475217","error":""},"_links":{"self":[{"href":"https:\/\/www.europesays.com\/es\/wp-json\/wp\/v2\/posts\/746592","targetHints":{"allow":["GET"]}}],"collection":[{"href":"https:\/\/www.europesays.com\/es\/wp-json\/wp\/v2\/posts"}],"about":[{"href":"https:\/\/www.europesays.com\/es\/wp-json\/wp\/v2\/types\/post"}],"author":[{"embeddable":true,"href":"https:\/\/www.europesays.com\/es\/wp-json\/wp\/v2\/users\/2"}],"replies":[{"embeddable":true,"href":"https:\/\/www.europesays.com\/es\/wp-json\/wp\/v2\/comments?post=746592"}],"version-history":[{"count":0,"href":"https:\/\/www.europesays.com\/es\/wp-json\/wp\/v2\/posts\/746592\/revisions"}],"wp:featuredmedia":[{"embeddable":true,"href":"https:\/\/www.europesays.com\/es\/wp-json\/wp\/v2\/media\/746593"}],"wp:attachment":[{"href":"https:\/\/www.europesays.com\/es\/wp-json\/wp\/v2\/media?parent=746592"}],"wp:term":[{"taxonomy":"category","embeddable":true,"href":"https:\/\/www.europesays.com\/es\/wp-json\/wp\/v2\/categories?post=746592"},{"taxonomy":"post_tag","embeddable":true,"href":"https:\/\/www.europesays.com\/es\/wp-json\/wp\/v2\/tags?post=746592"}],"curies":[{"name":"wp","href":"https:\/\/api.w.org\/{rel}","templated":true}]}}