{"id":746602,"date":"2026-09-04T02:14:16","date_gmt":"2026-09-04T02:14:16","guid":{"rendered":"https:\/\/www.europesays.com\/es\/746602\/"},"modified":"2026-09-04T02:14:16","modified_gmt":"2026-09-04T02:14:16","slug":"jesus-vazquez-sobre-haber-perdido-la-ilusion-por-la-tele-me-he-reconciliado-con-ella-el-tiempo-pone-a-todo-el-mundo-en-su-sitio","status":"publish","type":"post","link":"https:\/\/www.europesays.com\/es\/746602\/","title":{"rendered":"Jes\u00fas V\u00e1zquez, sobre haber perdido la ilusi\u00f3n por la tele: \u00abMe he reconciliado con ella; el tiempo pone a todo el mundo en su sitio\u00bb"},"content":{"rendered":"<p class=\"c-paragraph\"><a href=\"https:\/\/www.20minutos.es\/tags\/personas\/jesus-vazquez.html\" title=\"Jes\u00fas V\u00e1zquez\" rel=\"nofollow noopener\" target=\"_blank\">Jes\u00fas V\u00e1zquez<\/a> ha vuelto a<b> hacer alusi\u00f3n a Telecinco tras su marcha <\/b>de la cadena despu\u00e9s de 27 a\u00f1os vinculado a ella. Esta vez, el presentador lo ha hecho durante la alfombra roja de los Premios Juventud, celebrados este jueves en Marbella y a los que este peri\u00f3dico ha asistido.<\/p>\n<p class=\"c-paragraph\">El comunicador se ha parado con nuestros compa\u00f1eros Dani Mateo y Sergio Garc\u00eda, quienes han estado en directo durante la previa de la gala y han podido hablar con el comunicador sobre su participaci\u00f3n en este evento, as\u00ed como sus <b>nuevos proyectos profesionales.<\/b><\/p>\n<p class=\"c-paragraph\">\u00abMe lo estoy pasando bomba, <b>estoy encantado con las cosas que me est\u00e1n pasando y con las cosas que estoy haciendo con TVE<\/b>, porque es tele, tele\u00bb, ha alegado en una primera instancia. A continuaci\u00f3n, ha hecho referencia a la \u00abexperiencia de haber trabajado con Televisa Univisi\u00f3n\u00bb en estos premios: \u00abSon unas m\u00e1quinas; ahora entiendo cuando hablan de la forma de hablar en Am\u00e9rica. Esto es muy grande [&#8230;] Hay un equipazo detr\u00e1s, tienen previsto todo\u00bb.<\/p>\n<p class=\"c-paragraph\">Y, por \u00faltimo, a la pregunta de si se ha reconciliado con la profesi\u00f3n o si alguna vez ha perdido la ilusi\u00f3n en ella, ha respondido de manera afirmativa: \u00abS\u00ed, hace poco la perd\u00ed. <b>Me he reconciliado con la tele, pero hubo gente que me hizo perder la ilusi\u00f3n. <\/b>Pero bueno, el tiempo pone a todo el mundo en su sitio\u00bb.<\/p>\n<p class=\"c-paragraph\">No es la primera vez que Jes\u00fas V\u00e1zquez expresa su opini\u00f3n tras su marcha de Mediaset. Una de las \u00faltimas veces fue<a href=\"https:\/\/www.20minutos.es\/television\/pulla-jesus-vazquez-telecinco-revuelta-aqui-estoy-despues-muchos-anos_6920794_0.html\" title=\"La pulla de Jes\u00fas V\u00e1zquez a Telecinco en &#039;La Revuelta&#039;: &quot;Aqu\u00ed estoy, despu\u00e9s de muchos a\u00f1os&quot;\" rel=\"nofollow noopener\" target=\"_blank\"> en su visita a\u00a0La Revuelta el pasado mes de enero<\/a>, cuando fue a promocionar el Benidorm Fest \u2014del que fue presentador en su edici\u00f3n de este 2026\u2014. \u00ab<b>Libre, libre quiero ser. Aqu\u00ed estoy, despu\u00e9s de muchos a\u00f1os\u00bb<\/b>, apunt\u00f3 en una primera instancia nada m\u00e1s entrar al plat\u00f3 del programa.<\/p>\n<p class=\"c-paragraph\">\u00abHas entrado con mucha energ\u00eda. Has cantado &#8216;libre libre&#8217;, supongo que&#8230;\u00bb, le dijo el jiennense sobre su entrada. \u00abClaro, como t\u00fa has dicho lo de Telecinco, algo ten\u00eda que rematar\u00bb, le respondi\u00f3 este. \u00abEs tal cual, \u00bfno?\u00bb, referenci\u00f3 Broncano a esa &#8216;libertad&#8217;. \u00abTuve una primera etapa, luego sal\u00ed, pero la segunda fueron 25 [&#8230;] Y <b>muchas cosas buenas, ojo, muchos programones<\/b>\u00ab, reconoci\u00f3 el de Ferrol sobre su anterior empresa.<\/p>\n<p class=\"c-paragraph\">A partir de este mes de septiembre, coincidiendo con el d\u00eda de su cumplea\u00f1os (9 de septiembre), Jes\u00fas V\u00e1zquez emprende <b>una nueva aventura televisiva en RTVE con\u00a0<a href=\"https:\/\/www.20minutos.es\/television\/jesus-vazquez-se-metera-tunel-un-concurso-que-ya-busca-participantes-para-prime-time-rtve_6982404_0.html\" title=\"Jes\u00fas V\u00e1zquez se meter\u00e1 en &#039;El t\u00fanel&#039;, un concurso que ya busca participantes para el &#039;prime time&#039; de RTVE\" rel=\"nofollow noopener\" target=\"_blank\">El t\u00fanel: avanza y gana<\/a>,<\/b> un nuevo concurso de estrategia, tensi\u00f3n y conocimiento que se emitir\u00e1 en la franja de\u00a0prime time.<\/p>\n","protected":false},"excerpt":{"rendered":"Jes\u00fas V\u00e1zquez ha vuelto a hacer alusi\u00f3n a Telecinco tras su marcha de la cadena despu\u00e9s de 27&hellip;\n","protected":false},"author":2,"featured_media":746603,"comment_status":"","ping_status":"","sticky":false,"template":"","format":"standard","meta":{"footnotes":""},"categories":[174],"tags":[255,146,147,25,24,256,38778,23,692,807],"class_list":["post-746602","post","type-post","status-publish","format-standard","has-post-thumbnail","category-famosos","tag-celebrities","tag-entertainment","tag-entretenimiento","tag-es","tag-espana","tag-famosos","tag-jesus-vazquez","tag-spain","tag-telecinco","tag-television"],"share_on_mastodon":{"url":"https:\/\/pubeurope.com\/@es\/117210360500628836","error":""},"_links":{"self":[{"href":"https:\/\/www.europesays.com\/es\/wp-json\/wp\/v2\/posts\/746602","targetHints":{"allow":["GET"]}}],"collection":[{"href":"https:\/\/www.europesays.com\/es\/wp-json\/wp\/v2\/posts"}],"about":[{"href":"https:\/\/www.europesays.com\/es\/wp-json\/wp\/v2\/types\/post"}],"author":[{"embeddable":true,"href":"https:\/\/www.europesays.com\/es\/wp-json\/wp\/v2\/users\/2"}],"replies":[{"embeddable":true,"href":"https:\/\/www.europesays.com\/es\/wp-json\/wp\/v2\/comments?post=746602"}],"version-history":[{"count":0,"href":"https:\/\/www.europesays.com\/es\/wp-json\/wp\/v2\/posts\/746602\/revisions"}],"wp:featuredmedia":[{"embeddable":true,"href":"https:\/\/www.europesays.com\/es\/wp-json\/wp\/v2\/media\/746603"}],"wp:attachment":[{"href":"https:\/\/www.europesays.com\/es\/wp-json\/wp\/v2\/media?parent=746602"}],"wp:term":[{"taxonomy":"category","embeddable":true,"href":"https:\/\/www.europesays.com\/es\/wp-json\/wp\/v2\/categories?post=746602"},{"taxonomy":"post_tag","embeddable":true,"href":"https:\/\/www.europesays.com\/es\/wp-json\/wp\/v2\/tags?post=746602"}],"curies":[{"name":"wp","href":"https:\/\/api.w.org\/{rel}","templated":true}]}}