{"id":746604,"date":"2026-09-04T02:16:55","date_gmt":"2026-09-04T02:16:55","guid":{"rendered":"https:\/\/www.europesays.com\/es\/746604\/"},"modified":"2026-09-04T02:16:55","modified_gmt":"2026-09-04T02:16:55","slug":"los-marfiles-de-san-millan-saldran-del-louvre-para-la-exposicion-autoria-de-san-millan-de-la-cogolla","status":"publish","type":"post","link":"https:\/\/www.europesays.com\/es\/746604\/","title":{"rendered":"Los marfiles de San Mill\u00e1n saldr\u00e1n del Louvre para la exposici\u00f3n Autor\u00cdA de San Mill\u00e1n de la Cogolla"},"content":{"rendered":"<p class=\"article-text\">\n        El presidente del Gobierno de La Rioja, Gonzalo Capell\u00e1n, ha anunciado durante la segunda sesi\u00f3n del Debate sobre el Estado de la Regi\u00f3n que los marfiles de las Cruces de San Mill\u00e1n viajar\u00e1n desde el Museo del Louvre y el Museo Arqueol\u00f3gico Nacional a San Mill\u00e1n de la Cogolla para la exposici\u00f3n &#8216;Autor\u00cdA&#8217;, una piezas que \u201cjam\u00e1s se han podido ver en Espa\u00f1a\u201d, ha dicho el presidente riojano. Con este anuncio, Capell\u00e1n respondido al retorno de las Glosas Emilianenses \u2014\u201cNo nos las han dado nunca y no nos las van a dar ahora\u201d, ha asumido\u2014 y ha defendido que el monasterio riojano est\u00e1 \u201cperfectamente preparado\u201d para custodiar y exhibir estas piezas.\n    <\/p>\n<p class=\"article-text\">\n        Capell\u00e1n ha respondido de forma conjunta a todos los grupos de la oposici\u00f3n (PP, PSOE, Vox e IU). A las cr\u00edticas al tono electoralista de sus medidas, Capell\u00e1n ha defendido que \u201clas grandes estrategias no entienden de legislaturas\u201d y que \u201cun buen gobierno tiene que tener visi\u00f3n de futuro\u201d, citando avances concretos en proyectos como el instituto Marqu\u00e9s de Vallejo, la residencia de Aspace o la inminente apertura de la guarder\u00eda de Pradej\u00f3n. \u201cPrefiero pasar a la historia como un gobierno que hace cosas; va a haber muchas placas estos meses\u201d, ha ironizado ante el hemiciclo. Aunque ha admitido problemas en las listas de espera sanitarias, los ha achacado a la huelga nacional de m\u00e9dicos.\n    <\/p>\n<p>    <a href=\"https:\/\/www.eldiario.es\/la-rioja\/capellan-confirma-intencion-volver-presentarse-elecciones-autonomicas-2027_1_13482395.html\" data-mrf-recirculation=\"saber-mas-abajo\" data-dl-event=\"saber-mas-abajo\" rel=\"nofollow noopener\" target=\"_blank\"><\/p>\n<p class=\"know-more__title\">Capell\u00e1n confirma su intenci\u00f3n de volver a presentarse a las elecciones auton\u00f3micas de 2027\n<\/p>\n<p>            <img decoding=\"async\" class=\"lazy\" loading=\"lazy\" data-src=\"https:\/\/static.eldiario.es\/clip\/088cee18-ec57-483c-b0d8-ecc146aa7e12_16-9-aspect-ratio_default_0_x858y493.jpg\" src=\"data:image\/svg+xml,%3Csvg xmlns=\" http:=\"\" viewbox=\"0 0 880 495\" alt=\"Capell\u00e1n confirma su intenci\u00f3n de volver a presentarse a las elecciones auton\u00f3micas de 2027\"\/><\/p>\n<p>                        <\/a><\/p>\n<p class=\"article-text\">\n        Respecto a las infraestructuras, el presidente ha justificado su apuesta por el \u201cdi\u00e1logo\u201d con el Gobierno central en materia ferroviaria, revelando el compromiso estatal para destinar a La Rioja los trenes de Alta Velocidad de la &#8216;Serie 107&#8217; cuando sean homologados, si bien ha advertido de que estar\u00e1 \u201cprotestando todos los d\u00edas\u201d si este acuerdo no se cumple. Para cerrar el debate, Capell\u00e1n ha reivindicado los valores de libertad, igualdad y fraternidad vincul\u00e1ndolos al humanismo cristiano, y ha concluido con una declaraci\u00f3n de principios: \u201cNo soy comunista ni socialista, pero tampoco contribuir\u00e9 nunca a radicalizar a los riojanos\u201d.\n    <\/p>\n","protected":false},"excerpt":{"rendered":"El presidente del Gobierno de La Rioja, Gonzalo Capell\u00e1n, ha anunciado durante la segunda sesi\u00f3n del Debate sobre&hellip;\n","protected":false},"author":2,"featured_media":746605,"comment_status":"","ping_status":"","sticky":false,"template":"","format":"standard","meta":{"footnotes":""},"categories":[173],"tags":[229,233,231,230,47988,132623,232,234,146,147,25,24,2003,9212,132622,19050,15023,2228,23],"class_list":["post-746604","post","type-post","status-publish","format-standard","has-post-thumbnail","category-arte-y-diseno","tag-arte","tag-arte-y-diseno","tag-arts","tag-arts-and-design","tag-autoria","tag-cogolla","tag-design","tag-diseno","tag-entertainment","tag-entretenimiento","tag-es","tag-espana","tag-exposicion","tag-louvre","tag-marfiles","tag-millan","tag-saldran","tag-san","tag-spain"],"share_on_mastodon":{"url":"https:\/\/pubeurope.com\/@es\/117210372322061529","error":""},"_links":{"self":[{"href":"https:\/\/www.europesays.com\/es\/wp-json\/wp\/v2\/posts\/746604","targetHints":{"allow":["GET"]}}],"collection":[{"href":"https:\/\/www.europesays.com\/es\/wp-json\/wp\/v2\/posts"}],"about":[{"href":"https:\/\/www.europesays.com\/es\/wp-json\/wp\/v2\/types\/post"}],"author":[{"embeddable":true,"href":"https:\/\/www.europesays.com\/es\/wp-json\/wp\/v2\/users\/2"}],"replies":[{"embeddable":true,"href":"https:\/\/www.europesays.com\/es\/wp-json\/wp\/v2\/comments?post=746604"}],"version-history":[{"count":0,"href":"https:\/\/www.europesays.com\/es\/wp-json\/wp\/v2\/posts\/746604\/revisions"}],"wp:featuredmedia":[{"embeddable":true,"href":"https:\/\/www.europesays.com\/es\/wp-json\/wp\/v2\/media\/746605"}],"wp:attachment":[{"href":"https:\/\/www.europesays.com\/es\/wp-json\/wp\/v2\/media?parent=746604"}],"wp:term":[{"taxonomy":"category","embeddable":true,"href":"https:\/\/www.europesays.com\/es\/wp-json\/wp\/v2\/categories?post=746604"},{"taxonomy":"post_tag","embeddable":true,"href":"https:\/\/www.europesays.com\/es\/wp-json\/wp\/v2\/tags?post=746604"}],"curies":[{"name":"wp","href":"https:\/\/api.w.org\/{rel}","templated":true}]}}