{"id":746606,"date":"2026-09-04T02:19:26","date_gmt":"2026-09-04T02:19:26","guid":{"rendered":"https:\/\/www.europesays.com\/es\/746606\/"},"modified":"2026-09-04T02:19:26","modified_gmt":"2026-09-04T02:19:26","slug":"de-viernes-anuncia-la-primera-invitada-de-su-nueva-temporada-en-telecinco-entreviston-el-que-se-viene","status":"publish","type":"post","link":"https:\/\/www.europesays.com\/es\/746606\/","title":{"rendered":"&#8216;De Viernes&#8217; anuncia la primera invitada de su nueva temporada en Telecinco: \u00abEntrevist\u00f3n el que se viene\u00bb"},"content":{"rendered":"<p class=\"article-text\">\n        <strong>De Viernes<\/strong> inaugurar\u00e1 su nueva temporada con una de sus <strong>entrevistas <\/strong>m\u00e1s esperadas, todav\u00eda a la espera del <a href=\"https:\/\/www.eldiario.es\/vertele\/noticias\/antena-3-presenta-la-voz-13-anuncia-fecha-estreno-sorprende-quinto-coach-tres-novedades_1_13479714.html\" target=\"_blank\" data-mrf-recirculation=\"links-noticia\" class=\"link\" rel=\"nofollow noopener\">estreno de<\/a><a href=\"https:\/\/www.eldiario.es\/vertele\/noticias\/antena-3-presenta-la-voz-13-anuncia-fecha-estreno-sorprende-quinto-coach-tres-novedades_1_13479714.html\" target=\"_blank\" data-mrf-recirculation=\"links-noticia\" class=\"link\" rel=\"nofollow noopener\"> La Voz 13<\/a>. El programa presentado por <strong>Santi Acosta <\/strong>y <strong>Beatriz<\/strong> <strong>Archidona <\/strong>regresar\u00e1 a las pantallas de <strong>Telecinco <\/strong>el pr\u00f3ximo viernes, 4 de septiembre, con su habitual plantel de colaboradores. Todos ellos recibir\u00e1n una <strong>visita de altura <\/strong>relacionada con uno de los &#8216;clanes&#8217; familiares m\u00e1s medi\u00e1ticos: <strong>Anabel Pantoja <\/strong>se confesar\u00e1 <strong>en directo<\/strong>, aparentemente sin un &#8216;scoop&#8217; previo, para abordar distintas claves de su vida personal.\n    <\/p>\n<p>    <a href=\"https:\/\/www.eldiario.es\/vertele\/noticias\/beatriz-archidona-lanza-indirecta-cierre-lunes-viernes-telecinco_1_13483284.html\" data-mrf-recirculation=\"saber-mas\" data-dl-event=\"saber-mas\" rel=\"nofollow noopener\" target=\"_blank\"><\/p>\n<p class=\"know-more__title\">Beatriz Archidona lanza una indirecta por el cierre de &#8216;De lunes a viernes&#8217; en Telecinco: \u00abA saber d\u00f3nde estamos\u2026\u00bb<\/p>\n<p>            <img decoding=\"async\" class=\"lazy\" loading=\"lazy\" data-src=\"https:\/\/static.eldiario.es\/clip\/4a043dae-7716-4f53-a876-4ad77cb499fb_16-9-aspect-ratio_default_0.jpg\" src=\"data:image\/svg+xml,%3Csvg xmlns=\" http:=\"\" viewbox=\"0 0 880 495\" alt=\"Beatriz Archidona lanza una indirecta por el cierre de 'De lunes a viernes' en Telecinco: &quot;A saber d\u00f3nde estamos\u2026&quot;\"\/><\/p>\n<p>                        <\/a><\/p>\n<p class=\"article-text\">\n        El desembarco de la andaluza en el formato rosa se producir\u00e1 tres meses despu\u00e9s de su regreso a <strong>Mediaset<\/strong>, cuando debut\u00f3 como colaboradora en el fallido <strong>Amor o lo que surja<\/strong>. Este dating show se despidi\u00f3 de las sobremesas tras una \u00fanica temporada de solo 30 emisiones, un cierre a consecuencia de sus <a href=\"https:\/\/www.eldiario.es\/vertele\/analisis\/amor-o-lo-que-surja-despide-telecinco-ultimo-programa-audiencias-explican-final-abrupto_1_13414637.html\" target=\"_blank\" data-mrf-recirculation=\"links-noticia\" class=\"link\" rel=\"nofollow noopener\">insuficientes audiencias<\/a>. Sin embargo, parece que el v\u00ednculo entre la exasesora del amor y el grupo audiovisual se mantiene intacto.\n    <\/p>\n<p class=\"article-text\">\n        Para abrir boca entre los espectadores, Telecinco comparti\u00f3 un <strong>avance<\/strong> en <strong>De lunes a viernes<\/strong> \u2014programa que saldr\u00e1 de la programaci\u00f3n tras el cierre anunciado\u2014. \u201cEs para m\u00ed un milagro, es la mejor decisi\u00f3n que he tomado. Estoy enamorada de ella. <strong>Veo gente hablando por m\u00ed, hablando de mis cosas<\/strong>\u2026 Creo que <strong>tengo derecho a sentarme<\/strong>, a contarlo\u201d, asegura Pantoja frente a las c\u00e1maras, en relaci\u00f3n con ciertos asuntos de su vida privada.\n    <\/p>\n<p class=\"article-text\">\n        La intervenci\u00f3n ser\u00e1 el gran revulsivo para la pr\u00f3xima emisi\u00f3n de <strong>De Viernes<\/strong>, a falta de conocer el resto de bazas en el arranque del curso. Conviene recordar que ya tom\u00f3 asiento en plat\u00f3 en <strong>septiembre de 2025<\/strong>, protagonizando un curioso <strong>reencuentro <\/strong>con <strong>Terelu Campos <\/strong>y <strong>Lydia Lozano<\/strong>. Las tres compartieron un mismo espacio durante a\u00f1os como colaboradoras de <strong>S\u00e1lvame<\/strong>, viviendo situaciones de lo m\u00e1s variopintas y explosivas. Tambi\u00e9n visit\u00f3 anteriormente a <strong>Jorge Javier V\u00e1zquez<\/strong> en <strong>Hay una cosa que te quiero decir<\/strong>.\n    <\/p>\n<p>    <a href=\"https:\/\/www.eldiario.es\/vertele\/noticias\/david-broncano-habla-futuro-la-revuelta-rtve-pase-elecciones-reemplazar-morante-puebla-pp-vox_1_13484130.html\" data-mrf-recirculation=\"saber-mas-abajo\" data-dl-event=\"saber-mas-abajo\" rel=\"nofollow noopener\" target=\"_blank\"><\/p>\n<p class=\"know-more__title\">Broncano habla de su futuro en RTVE: \u201cSeg\u00fan lo que pase en las elecciones, me podr\u00eda reemplazar Morante de la Puebla\u201d<\/p>\n<p>            <img decoding=\"async\" class=\"lazy\" loading=\"lazy\" data-src=\"https:\/\/static.eldiario.es\/clip\/ac1923c1-e1f7-4af6-91d1-7541b57de4d0_16-9-aspect-ratio_default_0.jpg\" src=\"data:image\/svg+xml,%3Csvg xmlns=\" http:=\"\" viewbox=\"0 0 880 495\" alt=\"Broncano habla de su futuro en RTVE: &quot;Seg\u00fan lo que pase en las elecciones, me podr\u00eda reemplazar Morante de la Puebla&quot;\"\/><\/p>\n<p>                        <\/a><\/p>\n<blockquote class=\"twitter-tweet\" data-lang=\"es\"><p><a href=\"https:\/\/twitter.com\/X\/status\/2095208671764492507?ref_src=twsrc%5Etfw\" rel=\"nofollow noopener\" target=\"_blank\"><\/p><\/blockquote>\n<p>    La competencia de &#8216;De Viernes&#8217; en su regreso<\/p>\n<p class=\"article-text\">\n        En su primera emisi\u00f3n de la nueva temporada, <strong>De Viernes<\/strong> ser\u00e1 el \u00fanico programa de entretenimiento en directo de la programaci\u00f3n. El formato de Mandarina Producciones se ver\u00e1 las caras con el marat\u00f3n de <strong>Viaje al centro de la tele<\/strong> en <strong>La 1<\/strong>, la pel\u00edcula <strong>\u00bfQui\u00e9n es qui\u00e9n?<\/strong> en<strong> Antena 3 <\/strong>y la habitual dupla compuesta por <strong>laSexta Columna<\/strong> y <strong>Equipo de investigaci\u00f3n<\/strong>. Todav\u00eda queda por conocer la cinta que <strong>Cuatro <\/strong>emitir\u00e1 en <strong>El Blockbuster<\/strong>.\n    <\/p>\n<p>                                    <script async src=\"https:\/\/platform.twitter.com\/widgets.js\" charset=\"utf-8\"><\/script><\/p>\n","protected":false},"excerpt":{"rendered":"De Viernes inaugurar\u00e1 su nueva temporada con una de sus entrevistas m\u00e1s esperadas, todav\u00eda a la espera del&hellip;\n","protected":false},"author":2,"featured_media":746607,"comment_status":"","ping_status":"","sticky":false,"template":"","format":"standard","meta":{"footnotes":""},"categories":[171],"tags":[4187,3008,146,147,132624,25,24,6060,795,1078,23,692,1152,214,16591,381],"class_list":["post-746606","post","type-post","status-publish","format-standard","has-post-thumbnail","category-tv","tag-anuncia","tag-de","tag-entertainment","tag-entretenimiento","tag-entreviston","tag-es","tag-espana","tag-invitada","tag-nueva","tag-primera","tag-spain","tag-telecinco","tag-temporada","tag-tv","tag-viene","tag-viernes"],"share_on_mastodon":{"url":"https:\/\/pubeurope.com\/@es\/117210380028700634","error":""},"_links":{"self":[{"href":"https:\/\/www.europesays.com\/es\/wp-json\/wp\/v2\/posts\/746606","targetHints":{"allow":["GET"]}}],"collection":[{"href":"https:\/\/www.europesays.com\/es\/wp-json\/wp\/v2\/posts"}],"about":[{"href":"https:\/\/www.europesays.com\/es\/wp-json\/wp\/v2\/types\/post"}],"author":[{"embeddable":true,"href":"https:\/\/www.europesays.com\/es\/wp-json\/wp\/v2\/users\/2"}],"replies":[{"embeddable":true,"href":"https:\/\/www.europesays.com\/es\/wp-json\/wp\/v2\/comments?post=746606"}],"version-history":[{"count":0,"href":"https:\/\/www.europesays.com\/es\/wp-json\/wp\/v2\/posts\/746606\/revisions"}],"wp:featuredmedia":[{"embeddable":true,"href":"https:\/\/www.europesays.com\/es\/wp-json\/wp\/v2\/media\/746607"}],"wp:attachment":[{"href":"https:\/\/www.europesays.com\/es\/wp-json\/wp\/v2\/media?parent=746606"}],"wp:term":[{"taxonomy":"category","embeddable":true,"href":"https:\/\/www.europesays.com\/es\/wp-json\/wp\/v2\/categories?post=746606"},{"taxonomy":"post_tag","embeddable":true,"href":"https:\/\/www.europesays.com\/es\/wp-json\/wp\/v2\/tags?post=746606"}],"curies":[{"name":"wp","href":"https:\/\/api.w.org\/{rel}","templated":true}]}}