{"id":746608,"date":"2026-09-04T02:20:23","date_gmt":"2026-09-04T02:20:23","guid":{"rendered":"https:\/\/www.europesays.com\/es\/746608\/"},"modified":"2026-09-04T02:20:23","modified_gmt":"2026-09-04T02:20:23","slug":"nace-aurelius-el-primer-nieto-de-john-lennon-y-yoko-ono-45-anos-despues-del-asesinato-del-ex-de-los-beatles","status":"publish","type":"post","link":"https:\/\/www.europesays.com\/es\/746608\/","title":{"rendered":"Nace Aurelius, el primer nieto de John Lennon y Yoko Ono, 45 a\u00f1os despu\u00e9s del asesinato del ex de Los Beatles"},"content":{"rendered":"<p class=\"paragraph\">aurelius ya est\u00e1 en el mundo. Se trata del primer nieto del difunto integrante de <b>Los Beatles<\/b> John Lennon y Yoko Ono. El \u00fanico hijo de la pareja, <b>Sean Ono Lennon<\/b> y su novia, la cantante estadounidense <b>Charlotte Kemp Muhl<\/b> han sido padres por primera vez tras m\u00e1s de dos d\u00e9cadas de relaci\u00f3n y a la edad de 39 a\u00f1os (ella) y 50 a\u00f1os, \u00e9l.<\/p>\n<p class=\"paragraph\">\u00abBueno\u2026 Charlotte y yo queremos anunciar que efectivamente <b>hemos creado un ser humano<\/b>. \u00a1Su nombre es Aurelius! \u00a1Gracias!\u00bb, ha publicado el m\u00fasico en su cuenta de Instagram, en la que tambi\u00e9n ha compartido las primeras im\u00e1genes del reci\u00e9n nacido.<\/p>\n<p class=\"c-detail__media__subtitle composite_image\">\n<p>        Sean Ono Lennon junto a su hijo AureliusInstagram<\/p>\n<p class=\"paragraph\">Adem\u00e1s, el artista comparti\u00f3 otras fotograf\u00edas en las que aparece junto a <b>Charlotte Kemp Muhl <\/b>sosteniendo al beb\u00e9, junto a las que escribi\u00f3: <b>\u00ab\u00a1La madre de mi hijo!\u00bb<\/b>.<\/p>\n<p class=\"c-detail__media__subtitle composite_image\">\n<p>        Charlotte Kemp Muhl con su beb\u00e9Instagram<\/p>\n<p class=\"paragraph\"><b>John Lennon y Yoko Ono<\/b> se casaron en el <b>a\u00f1o 1969<\/b>. Fruto de esa relaci\u00f3n, naci\u00f3 Sean, el 9 de octubre de 1975, en Nueva York. La fecha de su nacimiento coincid\u00eda con el cumplea\u00f1os <b>n\u00famero 35<\/b> de su padre. Ahora, el nuevo integrante de la familia Lennon llega<b> 45 a\u00f1os despu\u00e9s de su asesinato<\/b>.<\/p>\n","protected":false},"excerpt":{"rendered":"aurelius ya est\u00e1 en el mundo. Se trata del primer nieto del difunto integrante de Los Beatles John&hellip;\n","protected":false},"author":2,"featured_media":746609,"comment_status":"","ping_status":"","sticky":false,"template":"","format":"standard","meta":{"footnotes":""},"categories":[170],"tags":[146,147,25,24,184,185,23],"class_list":["post-746608","post","type-post","status-publish","format-standard","has-post-thumbnail","category-musica","tag-entertainment","tag-entretenimiento","tag-es","tag-espana","tag-music","tag-musica","tag-spain"],"share_on_mastodon":{"url":"https:\/\/pubeurope.com\/@es\/117210384310619493","error":""},"_links":{"self":[{"href":"https:\/\/www.europesays.com\/es\/wp-json\/wp\/v2\/posts\/746608","targetHints":{"allow":["GET"]}}],"collection":[{"href":"https:\/\/www.europesays.com\/es\/wp-json\/wp\/v2\/posts"}],"about":[{"href":"https:\/\/www.europesays.com\/es\/wp-json\/wp\/v2\/types\/post"}],"author":[{"embeddable":true,"href":"https:\/\/www.europesays.com\/es\/wp-json\/wp\/v2\/users\/2"}],"replies":[{"embeddable":true,"href":"https:\/\/www.europesays.com\/es\/wp-json\/wp\/v2\/comments?post=746608"}],"version-history":[{"count":0,"href":"https:\/\/www.europesays.com\/es\/wp-json\/wp\/v2\/posts\/746608\/revisions"}],"wp:featuredmedia":[{"embeddable":true,"href":"https:\/\/www.europesays.com\/es\/wp-json\/wp\/v2\/media\/746609"}],"wp:attachment":[{"href":"https:\/\/www.europesays.com\/es\/wp-json\/wp\/v2\/media?parent=746608"}],"wp:term":[{"taxonomy":"category","embeddable":true,"href":"https:\/\/www.europesays.com\/es\/wp-json\/wp\/v2\/categories?post=746608"},{"taxonomy":"post_tag","embeddable":true,"href":"https:\/\/www.europesays.com\/es\/wp-json\/wp\/v2\/tags?post=746608"}],"curies":[{"name":"wp","href":"https:\/\/api.w.org\/{rel}","templated":true}]}}