{"id":746626,"date":"2026-09-04T02:29:17","date_gmt":"2026-09-04T02:29:17","guid":{"rendered":"https:\/\/www.europesays.com\/es\/746626\/"},"modified":"2026-09-04T02:29:17","modified_gmt":"2026-09-04T02:29:17","slug":"que-suponen-las-propuestas-de-sanchez-sobre-la-ue-para-ceuta-y-melilla","status":"publish","type":"post","link":"https:\/\/www.europesays.com\/es\/746626\/","title":{"rendered":"\u00bfQu\u00e9 suponen las propuestas de S\u00e1nchez sobre la UE para Ceuta y Melilla?"},"content":{"rendered":"<p class=\"c-paragraph\">El presidente del Gobierno, Pedro S\u00e1nchez, ha anunciado este jueves que solicitar\u00e1 a Bruselas que las ciudades aut\u00f3nomas de <a href=\"https:\/\/www.heraldo.es\/noticias\/nacional\/2026\/09\/03\/marlaska-se-queja-cgpj-jueza-que-investiga-entrada-masiva-ceuta-isabel-perello-pide-respeto-2049310.html\" title=\"Marlaska se queja al CGPJ de la jueza que investiga la entrada masiva a Ceuta e Isabel Perell\u00f3 pide &quot;respeto&quot;\" target=\"_blank\" rel=\"nofollow noopener\">Ceuta<\/a> y Melilla sean reconocidas como <b>regiones ultraperif\u00e9ricas de la UE<\/b>, su inclusi\u00f3n en la uni\u00f3n aduanera europea y su representaci\u00f3n permanente en el Comit\u00e9 de Regiones de la UE.<\/p>\n<p class=\"c-paragraph\">A\u00a0continuaci\u00f3n\u00a0se explican las claves de estas <b>tres propuestas <\/b>y sus implicaciones.<\/p>\n<p>\u00bfPueden Ceuta y Melilla ser reconocidas como regiones ultraperif\u00e9ricas?<\/p>\n<p class=\"c-paragraph\">En la UE hay actualmente 9 regiones reconocidas oficialmente como ultraperif\u00e9ricas (RUP), pertenecientes a solo tres Estados miembros: <b>Canarias, en Espa\u00f1a<\/b>; Azores y Madeira, en Portugal; Guadalupe, Martinica, San Mart\u00edn, Guayana Francesa, Reuni\u00f3n y\u00a0Mayote, en Francia.<\/p>\n<p class=\"c-paragraph\">Para que un territorio pase a tener estatus de RUP es necesario un <b>procedimiento legislativo complejo que incluye una enmienda al Tratado de Funcionamiento de la UE (TFUE)<\/b>, y que requiere de la presentaci\u00f3n de una propuesta a la Comisi\u00f3n Europea, una consulta al Parlamento Europeo y la aprobaci\u00f3n por unanimidad de los Veintisiete.<\/p>\n<p class=\"c-paragraph\">El citado tratado establece una serie de \u00abcondicionantes estructurales y permanentes\u00bb que deben cumplirse para obtener esa designaci\u00f3n: <b>gran lejan\u00eda de territorio continental, insularidad, reducida superficie, relieve y clima adversos, y dependencia econ\u00f3mica.<\/b><\/p>\n<p class=\"c-paragraph\">El reconocimiento como RUP conlleva un<b> estatus preferente dentro de la UE<\/b> que incluye el acceso a una mayor cofinanciaci\u00f3n con fondos europeos, asignaciones de partidas especiales (los fondos FEDER RUP y otros fondos agr\u00edcolas y pesqueros espec\u00edficos al margen de la Pol\u00edtica Agraria Com\u00fan) o la posibilidad de mantener reg\u00edmenes fiscales y aduaneros propios.<\/p>\n<p>\u00bfPueden integrarse en la uni\u00f3n aduanera?<\/p>\n<p class=\"c-paragraph\"><b>Ceuta y Melilla no forman parte de la uni\u00f3n aduanera de la UE<\/b>, que se cre\u00f3 en 1968 y actualmente comprende a sus 27 Estados miembros con la excepci\u00f3n de algunos territorios de\u00a0los mismos, por\u00a0ejemplo\u00a0la danesa Groenlandia.<\/p>\n<p class=\"c-paragraph\">Esta establece un \u00e1rea de libre comercio por la que <b>todos sus miembros aplican los mismos aranceles a las mercanc\u00edas importadas desde terceros pa\u00edses<\/b> y, una vez estas entran en el territorio de la uni\u00f3n, pueden circular de un pa\u00eds a otro sin pagar derechos de aduana ni someterse a controles adicionales.<\/p>\n<p class=\"c-paragraph\">Pese a estar fuera de la misma, los productos originarios de Ceuta y Melilla que se importan en el territorio aduanero de la UE, as\u00ed como los originarios de ese territorio que se importan en las ciudades aut\u00f3nomas, <b>est\u00e1n exentos de derechos de aduanas desde la misma adhesi\u00f3n de Espa\u00f1a al club comunitario.<\/b><\/p>\n<p class=\"c-paragraph\">Adem\u00e1s, desde el a\u00f1o 2000 existen <b>reglas de origen preferencial por las que los productos de Ceuta y Melilla cuentan con exenciones o reducciones arancelarias<\/b> en su comercio con el resto de la UE, y en la mayor\u00eda de acuerdos comerciales entre la UE y terceros pa\u00edses se prev\u00e9 que las exportaciones e importaciones de esas ciudades aut\u00f3nomas reciban el mismo trato que las de la uni\u00f3n aduanera.<\/p>\n<p class=\"c-paragraph\">El tratado de adhesi\u00f3n de Espa\u00f1a ya prev\u00e9 que Ceuta y Melilla puedan incorporarse al territorio aduanero si Espa\u00f1a lo solicita, en cuyo caso la Comisi\u00f3n Europea <b>deber\u00eda presentar una propuesta que tendr\u00eda que ser aprobada por los Estados miembros por unanimidad.<\/b><\/p>\n<p class=\"c-paragraph\">Este procedimiento ya se utiliz\u00f3 para que Canarias, que inicialmente tambi\u00e9n hab\u00eda quedado fuera de la uni\u00f3n aduanera, <b>se sumase a la misma en 1991.<\/b><\/p>\n<p>\u00bfPueden tener presencia fija en el Comit\u00e9 de Regiones de la UE?<\/p>\n<p class=\"c-paragraph\">Las dos ciudades aut\u00f3nomas espa\u00f1olas no han contado hasta ahora con ninguna presencia en el Comit\u00e9 de Regiones de la UE (CDR), un \u00f3rgano de car\u00e1cter consultivo donde <b>est\u00e1n representadas las administraciones regionales y locales de los Veintisiete.<\/b><\/p>\n<p class=\"c-paragraph\">La composici\u00f3n de las delegaciones nacionales en el CDR, que cuenta con 329 esca\u00f1os, se decide a nivel de cada Estado miembro. <b>Espa\u00f1a cuenta con 21 puestos titulares, de los cuales 17 han representado tradicionalmente a comunidades aut\u00f3nomas<\/b> y cuatro a municipios v\u00eda la Federaci\u00f3n Espa\u00f1ola de Municipios y Provincias (FEMP).<\/p>\n<p class=\"c-paragraph\">La presidenta de la FEMP y alcaldesa de Jerez, Mar\u00eda Jos\u00e9 Garc\u00eda-Pelayo (PP), anunci\u00f3 la semana pasada que ceder\u00eda su puesto en el CDR a Ceuta. Espa\u00f1a puede proponer cambios en su representaci\u00f3n en el CDR, que debe ser aprobados formalmente por el Consejo y sin que esta iniciativa pase por el Comit\u00e9, seg\u00fan explicaron fuentes de este organismo.<\/p>\n","protected":false},"excerpt":{"rendered":"El presidente del Gobierno, Pedro S\u00e1nchez, ha anunciado este jueves que solicitar\u00e1 a Bruselas que las ciudades aut\u00f3nomas&hellip;\n","protected":false},"author":2,"featured_media":746627,"comment_status":"","ping_status":"","sticky":false,"template":"","format":"standard","meta":{"footnotes":""},"categories":[5],"tags":[17,18,25,24,13,14,11,4207,19,20,9,10,15,16,26522,2074,199,23,27348,12,21,22],"class_list":["post-746626","post","type-post","status-publish","format-standard","has-post-thumbnail","category-titulares","tag-breaking-news","tag-breakingnews","tag-es","tag-espana","tag-featured-news","tag-featurednews","tag-headlines","tag-las","tag-latest-news","tag-latestnews","tag-news","tag-noticias","tag-noticias-destacadas","tag-noticiasdestacadas","tag-propuestas","tag-que","tag-sanchez","tag-spain","tag-suponen","tag-titulares","tag-ultimas-noticias","tag-ultimasnoticias"],"share_on_mastodon":{"url":"https:\/\/pubeurope.com\/@es\/117210419244668101","error":""},"_links":{"self":[{"href":"https:\/\/www.europesays.com\/es\/wp-json\/wp\/v2\/posts\/746626","targetHints":{"allow":["GET"]}}],"collection":[{"href":"https:\/\/www.europesays.com\/es\/wp-json\/wp\/v2\/posts"}],"about":[{"href":"https:\/\/www.europesays.com\/es\/wp-json\/wp\/v2\/types\/post"}],"author":[{"embeddable":true,"href":"https:\/\/www.europesays.com\/es\/wp-json\/wp\/v2\/users\/2"}],"replies":[{"embeddable":true,"href":"https:\/\/www.europesays.com\/es\/wp-json\/wp\/v2\/comments?post=746626"}],"version-history":[{"count":0,"href":"https:\/\/www.europesays.com\/es\/wp-json\/wp\/v2\/posts\/746626\/revisions"}],"wp:featuredmedia":[{"embeddable":true,"href":"https:\/\/www.europesays.com\/es\/wp-json\/wp\/v2\/media\/746627"}],"wp:attachment":[{"href":"https:\/\/www.europesays.com\/es\/wp-json\/wp\/v2\/media?parent=746626"}],"wp:term":[{"taxonomy":"category","embeddable":true,"href":"https:\/\/www.europesays.com\/es\/wp-json\/wp\/v2\/categories?post=746626"},{"taxonomy":"post_tag","embeddable":true,"href":"https:\/\/www.europesays.com\/es\/wp-json\/wp\/v2\/tags?post=746626"}],"curies":[{"name":"wp","href":"https:\/\/api.w.org\/{rel}","templated":true}]}}