{"id":746638,"date":"2026-09-04T02:43:28","date_gmt":"2026-09-04T02:43:28","guid":{"rendered":"https:\/\/www.europesays.com\/es\/746638\/"},"modified":"2026-09-04T02:43:28","modified_gmt":"2026-09-04T02:43:28","slug":"rtve-muestra-el-primer-avance-de-la-segunda-temporada-de-hasta-el-fin-del-mundo","status":"publish","type":"post","link":"https:\/\/www.europesays.com\/es\/746638\/","title":{"rendered":"RTVE muestra el primer avance de la segunda temporada de &#8216;Hasta el fin del mundo&#8217;"},"content":{"rendered":"<p class=\"c-paragraph\">La presentaci\u00f3n de la nueva temporada de RTVE ha estado llena de novedades, pero sobre todo de regresos. Y, si <a href=\"https:\/\/www.20minutos.es\/television\/david-broncano-sobre-su-futuro-tve-segun-que-suceda-las-elecciones-me-podria-reemplazar-morante-puebla_7032315_0.html\" title=\"Broncano, sobre su futuro en TVE: &quot;No nos enga\u00f1emos, sabemos lo que podr\u00eda pasar&quot;\" rel=\"nofollow noopener\" target=\"_blank\">David Broncano ya anunci\u00f3 la tercera edici\u00f3n de su talk show<\/a>, tambi\u00e9n <b><a href=\"https:\/\/www.20minutos.es\/tags\/personas\/paula-vazquez.html\" title=\"Paula V\u00e1zquez\" target=\"_blank\" rel=\"nofollow noopener\">Paula V\u00e1zquez<\/a> dio un adelanto de lo nuevo de Hasta el fin del mundo.<\/b><\/p>\n<p class=\"c-paragraph\">El reality, al m\u00e1s puro estilo <a href=\"https:\/\/www.20minutos.es\/tags\/instituciones-empresas\/pekin-express.html\" title=\"Pek\u00edn Express\" rel=\"nofollow noopener\" target=\"_blank\">Pek\u00edn Express<\/a>, est\u00e1 grabando su segunda temporada, en la que contar\u00e1n con 7 nuevas parejas:\u00a0<a href=\"https:\/\/www.20minutos.es\/tags\/personas\/maria-del-monte.html\" title=\"Mar\u00eda del Monte\" rel=\"nofollow noopener\" target=\"_blank\">Mar\u00eda del Monte<\/a> y la actriz Roc\u00edo Mu\u00f1oz; la actriz Elena Ballesteros y su hija Jimena; <a href=\"https:\/\/www.20minutos.es\/tags\/personas\/maria-jose-campanario.html\" title=\"Mar\u00eda Jos\u00e9 Campanario\" rel=\"nofollow noopener\" target=\"_blank\">Mar\u00eda Jos\u00e9 Campanario<\/a> y Belinda Washington; Borjamina, de los <a href=\"https:\/\/www.20minutos.es\/tags\/temas\/los-mozos-de-arousa.html\" title=\"Los Mozos de Arousa\" rel=\"nofollow noopener\" target=\"_blank\">Mozos de Arousa<\/a>, y su amigo Miguel \u00c1ngel G\u00f3mez; <a href=\"https:\/\/www.20minutos.es\/tags\/personas\/maestro-joao.html\" title=\"Maestro Joao\" rel=\"nofollow noopener\" target=\"_blank\">Benita Castej\u00f3n<\/a> y su amigo Tony; <a href=\"https:\/\/www.20minutos.es\/tags\/personas\/jorge-sanz.html\" title=\"Jorge Sanz\" rel=\"nofollow noopener\" target=\"_blank\">Jorge Sanz<\/a> y su hijo Merl\u00edn; y los atletas Odeia Jainaga y Fiona Pinar.<\/p>\n<p class=\"c-paragraph\">Aunque los participantes se confirmaron a principios de verano, lo que Paula V\u00e1zquez mostr\u00f3 desde el pa\u00eds asi\u00e1tico de Laos este mi\u00e9rcoles durante la presentaci\u00f3n de RTVE fue un adelanto de lo que est\u00e1 por llegar.<\/p>\n<p class=\"c-paragraph\">\u00abHoy hacemos una peque\u00f1a pausa en el rodaje de la segunda temporada de Hasta el fin del mundo\u00bb, declar\u00f3 la presentadora. \u00ab14 valientes han decidido aceptar <b>uno de los retos m\u00e1s extremos de la televisi\u00f3n<\/b>\u00ab.<\/p>\n<p class=\"c-paragraph\">Acto seguido, se pueden ver los angustiosos momentos que los concursantes vivieron en esta aventura, en la que recorrer\u00e1n m\u00e1s de diez mil kil\u00f3metros desde la puerta de la antigua Ruta de la Seda hasta los volcanes del cintur\u00f3n de fuego del Pac\u00edfico.<\/p>\n<p class=\"c-paragraph\">Y, por lo que se aprecia, no ser\u00e1 nada f\u00e1cil: vivir\u00e1n fuertes temporales de lluvia; <b>Mar\u00eda del Monte robar\u00e1 comida en un supermercado<\/b>; Belinda Washington mentir\u00e1 al decir que est\u00e1 embarazada para conseguir alojamiento; y discutir\u00e1 con su compa\u00f1era de equipo, Mar\u00eda Jos\u00e9 Campanario.<\/p>\n","protected":false},"excerpt":{"rendered":"La presentaci\u00f3n de la nueva temporada de RTVE ha estado llena de novedades, pero sobre todo de regresos.&hellip;\n","protected":false},"author":2,"featured_media":746639,"comment_status":"","ping_status":"","sticky":false,"template":"","format":"standard","meta":{"footnotes":""},"categories":[171],"tags":[7377,146,147,25,24,1156,977,518,3745,23,214],"class_list":["post-746638","post","type-post","status-publish","format-standard","has-post-thumbnail","category-tv","tag-avance","tag-entertainment","tag-entretenimiento","tag-es","tag-espana","tag-muestra","tag-primer","tag-rtve","tag-segunda","tag-spain","tag-tv"],"share_on_mastodon":{"url":"https:\/\/pubeurope.com\/@es\/117210474808386884","error":""},"_links":{"self":[{"href":"https:\/\/www.europesays.com\/es\/wp-json\/wp\/v2\/posts\/746638","targetHints":{"allow":["GET"]}}],"collection":[{"href":"https:\/\/www.europesays.com\/es\/wp-json\/wp\/v2\/posts"}],"about":[{"href":"https:\/\/www.europesays.com\/es\/wp-json\/wp\/v2\/types\/post"}],"author":[{"embeddable":true,"href":"https:\/\/www.europesays.com\/es\/wp-json\/wp\/v2\/users\/2"}],"replies":[{"embeddable":true,"href":"https:\/\/www.europesays.com\/es\/wp-json\/wp\/v2\/comments?post=746638"}],"version-history":[{"count":0,"href":"https:\/\/www.europesays.com\/es\/wp-json\/wp\/v2\/posts\/746638\/revisions"}],"wp:featuredmedia":[{"embeddable":true,"href":"https:\/\/www.europesays.com\/es\/wp-json\/wp\/v2\/media\/746639"}],"wp:attachment":[{"href":"https:\/\/www.europesays.com\/es\/wp-json\/wp\/v2\/media?parent=746638"}],"wp:term":[{"taxonomy":"category","embeddable":true,"href":"https:\/\/www.europesays.com\/es\/wp-json\/wp\/v2\/categories?post=746638"},{"taxonomy":"post_tag","embeddable":true,"href":"https:\/\/www.europesays.com\/es\/wp-json\/wp\/v2\/tags?post=746638"}],"curies":[{"name":"wp","href":"https:\/\/api.w.org\/{rel}","templated":true}]}}