{"id":746648,"date":"2026-09-04T02:48:49","date_gmt":"2026-09-04T02:48:49","guid":{"rendered":"https:\/\/www.europesays.com\/es\/746648\/"},"modified":"2026-09-04T02:48:49","modified_gmt":"2026-09-04T02:48:49","slug":"camilla-lackberg-todos-seriamos-capaces-de-asesinar","status":"publish","type":"post","link":"https:\/\/www.europesays.com\/es\/746648\/","title":{"rendered":"Camilla L\u00e4ckberg: \u00abTodos ser\u00edamos capaces de asesinar\u00bb"},"content":{"rendered":"<p>\u00abNo quer\u00eda morir. Quer\u00eda gritar, ara\u00f1ar, liberarse, pero era como si el cuerpo se negara a obedecer. Pensamientos extra\u00f1os iban y ven\u00edan como rayos. Pensamientos irracionales\u00bb. <\/p>\n<p><strong>Camilla L\u00e4ckberg<\/strong>, la reina indiscutible de la novela negra n\u00f3rdica -ha vendido m\u00e1s de 40 millones de libros en 60 pa\u00edses- vuelve a matar en su localidad natal, Fj\u00e4llbacka, un tranquilo pueblo costero que dispara sus \u00edndices de criminalidad en la ficci\u00f3n.<\/p>\n<p>La autora sueca comienza su \u00faltimo libro El llanto de los muertos, la <strong>duod\u00e9cima entrega de la serie<\/strong>, con la visi\u00f3n de Sofie, una adolescente, sobre sus \u00faltimos momentos de vida. A lo largo de sus 554 p\u00e1ginas, intercala p\u00e1ginas del diario de la chica de diecis\u00e9is a\u00f1os, lo que permite conocerla mejor.<\/p>\n<p>La mayor\u00eda de las novelas negras comienzan con una <strong>mujer muerta<\/strong>, L\u00e4ckberg sigue la pauta pero, frente a la atenci\u00f3n morbosa que recibe el asesino en la vida real, prefiere centrarse en la v\u00edctima: \u00abDesde el principio de mi carrera como escritora he querido <strong>centrarme en la v\u00edctima<\/strong> y no solo en su perspectiva, sino tambi\u00e9n en el impacto que estos delitos tienen en sus familiares, en sus amigos, porque un asesinato destroza a much\u00edsimas personas\u00bb.<\/p>\n<p>Cr\u00edmenes reales<\/p>\n<p>Fascinada desde los cuatro a\u00f1os con los asesinatos, confiesa que sigue <strong>juicios en directo sobre cr\u00edmenes reales<\/strong> en Estados Unidos como un hobby, no necesariamente para utilizarlos como material de sus novelas. En la actualidad, est\u00e1 pendiente del veredicto sobre el \u00abtr\u00e1gico suceso\u00bb de <strong>Lindsay Clancy<\/strong>, una enfermera de Massachusetts que asesin\u00f3 a sus tres hijos en plena depresi\u00f3n postparto.<\/p>\n<p>La novelista explica que la atenci\u00f3n medi\u00e1tica sobre el caso sirve para poner el foco sobre una realidad que afecta al 8% de las mujeres que dan a luz y denuncia que Clancy pidi\u00f3 ayuda, pero no la recibi\u00f3 por lo que el debate es \u00aburgente\u00bb. Confiesa que <strong>ella sufri\u00f3 depresi\u00f3n postparto<\/strong> al dar a luz a sus dos primeros hijos, Wille y Meja (tiene cuatro hijos de tres maridos, los mencionados con Micke Eriksson, Charlie con Martin Melin, y Polly con Simon Sk\u00f6ld).<\/p>\n<p>Feminista comprometida, su protagonista Erica Falck tambi\u00e9n sufri\u00f3 depresi\u00f3n postparto en una de las novelas de la saga y su evoluci\u00f3n ha ido en paralelo a la de la propia Camilla L\u00e4ckberg, su alter ego empez\u00f3 soltera y ahora tambi\u00e9n es madre de familia numerosa: \u00ab<strong>Las dos nos hemos convertido en adultas<\/strong>, un poco de la mano, hemos crecido juntas\u00bb y a\u00f1ade que como escritora ahora tiene \u00abun nivel de confianza mucho m\u00e1s alto\u00bb y se atreve m\u00e1s con los personajes.<\/p>\n<p>La saga de los cr\u00edmenes de Fj\u00e4llbacka empez\u00f3 hace m\u00e1s de veinte a\u00f1os con La princesa de hielo, editada por Maeva, pero la sueca, economista de profesi\u00f3n, se pas\u00f3 a Planeta en su libro anterior, Sue\u00f1os de bronce, que culminaba la <a href=\"https:\/\/www.rtve.es\/noticias\/20250205\/camilla-laeckberg-cierra-con-suenos-bronce-su-trilogia-venganza-gana-tu-propio-dinero\/16434681.shtml\" rel=\"nofollow noopener\" target=\"_blank\">trilog\u00eda de venganza de Faye<\/a>.<\/p>\n<p>Maternidades<\/p>\n<p>En la novela aborda distintas aristas de la maternidad, desde la completamente disfuncional que no protege a su hija de abusos sexuales de sus parejas ocasionales a la que encubre un asesinato para proteger a sus hijos. L\u00e4ckberg cree que \u00abdadas las circunstancias, <strong>todos ser\u00edamos capaces de matar<\/strong>\u00ab, pero por distintos motivos, algunos por <strong>dinero<\/strong>, otros por <strong>venganza<\/strong> o en un ataque de <strong>ira<\/strong>. En particular, reconoce que \u00ab<strong>si alguien amenazara a mis hijos<\/strong> o mi propia vida podr\u00eda matarle\u00bb.<\/p>\n<p>A rengl\u00f3n seguido, la creadora matiza que su marido, presente en la sala, es especialista en artes marciales mixtas por lo que espera que, de darse el caso, se ocupe \u00e9l del atacante. El \u00fanico problema es que, como subraya la propia L\u00e4ckberg, en nueve de cada diez cr\u00edmenes el autor es una persona conocida por lo que \u00ab<strong>el lugar m\u00e1s peligroso es d\u00f3nde te sientes m\u00e1s segura<\/strong>, en tu casa con tu familia o con tus amigos\u00bb.<\/p>\n<p>Frente al dilema de c\u00f3mo reaccionar\u00eda si uno de sus hijos cometiera un asesinato, admite que no sabe si coger\u00eda una pala para ayudarle a enterrar el cad\u00e1ver o llamar\u00eda a la polic\u00eda, tendr\u00eda que experimentar la situaci\u00f3n real.<\/p>\n<p>Profeta en su tierra, sus paisanos le agradecen que haya puesto Fj\u00e4llbacka en el mapa y alguno le sugiere que \u00ab<strong>mate a su suegra<\/strong>\u00bb o que oculte un cuerpo en su jard\u00edn.<\/p>\n<p>\t\tCamila Lackberg en Espa\u00f1a: la escritora tiene una nueva novela negra a la venta\t<\/p>\n<p>Disfunci\u00f3n familiar<\/p>\n<p>En El llanto de los muertos, L\u00e4ckberg evoca la figura de <strong>la pla\u00f1idera<\/strong> en los entierros, una mujer cuyo oficio pasa de generaci\u00f3n en generaci\u00f3n y tiene la habilidad de encontrar la canci\u00f3n adecuada para acompa\u00f1ar a las almas en su tr\u00e1nsito. Una sugerente l\u00ednea argumental que no desarrolla demasiado. En la presentaci\u00f3n, L\u00e4ckberg explica que se trata de una tradici\u00f3n de origen ruso y que un art\u00edculo, con un audio incluido, fue el <strong>punto de partida<\/strong> del libro.<\/p>\n<p>Cuenta que cuando muri\u00f3 su padre, ella ten\u00eda 19 a\u00f1os y paseando con su madre por Fj\u00e4llbacka la gente pasaba a su lado como si fueran invisibles, sin saber qu\u00e9 decir por lo que subraya la <strong>necesidad de hablar del duelo<\/strong>, del dolor y sentirse acompa\u00f1ados cuando se produce <a href=\"https:\/\/www.rtve.es\/noticias\/20260821\/carmen-martin-gaite-siri-hustvedt-michele-ruol-libros-duelo\/17167646.shtml\" rel=\"nofollow noopener\" target=\"_blank\">la p\u00e9rdida de seres queridos<\/a>.<\/p>\n<p>Apunta que no conoce la violencia de las pandillas o el terrorismo, por eso no escribe sobre esos temas, pero conoce a la perfecci\u00f3n las din\u00e1micas familiares: \u00abTodos tenemos cierto grado de disfunci\u00f3n dentro de nuestras familias y eso lo que hace que empaticemos con las historias de los libros. Y porque la <strong>disfunci\u00f3n familiar tambi\u00e9n es parte de la vida<\/strong>\u00ab.<\/p>\n<p>Sin vacaciones<\/p>\n<p>La autora superventas dise\u00f1a <strong>joyas<\/strong>, tiene su propio <strong>vino<\/strong> y e incluso un reality en la televisi\u00f3n sueca con toda su familia, adem\u00e1s de participar en Mira quien baila o Masterchef. Preguntada por su <strong>plato estrella<\/strong>, responde que la carbonara, con pasta fresca hecha por sus propias manos. A la hora de recordar un sabor de la infancia, se queda con la sopa de pescado y marisco de su padre, un gran cocinero aficionado, que tambi\u00e9n bordaba la bolo\u00f1esa; como homenaje recoge ambos platos en su libro de recetas.<\/p>\n<p>L\u00e4ckberg ha pasado el verano en su <strong>casa de Altea<\/strong>, pero no ha parado de escribir: \u00ab<strong>No he tenido vacaciones<\/strong>, pero estoy contenta\u00bb, asegura que ha dedicado entre ocho y diez horas al d\u00eda a terminar la siguiente novela de la serie, la n\u00famero trece de la pareja de investigadores formada por el polic\u00eda Patrik Hedstr\u00f6m y la escritora Erica Falck, \u00absus mejores amigos\u00bb.<\/p>\n<p>El llanto de los muertos termina con un <strong>final en suspenso<\/strong>, un cliffhanger de manual, para que los incondicionales de los cr\u00edmenes de Fj\u00e4llbacka sigan disfrutando de asesinatos, suicidios, violaciones, violencia dom\u00e9stica, secuestros de ni\u00f1os y oscuros secretos familiares.<\/p>\n","protected":false},"excerpt":{"rendered":"\u00abNo quer\u00eda morir. Quer\u00eda gritar, ara\u00f1ar, liberarse, pero era como si el cuerpo se negara a obedecer. Pensamientos&hellip;\n","protected":false},"author":2,"featured_media":746649,"comment_status":"","ping_status":"","sticky":false,"template":"","format":"standard","meta":{"footnotes":""},"categories":[91],"tags":[146,147,25,24,23],"class_list":["post-746648","post","type-post","status-publish","format-standard","has-post-thumbnail","category-entretenimiento","tag-entertainment","tag-entretenimiento","tag-es","tag-espana","tag-spain"],"share_on_mastodon":{"url":"https:\/\/pubeurope.com\/@es\/117210497811603323","error":""},"_links":{"self":[{"href":"https:\/\/www.europesays.com\/es\/wp-json\/wp\/v2\/posts\/746648","targetHints":{"allow":["GET"]}}],"collection":[{"href":"https:\/\/www.europesays.com\/es\/wp-json\/wp\/v2\/posts"}],"about":[{"href":"https:\/\/www.europesays.com\/es\/wp-json\/wp\/v2\/types\/post"}],"author":[{"embeddable":true,"href":"https:\/\/www.europesays.com\/es\/wp-json\/wp\/v2\/users\/2"}],"replies":[{"embeddable":true,"href":"https:\/\/www.europesays.com\/es\/wp-json\/wp\/v2\/comments?post=746648"}],"version-history":[{"count":0,"href":"https:\/\/www.europesays.com\/es\/wp-json\/wp\/v2\/posts\/746648\/revisions"}],"wp:featuredmedia":[{"embeddable":true,"href":"https:\/\/www.europesays.com\/es\/wp-json\/wp\/v2\/media\/746649"}],"wp:attachment":[{"href":"https:\/\/www.europesays.com\/es\/wp-json\/wp\/v2\/media?parent=746648"}],"wp:term":[{"taxonomy":"category","embeddable":true,"href":"https:\/\/www.europesays.com\/es\/wp-json\/wp\/v2\/categories?post=746648"},{"taxonomy":"post_tag","embeddable":true,"href":"https:\/\/www.europesays.com\/es\/wp-json\/wp\/v2\/tags?post=746648"}],"curies":[{"name":"wp","href":"https:\/\/api.w.org\/{rel}","templated":true}]}}