{"id":746658,"date":"2026-09-04T02:54:25","date_gmt":"2026-09-04T02:54:25","guid":{"rendered":"https:\/\/www.europesays.com\/es\/746658\/"},"modified":"2026-09-04T02:54:25","modified_gmt":"2026-09-04T02:54:25","slug":"la-policia-aviso-a-canarias-el-mismo-dia-del-colapso-de-ceuta-de-un-posible-repunte-de-llegadas-desde-marruecos","status":"publish","type":"post","link":"https:\/\/www.europesays.com\/es\/746658\/","title":{"rendered":"La Polic\u00eda avis\u00f3 a Canarias el mismo d\u00eda del colapso de Ceuta de un posible repunte de llegadas desde Marruecos"},"content":{"rendered":"<p>El <b>31 de julio<\/b>, con la <b>frontera de El Tarajal<\/b> todav\u00eda desbordada, la unidad de inteligencia de la <b>Comisar\u00eda General de Extranjer\u00eda y Fronteras<\/b> envi\u00f3 una alerta a la <b>Jefatura Superior de Polic\u00eda de Canarias<\/b>, que advert\u00eda del riesgo de un <b>aumento de las llegadas de embarcaciones irregulares al <\/b><a title=\"Archipi\u00e9lago\" href=\"https:\/\/www.larazon.es\/canarias\/\" target=\"_blank\" rel=\"nofollow noopener\">Archipi\u00e9lago<\/a>. El aviso, registrado con el n\u00famero <b>2026002600300001381<\/b>, figura entre los anexos del informe que el <b>Centro Nacional de Inmigraci\u00f3n y Fronteras (CENIF)<\/b> ha remitido al <b>Tribunal Central de Instancia n\u00famero 3 de la Audiencia Nacional<\/b> sobre la <b>entrada masiva<\/b> de los d\u00edas 30 y 31 de julio en Ceuta.<\/p>\n<p>Canarias aparece en varios de sus pasajes y siempre bajo la lupa de convertirse en un escenario posible de colapso una vez completado el paso de Ceuta. <b>El informe explica que en los d\u00edas siguientes al 30-J se emitieron nuevas alertas por eventuales traslados de inmigrantes a la Pen\u00ednsula<\/b> y por la posible \u00ab<b>extensi\u00f3n de reactivaci\u00f3n de flujos migratorios desde Marruecos hacia las <\/b><a title=\"Islas Canarias\" href=\"https:\/\/www.larazon.es\/canarias\/\" target=\"_blank\" rel=\"nofollow noopener\">Islas Canarias<\/a>\u00ab. El 4 de agosto se curs\u00f3 otra que, seg\u00fan la relaci\u00f3n de anexos, tuvo entre sus destinatarios a las jefaturas superiores de Ceuta, Melilla, Canarias y las dos de Andaluc\u00eda.<\/p>\n<p>El texto describe lo ocurrido en Ceuta como una entrada planificada, en ning\u00fan caso espont\u00e1nea, y sit\u00faa entre sus organizadores a personas vinculadas a las fuerzas de seguridad de Marruecos. Habla de una permisividad total de la polic\u00eda marroqu\u00ed durante aquellas horas y de agentes, uniformados y de paisano, que orientaban a la gente hacia el espig\u00f3n.<\/p>\n<p>Cinco semanas despu\u00e9s la reactivaci\u00f3n parece no haber llegado. Hasta el 31 de agosto han arribado en Canarias 5.163 personas en 70 embarcaciones, 6.963 inmigrantes y 128 pateras menos que en los primeros ocho meses de 2025, cuando se contabilizaron 12.126 llegadas en 198 embarcaciones. El bolet\u00edn anterior, cerrado el 15 de agosto, situaba la cifra en 4.808: apenas 350 personas en la segunda quincena del mes.<\/p>\n<p>Sin embargo, que baje el n\u00famero no significa que lo haga el riesgo. Este mismo jueves, <b>Salvamento Mar\u00edtimo<\/b> localiz\u00f3 a unos 120 kil\u00f3metros al sur de Gran Canaria, un <a title=\"cayuco\" href=\"https:\/\/www.larazon.es\/canarias\/mas-80-personas-mueren-cayuco-rescatado-deriva-sur-canarias-26-dias-mar_202609036a9927793bfe5d1eff416c51.html\" target=\"_blank\" rel=\"nofollow noopener\">cayuco<\/a> que hab\u00eda salido de Gambia con 128 personas a bordo y llevaba 26 d\u00edas a la deriva. Sobrevivieron 45. \u00ab<b>Es insoportable que sigan perdi\u00e9ndose vidas<\/b>\u00ab, escribi\u00f3 <a title=\"Fernando Clavijo en &#039;X&#039;,\" href=\"https:\/\/www.larazon.es\/canarias\/clavijo-estalla-sanchez-ceuta-presidente-puede-estar-vacaciones-mientras-eso-ocurre-pais_202608316a9552364941316b1e7200f7.html\" target=\"_blank\" rel=\"nofollow noopener\">Fernando Clavijo en &#8216;X&#8217;,<\/a> reclamando asimismo una pol\u00edtica migratoria de Estado y no normalizando que el oc\u00e9ano Atl\u00e1ntico siga siendo una <b>ruta de muerte.<\/b><\/p>\n<p>Asimismo, el propio Clavijo considera \u00abdif\u00edcil\u00bb una llegada masiva comparable a la de Ceuta sobre Canarias, ya que el mar funciona como barrera, pero avisaba de que nada impide que Marruecos \u00abdeje de controlar la salida de cayucos\u00bb.<\/p>\n","protected":false},"excerpt":{"rendered":"El 31 de julio, con la frontera de El Tarajal todav\u00eda desbordada, la unidad de inteligencia de la&hellip;\n","protected":false},"author":2,"featured_media":746659,"comment_status":"","ping_status":"","sticky":false,"template":"","format":"standard","meta":{"footnotes":""},"categories":[5],"tags":[17,18,1896,4486,132625,25,24,13,14,11,590,11741,19,20,4485,9,10,15,16,586,23,12,21,22],"class_list":["post-746658","post","type-post","status-publish","format-standard","has-post-thumbnail","category-titulares","tag-breaking-news","tag-breakingnews","tag-canarias","tag-ceuta","tag-crisismigratoriaeneuropa","tag-es","tag-espana","tag-featured-news","tag-featurednews","tag-headlines","tag-inmigracion","tag-islas-canarias","tag-latest-news","tag-latestnews","tag-marruecos","tag-news","tag-noticias","tag-noticias-destacadas","tag-noticiasdestacadas","tag-policia","tag-spain","tag-titulares","tag-ultimas-noticias","tag-ultimasnoticias"],"share_on_mastodon":{"url":"https:\/\/pubeurope.com\/@es\/117210517650938239","error":""},"_links":{"self":[{"href":"https:\/\/www.europesays.com\/es\/wp-json\/wp\/v2\/posts\/746658","targetHints":{"allow":["GET"]}}],"collection":[{"href":"https:\/\/www.europesays.com\/es\/wp-json\/wp\/v2\/posts"}],"about":[{"href":"https:\/\/www.europesays.com\/es\/wp-json\/wp\/v2\/types\/post"}],"author":[{"embeddable":true,"href":"https:\/\/www.europesays.com\/es\/wp-json\/wp\/v2\/users\/2"}],"replies":[{"embeddable":true,"href":"https:\/\/www.europesays.com\/es\/wp-json\/wp\/v2\/comments?post=746658"}],"version-history":[{"count":0,"href":"https:\/\/www.europesays.com\/es\/wp-json\/wp\/v2\/posts\/746658\/revisions"}],"wp:featuredmedia":[{"embeddable":true,"href":"https:\/\/www.europesays.com\/es\/wp-json\/wp\/v2\/media\/746659"}],"wp:attachment":[{"href":"https:\/\/www.europesays.com\/es\/wp-json\/wp\/v2\/media?parent=746658"}],"wp:term":[{"taxonomy":"category","embeddable":true,"href":"https:\/\/www.europesays.com\/es\/wp-json\/wp\/v2\/categories?post=746658"},{"taxonomy":"post_tag","embeddable":true,"href":"https:\/\/www.europesays.com\/es\/wp-json\/wp\/v2\/tags?post=746658"}],"curies":[{"name":"wp","href":"https:\/\/api.w.org\/{rel}","templated":true}]}}