{"id":746662,"date":"2026-09-04T03:02:25","date_gmt":"2026-09-04T03:02:25","guid":{"rendered":"https:\/\/www.europesays.com\/es\/746662\/"},"modified":"2026-09-04T03:02:25","modified_gmt":"2026-09-04T03:02:25","slug":"aj-lawson-vais-a-ver-un-par-de-mates-espectaculares","status":"publish","type":"post","link":"https:\/\/www.europesays.com\/es\/746662\/","title":{"rendered":"AJ Lawson: \u00abVais a ver un par de mates espectaculares\u00bb"},"content":{"rendered":"<p>\n        AJ Lawson ya empieza a <strong>sentirse como uno m\u00e1s en el <\/strong><a href=\"https:\/\/www.noticiasdealava.eus\/baskonia\/\" title=\"Baskonia\" target=\"_blank\" class=\"link copy\" rel=\"nofollow noopener\">Baskonia<\/a>. El escolta canadiense afronta su <strong>primera experiencia en el baloncesto europeo<\/strong> con la m\u00e1xima ilusi\u00f3n y con <strong>una idea muy clara: ayudar al equipo a ganar. <\/strong>\n<\/p>\n<p class=\"article-body__text \">\n        Su objetivo pasa por aportar energ\u00eda, intensidad defensiva y velocidad en transici\u00f3n, sin renunciar a su capacidad anotadora. El jugador nacido en Toronto, que<strong> ha firmado por dos temporadas, lucir\u00e1 el dorsal 1 <\/strong>y desvel\u00f3 que cuenta con <strong>pasaporte jamaicano por sus ra\u00edces maternas<\/strong>, ya que su madre naci\u00f3 y creci\u00f3 en Jamaica antes de trasladarse a Canad\u00e1.\n<\/p>\n<p class=\"article-body__text \">\n        AJ Lawson ya empieza a sentir como propio el Baskonia. El escolta canadiense no esconde las ganas con las que aterriza en Vitoria. Su mensaje durante su presentaci\u00f3n fue claro: viene dispuesto a <strong>dar el cien por cien, ayudar al equipo a ganar y disfrutar de una nueva etapa en su carrera.<\/strong> Una oportunidad que afronta con la m\u00e1xima ilusi\u00f3n y con la intenci\u00f3n de mostrar todas las virtudes que le han llevado hasta la <a href=\"https:\/\/www.euroleaguebasketball.net\/es\/euroleague\/\" title=\"Euroliga.\" rel=\"nofollow noopener\" target=\"_blank\" class=\"link copy\">Euroliga.<\/a>\n<\/p>\n<blockquote class=\"twitter-tweet\" data-lang=\"es\" wp_automatic_readability=\"5.0730337078652\">\n<p lang=\"es\" dir=\"ltr\">\u00a1Ya est\u00e1 por aqu\u00ed A.J. Lawson!  <\/p>\n<p>\ud83c\udf99\ufe0fComienza su presentaci\u00f3n como nuevo azulgrana \ud83d\udd35\ud83d\udd34 <a href=\"https:\/\/t.co\/iqChbs8rdh\" rel=\"nofollow\">pic.twitter.com\/iqChbs8rdh<\/a><\/p>\n<p>\u2014 Kosner Baskonia (@Baskonia) <a href=\"https:\/\/x.com\/Baskonia\/status\/2095423357898326212?ref_src=twsrc%5Etfw\" rel=\"nofollow\">3 de septiembre de 2026<\/a><\/p><\/blockquote>\n<p class=\"article-body__text \">\n        \u201cEstoy muy emocionado de estar aqu\u00ed, de dar mi 100%, ayudar al equipo a ganar y simplemente <strong>jugar el mejor baloncesto que pueda<\/strong>\u201d, se\u00f1al\u00f3 <a href=\"https:\/\/www.noticiasdealava.eus\/baskonia\/2026\/08\/21\/aj-lawson-llega-ganas-huella-11458172.html\" title=\"Lawson\" target=\"_blank\" class=\"link copy\" rel=\"nofollow noopener\">Lawson<\/a>, que encontr\u00f3 en la propuesta azulgrana una oportunidad que encajaba con sus aspiraciones.\n<\/p>\n<p class=\"article-body__text \">\n        El canadiense asegura que le atrajo especialmente la posibilidad de <strong>incorporarse a una entidad con una cultura ganadora<\/strong>. \u201cSent\u00ed que era una gran oportunidad. Hay un buen baloncesto, una cultura ganadora. Vi que el a\u00f1o pasado ganaron la Copa y quiero contribuir a eso este a\u00f1o\u201d, explic\u00f3.\n<\/p>\n<p>        \u201cSent\u00ed que era una gran oportunidad. Hay un buen baloncesto, una cultura ganadora. Vi que el a\u00f1o pasado ganaron la Copa y quiero contribuir a eso este a\u00f1o\u201d<\/p>\n<p class=\"article-quote__author\">AJ Lawson &#8211; Jugador del Baskonia<\/p>\n<p class=\"article-body__text \">\n        Su intenci\u00f3n es <strong>hacerlo desde su propio estilo<\/strong>, sin renunciar a las caracter\u00edsticas que le han permitido hacerse un hueco en el baloncesto estadounidense. \u201cQuiero ser yo mismo, <strong>aportar esa energ\u00eda, esa presencia defensiva y ofensiva en transici\u00f3n <\/strong>y simplemente ser yo y dejar que mi juego funcione\u201d.\n<\/p>\n<p>  Un f\u00edsico privilegiado<\/p>\n<p class=\"article-body__text \">\n        Esa energ\u00eda es precisamente una de las cualidades que m\u00e1s destaca F\u00e9lix Fern\u00e1ndez del nuevo exterior azulgrana. El director deportivo baskonista considera que <strong>Lawson re\u00fane un f\u00edsico privilegiado<\/strong> y grandes capacidades tanto en ataque como en defensa, adem\u00e1s de una capacidad de tiro que ampl\u00eda sus recursos.\n<\/p>\n<p>        F\u00e9lix Fern\u00e1ndez destaca su f\u00edsico y talento, aunque advierte de que deber\u00e1 adaptarse al baloncesto europeo, por las particularidades de los espacios y las situaciones de pase.<\/p>\n<p class=\"article-body__text \">\n        Fern\u00e1ndez advierte, eso s\u00ed, de que <strong>necesitar\u00e1 un periodo de adaptaci\u00f3n a un baloncesto europeo diferente<\/strong> al que ha conocido hasta ahora, especialmente por las particularidades de los espacios y las situaciones de pase.\n<\/p>\n<blockquote class=\"twitter-tweet\" data-lang=\"es\" wp_automatic_readability=\"3.6666666666667\">\n<p lang=\"es\" dir=\"ltr\">\ud83d\udde3\ufe0fF\u00e9lix Fern\u00e1ndez, director deportivo <a href=\"https:\/\/t.co\/OfPk3px9aD\" rel=\"nofollow\">pic.twitter.com\/OfPk3px9aD<\/a><\/p>\n<p>\u2014 Kosner Baskonia (@Baskonia) <a href=\"https:\/\/x.com\/Baskonia\/status\/2095432784424657142?ref_src=twsrc%5Etfw\" rel=\"nofollow\">3 de septiembre de 2026<\/a><\/p><\/blockquote>\n<p>  El ritmo del juego<\/p>\n<p class=\"article-body__text \">\n        El propio Lawson asume ese reto. M\u00e1s que preocuparse por las diferencias, entiende que <strong>su principal reto ser\u00e1 acostumbrarse al ritmo de la competici\u00f3n.<\/strong> \u201cPara m\u00ed probablemente sea solo aprender el ritmo del juego. En la ACB va a ser un juego de ritmo r\u00e1pido. Solo tengo que ser yo, tirar cuando est\u00e9 abierto, jugar una defensa dura y jugar con toneladas de energ\u00eda. Siento que si hago eso, no voy a tener ning\u00fan problema\u201d.\n<\/p>\n<p class=\"article-body__text \">\n        Su hoja de ruta est\u00e1 clara. <strong>Defensa, velocidad y transici\u00f3n deben ser algunas de sus principales armas <\/strong>y es eso lo que le ha pedido Galbiati, seg\u00fan ha reconocido en su presentaci\u00f3n. \u201cQuieren una buena defensa, jugar mi juego en transici\u00f3n,<strong> usar mi velocidad a mi favor y luego tirar cuando est\u00e9 abierto<\/strong>, lanzar los triples y anotarlos\u201d, explic\u00f3 un jugador que no quiere limitarse a una \u00fanica faceta. De hecho, <strong>se define como un jugador completo<\/strong> y promete dejar su sello sobre la pista desde el primer momento.\n<\/p>\n<p>            <a href=\"https:\/\/www.noticiasdealava.eus\/baskonia\/2026\/07\/27\/oficial-baskonia-aj-lawson-fichaje-euroliga-acb-11380433.html\" title=\"Oficial: AJ Lawson refuerza el per\u00edmetro del Baskonia hasta 2028\" class=\"new__media\" rel=\"nofollow noopener\" target=\"_blank\"><\/p>\n<p>                <img alt=\"Oficial: AJ Lawson refuerza el per\u00edmetro del Baskonia hasta 2028\" data-src=\"https:\/\/www.europesays.com\/es\/wp-content\/uploads\/2026\/09\/238fa280-5d15-4192-96cb-fa0f1961b321_16-9-aspect-ratio_default_0_x526y913.jpg\" class=\"lozad\"\/><\/p>\n<p>        <\/a><\/p>\n<p>        <a href=\"https:\/\/www.noticiasdealava.eus\/baskonia\/2026\/07\/27\/oficial-baskonia-aj-lawson-fichaje-euroliga-acb-11380433.html\" title=\"Oficial: AJ Lawson refuerza el per\u00edmetro del Baskonia hasta 2028\" class=\"new__headline\" rel=\"nofollow noopener\" target=\"_blank\"><br \/>\n            Oficial: AJ Lawson refuerza el per\u00edmetro del Baskonia hasta 2028<br \/>\n        <\/a><\/p>\n<p>  &#8216;Crossovers&#8217;, mates, driblar<\/p>\n<p class=\"article-body__text \">\n        <strong>\u201cVas a ver un par de mates espectaculares. Siento que mi juego es bastante completo. Puedo tirar, puedo driblar, puedo jugar defensa<\/strong>. Vas a ver algunos crossovers, tal vez algunas personas cayendo al suelo y, especialmente, algunos mates destacados\u201d, asegur\u00f3 entre sonrisas, consciente de que su capacidad atl\u00e9tica puede convertirse en una de las se\u00f1as de identidad de su paso por Vitoria.\n<\/p>\n<p class=\"article-body__text \">\n        Su aterrizaje en la capital alavesa tampoco est\u00e1 siendo un problema. Lawson reconoce que una de las primeras cosas que le han sorprendido ha sido la acogida recibida. \u201cLo que m\u00e1s me ha <strong>sorprendido probablemente ha sido lo buena que es la comida y lo agradable y acogedora que era la gente<\/strong> en la ciudad. Tambi\u00e9n el cuerpo t\u00e9cnico y todos los que he visto por la ciudad. Me sent\u00ed muy bienvenido\u201d.\n<\/p>\n<p class=\"article-body__text \">\n        Tampoco le preocupa la adaptaci\u00f3n al nuevo vestuario. El escolta destaca el nivel que ha encontrado en los entrenamientos y la variedad de recursos de una plantilla que considera con mucho talento. \u201cNuestro equipo es genial. Tenemos muchos buenos jugadores. Tenemos a Markus, Chris, Kobi, DJ&#8230; Honestamente, todo el equipo es bueno. <strong>He visto mucho talento y diferentes tipos de juego y estoy s\u00faper emocionado de jugar juntos, conocernos y construir esa qu\u00edmica<\/strong>\u201d.\n<\/p>\n<p class=\"article-body__text \">\n        Lawson tambi\u00e9n sabe que la exigencia ser\u00e1 m\u00e1xima en una temporada en la que el Baskonia compaginar\u00e1 ACB y Euroliga. La acumulaci\u00f3n de partidos y el conocimiento que tendr\u00e1n los rivales de sus virtudes obligar\u00e1n a mantener un alto nivel de preparaci\u00f3n.\n<\/p>\n<p class=\"article-body__text \">\n        <strong> \u201cJugando en las dos ligas tienes que estar preparado para todo<\/strong>.Tengo que estar listo, mantener mi cuerpo sano y en forma y cuidarlo para poder jugar toda la temporada\u201d.\n<\/p>\n<p class=\"article-body__text \">\n        F\u00e9lix Fern\u00e1ndez conf\u00eda precisamente en que ese f\u00edsico le permita <strong>convertirse en una pieza importante en ambas competiciones.<\/strong> El club espera que su capacidad atl\u00e9tica, su energ\u00eda y su envergadura tengan impacto en los dos lados de la pista y considera que, <strong>a sus 26 a\u00f1os, llega en un momento especialmente bueno <\/strong>para dar el salto al baloncesto europeo.\n<\/p>\n<p>            <script async src=\"https:\/\/platform.twitter.com\/widgets.js\" charset=\"utf-8\"><\/script><\/p>\n","protected":false},"excerpt":{"rendered":"AJ Lawson ya empieza a sentirse como uno m\u00e1s en el Baskonia. El escolta canadiense afronta su primera&hellip;\n","protected":false},"author":2,"featured_media":746663,"comment_status":"","ping_status":"","sticky":false,"template":"","format":"standard","meta":{"footnotes":""},"categories":[269],"tags":[115982,299,298,4714,168,25,24,13702,86122,38215,23,167,809],"class_list":["post-746662","post","type-post","status-publish","format-standard","has-post-thumbnail","category-baloncesto","tag-aj","tag-baloncesto","tag-basketball","tag-baskonia","tag-deportes","tag-es","tag-espana","tag-lawson","tag-mates","tag-par","tag-spain","tag-sports","tag-ver"],"share_on_mastodon":{"url":"https:\/\/pubeurope.com\/@es\/117210549092465402","error":""},"_links":{"self":[{"href":"https:\/\/www.europesays.com\/es\/wp-json\/wp\/v2\/posts\/746662","targetHints":{"allow":["GET"]}}],"collection":[{"href":"https:\/\/www.europesays.com\/es\/wp-json\/wp\/v2\/posts"}],"about":[{"href":"https:\/\/www.europesays.com\/es\/wp-json\/wp\/v2\/types\/post"}],"author":[{"embeddable":true,"href":"https:\/\/www.europesays.com\/es\/wp-json\/wp\/v2\/users\/2"}],"replies":[{"embeddable":true,"href":"https:\/\/www.europesays.com\/es\/wp-json\/wp\/v2\/comments?post=746662"}],"version-history":[{"count":0,"href":"https:\/\/www.europesays.com\/es\/wp-json\/wp\/v2\/posts\/746662\/revisions"}],"wp:featuredmedia":[{"embeddable":true,"href":"https:\/\/www.europesays.com\/es\/wp-json\/wp\/v2\/media\/746663"}],"wp:attachment":[{"href":"https:\/\/www.europesays.com\/es\/wp-json\/wp\/v2\/media?parent=746662"}],"wp:term":[{"taxonomy":"category","embeddable":true,"href":"https:\/\/www.europesays.com\/es\/wp-json\/wp\/v2\/categories?post=746662"},{"taxonomy":"post_tag","embeddable":true,"href":"https:\/\/www.europesays.com\/es\/wp-json\/wp\/v2\/tags?post=746662"}],"curies":[{"name":"wp","href":"https:\/\/api.w.org\/{rel}","templated":true}]}}