{"id":746664,"date":"2026-09-04T03:03:31","date_gmt":"2026-09-04T03:03:31","guid":{"rendered":"https:\/\/www.europesays.com\/es\/746664\/"},"modified":"2026-09-04T03:03:31","modified_gmt":"2026-09-04T03:03:31","slug":"el-nuevo-destino-historico-de-alberto-mari-tras-rescindir-contrato-con-el-valencia-llego-a-un-club-grande","status":"publish","type":"post","link":"https:\/\/www.europesays.com\/es\/746664\/","title":{"rendered":"El nuevo destino hist\u00f3rico de Alberto Mar\u00ed tras rescindir contrato con el Valencia: \u00abLlego a un club grande\u00bb"},"content":{"rendered":"<p class=\"ft-text\">Alberto Mar\u00ed tiene nuevo equipo tras rescindir contrato con el Valencia. El jugador alicantino, que estuvo una temporada en el Real Zaragoza, abandona su club de toda la vida para firmar por un club hist\u00f3rico de Hungr\u00eda. Tras su cesi\u00f3n en la capital aragonesa, la entidad ch\u00e9 lo mand\u00f3 cedido el a\u00f1o pasado al Mirand\u00e9s donde atraves\u00f3 una grave lesi\u00f3n que le mantuv\u00f3 alejado gran parte de la temporada. El ariete tan solo pudo disputar 19 encuentros en tierras burgalesas, siendo titular en 11 de estos. <\/p>\n<p class=\"ft-text\">\u00abEl <strong>Valencia CF<\/strong> comunica que el jugador <strong>Alberto Mar\u00ed<\/strong> ha dejado de formar parte de la disciplina de la entidad. Desde su debut en partido oficial en 2023, <strong>Alberto Mar\u00ed<\/strong> ha disputado 25 partidos con la camiseta del <strong>Valencia CF<\/strong>, anotando dos goles con el primer equipo\u00bb, anunci\u00f3 el conjunto ch\u00e9 en un comunicado d\u00edas antes del cierre del mercado.<\/p>\n<p>Su paso por el Real Zaragoza<\/p>\n<p class=\"ft-text\">En el Real Zaragoza, a donde lleg\u00f3 cedido sin opci\u00f3n de compra sobre la bocina del mercado de fichajes del pasado verano, <strong>no tuvo el rendimiento esperado, jugando en 27 partidos de Liga (690 minutos) y dos de Copa (151), anotando dos dianas en el campeonato liguero y otra en el torneo del KO.<\/strong><\/p>\n<p class=\"ft-text\"><strong>Con V\u00edctor empez\u00f3 de titular, pero pronto perdi\u00f3 el sitio y el resto de la temporada, con Ram\u00edrez y Gabi, fue sobre todo un recurso de urgencia<\/strong> para buscar el gol en los momentos finales, donde anot\u00f3 tantos decisivos en Granada, que sirv\u00f3 para empatar o sobre todo ante el Cartagena, que supuso el 2-2 y antesala del tanto de Dani G\u00f3mez que trajo la victoria que pr\u00e1cticamente supuso la permanencia, <strong>cerrada ante el Deportivo una semana despu\u00e9s<\/strong>.<\/p>\n<p><img decoding=\"async\" src=\"https:\/\/www.europesays.com\/es\/wp-content\/uploads\/2026\/09\/09335969-645e-4d83-a96c-684ecc841c20_alta-libre-aspect-ratio_default_0.jpg\" width=\"1200\" height=\"764\" alt=\"Alberto Mar\u00ed disputa un bal\u00f3n durante el partido ante el Elche de la primera vuelta.\" class=\"ft-helper-img-rd\" loading=\"lazy\" fetchpriority=\"auto\"\/><\/p>\n<p class=\"ft-helper-fontColor-quaternary ft-helper-fontSize-body-S ft-helper-spacer-t-xxs\">Alberto Mar\u00ed disputa un bal\u00f3n durante el partido ante el Elche de la primera vuelta.  \/ Jaime Galindo<\/p>\n<p>La cuna de Ferenc Pusk\u00e1s<\/p>\n<p class=\"ft-text\"><strong>El Budapest Honv\u00e9d FC, conocido hist\u00f3ricamente como Kispest Honv\u00e9d,<\/strong> es una de las instituciones m\u00e1s emblem\u00e1ticad del f\u00fatbol en Hungr\u00eda. Fundado en 1909 en el distrito de Kispest, en Budapest, el club pas\u00f3 a la historia mundial a medidados del siglo XX tras convertirse en el equipo oficial del ej\u00e9rcito h\u00fangaro en 1949. Esta vinculaci\u00f3n militar le permiti\u00f3 reclutar a los mejores jugadores del pa\u00eds,<strong> conformando uno equipo plagado de leyendas.<\/strong><\/p>\n<p class=\"ft-text\">Durante la d\u00e9cada de 1950, el Honv\u00e9d reuni\u00f3 a figuras legendarias como S\u00e1ndor Kocsis, Zolt\u00e1n Czibor o J\u00f3zsef Bozsik. Eso s\u00ed, por encima de todos ellos, estaba <strong>Ferenc Pusk\u00e1s<\/strong>, la m\u00e1xima figura del club y una leyenda del f\u00fatbol internacional. Apodado \u00abCa\u00f1oncito Pum\u00bb por la prodigiosa potencia y precisi\u00f3n de su zurda, Pusk\u00e1s comenz\u00f3 su carrera en el equipo de su barrio natal desde muy joven y termin\u00f3 convirti\u00e9ndose en el s\u00edmbolo absoluto de la \u00e9poca dorada del club. <\/p>\n<p><img decoding=\"async\" src=\"https:\/\/www.europesays.com\/es\/wp-content\/uploads\/2026\/09\/6926b14a-e9fb-4993-ac07-980592f58660_alta-libre-aspect-ratio_default_0_x703y312.jpg\" width=\"1200\" height=\"800\" alt=\"Alberto Mar\u00ed en un partido con el CD Mirand\u00e9s.\" class=\"ft-helper-img-rd\" loading=\"lazy\" fetchpriority=\"auto\"\/><\/p>\n<p class=\"ft-helper-fontColor-quaternary ft-helper-fontSize-body-S ft-helper-spacer-t-xxs\">Alberto Mar\u00ed en un partido con el CD Mirand\u00e9s.  \/ CD Mirand\u00e9s<\/p>\n<p class=\"ft-text\"><strong>Con la camiseta del Honv\u00e9d conquist\u00f3 cinco t\u00edtulos de liga y firm\u00f3 una cifra astron\u00f3mica de 358 goles<\/strong> en 341 partidos, llegando a consagrarse m\u00e1ximo goleador de la liga h\u00fangara en cuatro temporadas. Adem\u00e1s, lider\u00f3 al equipo en la hist\u00f3rica gira internacional por Europa durante el levantamiento h\u00fangaro de 1956, una traves\u00eda que maravill\u00f3 a miles de aficionados en todo el continente antes de su <strong>sonado e ic\u00f3nico traspaso al Real Madrid.<\/strong><\/p>\n","protected":false},"excerpt":{"rendered":"Alberto Mar\u00ed tiene nuevo equipo tras rescindir contrato con el Valencia. El jugador alicantino, que estuvo una temporada&hellip;\n","protected":false},"author":2,"featured_media":746665,"comment_status":"","ping_status":"","sticky":false,"template":"","format":"standard","meta":{"footnotes":""},"categories":[268],"tags":[9125,168,4578,4482,25,24,119857,280,282,13461,799,32542,281,23,167],"class_list":["post-746664","post","type-post","status-publish","format-standard","has-post-thumbnail","category-futbol","tag-alberto","tag-deportes","tag-destino","tag-dv","tag-es","tag-espana","tag-exotico","tag-football","tag-futbol","tag-mari","tag-real-zaragoza","tag-rescindir","tag-soccer","tag-spain","tag-sports"],"share_on_mastodon":{"url":"https:\/\/pubeurope.com\/@es\/117210554239246243","error":""},"_links":{"self":[{"href":"https:\/\/www.europesays.com\/es\/wp-json\/wp\/v2\/posts\/746664","targetHints":{"allow":["GET"]}}],"collection":[{"href":"https:\/\/www.europesays.com\/es\/wp-json\/wp\/v2\/posts"}],"about":[{"href":"https:\/\/www.europesays.com\/es\/wp-json\/wp\/v2\/types\/post"}],"author":[{"embeddable":true,"href":"https:\/\/www.europesays.com\/es\/wp-json\/wp\/v2\/users\/2"}],"replies":[{"embeddable":true,"href":"https:\/\/www.europesays.com\/es\/wp-json\/wp\/v2\/comments?post=746664"}],"version-history":[{"count":0,"href":"https:\/\/www.europesays.com\/es\/wp-json\/wp\/v2\/posts\/746664\/revisions"}],"wp:featuredmedia":[{"embeddable":true,"href":"https:\/\/www.europesays.com\/es\/wp-json\/wp\/v2\/media\/746665"}],"wp:attachment":[{"href":"https:\/\/www.europesays.com\/es\/wp-json\/wp\/v2\/media?parent=746664"}],"wp:term":[{"taxonomy":"category","embeddable":true,"href":"https:\/\/www.europesays.com\/es\/wp-json\/wp\/v2\/categories?post=746664"},{"taxonomy":"post_tag","embeddable":true,"href":"https:\/\/www.europesays.com\/es\/wp-json\/wp\/v2\/tags?post=746664"}],"curies":[{"name":"wp","href":"https:\/\/api.w.org\/{rel}","templated":true}]}}