{"id":746666,"date":"2026-09-04T03:04:10","date_gmt":"2026-09-04T03:04:10","guid":{"rendered":"https:\/\/www.europesays.com\/es\/746666\/"},"modified":"2026-09-04T03:04:10","modified_gmt":"2026-09-04T03:04:10","slug":"la-reflexion-de-david-beckham-51-anos-sobre-sus-hijos-nunca-veras-a-mis-hijos-entrar-en-una-habitacion-y-no-dejar-que-una-mujer-pase-primero","status":"publish","type":"post","link":"https:\/\/www.europesays.com\/es\/746666\/","title":{"rendered":"La reflexi\u00f3n de David Beckham (51 a\u00f1os) sobre sus hijos: \u00abNunca ver\u00e1s a mis hijos entrar en una habitaci\u00f3n y no dejar que una mujer pase primero\u00bb"},"content":{"rendered":"<p><strong>Nunca vas a ver a mis hijos entrar en una habitaci\u00f3n<\/strong> y no dejar que una mujer pase primero, la reflexi\u00f3n de <a href=\"https:\/\/okdiario.com\/noticias\/david-beckham\/\" rel=\"nofollow noopener\" target=\"_blank\">David Beckham<\/a> sobre sus hijos. El papel de padre o de madre es de los m\u00e1s dif\u00edciles de ejercer que existe. Famosos o no, educar a los hijos es una tarea que nuestros propios padres o madres han tenido que hacer anteriormente con mayor \u00e9xito o fracaso. No somos conscientes de lo importante que es educar.<\/p>\n<p>Nos pasamos la vida trabajando m\u00e1s que disfrutando o estando con una familia que parece que ocupa un papel secundario, cuando en realidad es el fin m\u00e1ximo de nuestra existencia. Podremos tener m\u00e1s o menos a lo largo de la vida, disfrutar de los vienes materiales o no, pero en esencia, deberemos estar preparados para ver llegar algunos cambios que pueden acabar siendo los que nos afectar\u00e1n de lleno. En unos d\u00edas en los que David Beckham no duda en hacernos ver lo que ha conseguido con sus hijos, unos ni\u00f1os que lo han tenido todo desde el primer d\u00eda de vida.<\/p>\n<p>\u00abNunca ver\u00e1s a mis hijos entrar en una habitaci\u00f3n y no dejar que una mujer pase primero\u00bb<\/p>\n<p>La educaci\u00f3n es algo imprescindible en cualquier casa. Ya sea de famosos o de simples trabajadores, nos tenemos que enfrentar a una serie de cambios que pueden acabar siendo los que nos afectar\u00e1n de lleno. En estos d\u00edas en los que realmente tocar\u00e1 saber qu\u00e9 es lo que puede pasar en breve.<\/p>\n<p>Estaremos pendientes de otros elementos, cuando en realidad, lo m\u00e1s importante es disponer de una serie de elementos que pueden acabar siendo los que determinan, no s\u00f3lo la imagen de esa persona, sino de toda su familia o su manera de afrontar los cambios.<\/p>\n<p>Tener educaci\u00f3n no es algo que se pueda comprar con dinero, sino que simplemente acabar\u00e1 marcando una diferencia importante con el paso del tiempo. Un ni\u00f1o que crece viendo a sus padres ser educados, tiene muchos n\u00fameros de serlo.<\/p>\n<p>Es una cuesti\u00f3n de ser el ejemplo perfecto, pero tambi\u00e9n de implicarse en la crianza de un o varios ni\u00f1os. En el caso de los Beckham son una familia numerosa que ha conseguido estar siempre al lado de unos j\u00f3venes que hoy en d\u00eda son un ejemplo a seguir.<\/p>\n<p>La reflexi\u00f3n de David Beckham (51 a\u00f1os) sobre sus hijos<\/p>\n<p>Los hijos de David Beckham han crecido frente a las c\u00e1maras. Son parte de una de las familias m\u00e1s famosas del mundo entero. El futbolista y la cantante de uno de los grupos m\u00e1s famosos de los 90, que han seguido en el ojo del hurac\u00e1n d\u00e9cadas despu\u00e9s de su carrera de \u00e9xito.<\/p>\n<p>No han estado lejos de esc\u00e1ndalos que los han acompa\u00f1ado en numerosas ocasiones, desde esos d\u00edas en los que vimos reinventarse estos famosos. Como dise\u00f1adora de renombre y empresario, hicieron realidad, sus respectivos proyectos profesionales, mientras creaban una familia numerosa.<\/p>\n<p>No ha sido un camino f\u00e1cil, pero vamos viendo gracias a estas entrevistas y v\u00eddeos en redes sociales que los Beckham son mucho m\u00e1s de lo que vemos. Detr\u00e1s de esa imagen cuidada, esos tatuajes que los definen y un estilo que se mantiene en el tiempo despu\u00e9s de d\u00e9cadas, disponen de lo m\u00e1s b\u00e1sico.<\/p>\n<p>Son los primeros en estrechar la mano o presentarse, como j\u00f3venes educados que son y que no dudan en demostrarlo m\u00e1s all\u00e1 de cualquier c\u00e1mara o red social. Motivo de orgullo de un padre que no duda en hacerles respetar unas normas que son esenciales.<\/p>\n<p>Dejar pasar primero a una mujer, un gesto tan sencillo que se est\u00e1 perdiendo a toda velocidad. Ese respeto que demuestran al dejar pasar o al ayudar a los m\u00e1s necesitados, dejar un asiento a una persona mayor o a una embarazada, son peque\u00f1os toques de educaci\u00f3n que se pierden.<\/p>\n<p>De la misma forma que ese respeto por los mayores que son el pilar de toda sociedad. Las mujeres como educadoras y fuentes de vida, como parte esencial de unas familias y de una humanidad que corresponde con este tipo de gestos que no indican superioridad o inferioridad, son parte de una sola esencia del ser humano, el respeto.<\/p>\n<p>Ese respeto por ellas y por ellos, por todos, que representa el pilar de una educaci\u00f3n que empieza en casa. No es un respeto por miedo o por inter\u00e9s, sino que es como debe ser y una parte de la esencia de los hijos de los Beckham que no se ha perdido. Siendo ellos mismos y tambi\u00e9n los mejores colegios e instituciones los han dado pie a unos hombres y a una mujer, la peque\u00f1a del clan, Harper Seven que son motivo de orgullo de sus padres.<\/p>\n","protected":false},"excerpt":{"rendered":"Nunca vas a ver a mis hijos entrar en una habitaci\u00f3n y no dejar que una mujer pase&hellip;\n","protected":false},"author":2,"featured_media":746667,"comment_status":"","ping_status":"","sticky":false,"template":"","format":"standard","meta":{"footnotes":""},"categories":[174],"tags":[255,146,147,25,24,256,23],"class_list":["post-746666","post","type-post","status-publish","format-standard","has-post-thumbnail","category-famosos","tag-celebrities","tag-entertainment","tag-entretenimiento","tag-es","tag-espana","tag-famosos","tag-spain"],"share_on_mastodon":{"url":"https:\/\/pubeurope.com\/@es\/117210557115450052","error":""},"_links":{"self":[{"href":"https:\/\/www.europesays.com\/es\/wp-json\/wp\/v2\/posts\/746666","targetHints":{"allow":["GET"]}}],"collection":[{"href":"https:\/\/www.europesays.com\/es\/wp-json\/wp\/v2\/posts"}],"about":[{"href":"https:\/\/www.europesays.com\/es\/wp-json\/wp\/v2\/types\/post"}],"author":[{"embeddable":true,"href":"https:\/\/www.europesays.com\/es\/wp-json\/wp\/v2\/users\/2"}],"replies":[{"embeddable":true,"href":"https:\/\/www.europesays.com\/es\/wp-json\/wp\/v2\/comments?post=746666"}],"version-history":[{"count":0,"href":"https:\/\/www.europesays.com\/es\/wp-json\/wp\/v2\/posts\/746666\/revisions"}],"wp:featuredmedia":[{"embeddable":true,"href":"https:\/\/www.europesays.com\/es\/wp-json\/wp\/v2\/media\/746667"}],"wp:attachment":[{"href":"https:\/\/www.europesays.com\/es\/wp-json\/wp\/v2\/media?parent=746666"}],"wp:term":[{"taxonomy":"category","embeddable":true,"href":"https:\/\/www.europesays.com\/es\/wp-json\/wp\/v2\/categories?post=746666"},{"taxonomy":"post_tag","embeddable":true,"href":"https:\/\/www.europesays.com\/es\/wp-json\/wp\/v2\/tags?post=746666"}],"curies":[{"name":"wp","href":"https:\/\/api.w.org\/{rel}","templated":true}]}}