{"id":746668,"date":"2026-09-04T03:06:58","date_gmt":"2026-09-04T03:06:58","guid":{"rendered":"https:\/\/www.europesays.com\/es\/746668\/"},"modified":"2026-09-04T03:06:58","modified_gmt":"2026-09-04T03:06:58","slug":"la-fotografia-nocturna-desafia-a-la-contaminacion-luminica","status":"publish","type":"post","link":"https:\/\/www.europesays.com\/es\/746668\/","title":{"rendered":"La fotograf\u00eda nocturna desaf\u00eda a la contaminaci\u00f3n lum\u00ednica"},"content":{"rendered":"<p>Eduardo Garc\u00eda, Luis Alberto Fern\u00e1ndez, Patricia Valencia, Jos\u00e9 Luis G\u00e1rate, V\u00edctor Eslava y Mar\u00eda Dom\u00ednguez saben que la respiraci\u00f3n y los latidos del coraz\u00f3n bajo el cielo nocturno son diferentes, que van a un ritmo distinto. Que el firmamento se expande cuando lo contemplas desde la inmensa oscuridad de la noche. Que el espacio se hace infinito y que se produce una conexi\u00f3n entre el pasado y el presente dif\u00edcil de explicar con palabras. Todo esto, y mucho m\u00e1s, saben estos seis aficionados a la fotograf\u00eda que, m\u00e1s que aficionados, son apasionados de los secretos que el cielo esconde.<\/p>\n<p>Hoy se re\u00fanen bajo el mismo cielo, el de Cuenca, bajo el que tantas veces se han visto para captar momentos irrepetibles de la noche estrellada. \u00abLa mayor\u00eda de las personas no sabemos mirar al cielo. Donde la gente ve estrellas, yo veo historias, veo el pasado, aunque pueda sonar un poco m\u00edstico. S\u00e9 que voy a fotografiar algo que posiblemente ya no est\u00e9 all\u00ed y eso es realmente cautivador\u00bb, dice Eduardo Garc\u00eda (1987, Cuenca). Hace casi veinte a\u00f1os que empez\u00f3 a tomar sus primeras fotograf\u00edas nocturnas. \u00abFue viendo im\u00e1genes de la revista National Geographic cuando me qued\u00e9 impresionado y pens\u00e9: \u00abEsto tengo que intentarlo yo\u00bb\u00bb, rememora. A partir de entonces, se despert\u00f3 en \u00e9l una afici\u00f3n que, m\u00e1s que una afici\u00f3n, se ha convertido en una de las grandes pasiones de su vida. \u00abComenc\u00e9 a ver tutoriales y he aprendido de forma autodidacta, a base de ensayo y error\u00bb, reconoce. En unos a\u00f1os, pas\u00f3 de alumno a maestro y a impartir talleres para aficionados a la fotograf\u00eda.<\/p>\n<p>Luis Alberto, Patricia, Jos\u00e9 Luis, V\u00edctor y Mar\u00eda son algunos de sus aprendices y la mayor\u00eda llegaron a la fotograf\u00eda nocturna a trav\u00e9s de su primigenia atracci\u00f3n por la fotograf\u00eda. \u00abEn la fotograf\u00eda nocturna todo es como m\u00e1gico, hay tantos adjetivos que es dif\u00edcil de describir\u00bb, reconoce Luis Alberto Fern\u00e1ndez (1963, Cuenca). Patricia Valencia (1974, Guatemala) habla con la misma vehemencia que \u00e9l. \u00abCuando est\u00e1s en plena naturaleza se produce una conexi\u00f3n muy bonita con la Creaci\u00f3n. Hay emoci\u00f3n\u00bb, dice. Unos llevan m\u00e1s tiempo que otros. Luis Alberto, unos quince a\u00f1os; Patricia, m\u00e1s de veinte; Mar\u00eda Dom\u00ednguez (1983, Cuenca), alrededor de ocho. Jos\u00e9 Luis y V\u00edctor, por su parte, llevan aproximadamente un a\u00f1o y medio.<\/p>\n<p>La belleza de estas im\u00e1genes es, para algunos de ellos, directamente proporcional a la dificultad que entra\u00f1a la toma de fotograf\u00edas, pero para Eduardo no lo es tanto. \u00abTan solo se requiere un equipo fotogr\u00e1fico muy b\u00e1sico, planificaci\u00f3n, paciencia y conocimientos t\u00e9cnicos para hacer las fotograf\u00edas y, despu\u00e9s, editarlas\u00bb, explica con total naturalidad. Son incontables las veces que ha salido al campo. \u00abSalgo unas dos veces al mes\u00bb, precisa. \u00abEl cielo de Cuenca tiene mucha luminosidad y muchas estrellas. Es muy curioso ver el resultado; te quedas con la boca abierta\u00bb, destaca Luis Alberto Fern\u00e1ndez. \u00abPara m\u00ed todo es complicado\u00bb, reconoce Jos\u00e9 Luis G\u00e1rate (1985, Ciudad Real). G\u00e1rate tambi\u00e9n destaca el ambiente de fraternidad que se respira entre quienes organizan salidas nocturnas, muchos de ellos, la mayor\u00eda, miembros de la Asociaci\u00f3n de Fot\u00f3grafos de Cuenca (AFOCU). \u00abVes el cielo de otra manera, distinta a como est\u00e1s acostumbrado a verlo habitualmente. Es como si fuera m\u00e1s grande y hubiera m\u00e1s estrellas\u00bb, se\u00f1ala V\u00edctor Eslava (1986, Cuenca). \u00abLas salidas en grupo, los consejos de los compa\u00f1eros y la formaci\u00f3n son fundamentales para seguir mejorando\u00bb, dice Mar\u00eda Dom\u00ednguez (1983, Cuenca).<\/p>\n<p>Mar\u00eda y el resto de sus compa\u00f1eros enumeran un sinf\u00edn de lugares ideales para tomar fotograf\u00edas nocturnas, especialmente en la provincia de Cuenca. \u00abA m\u00ed me gusta ir cambiando de lugares\u00bb, dice Patricia. Quienes llevan m\u00e1s tiempo saliendo a fotografiar el cielo nocturno coinciden en que la contaminaci\u00f3n lum\u00ednica ha aumentado en los \u00faltimos a\u00f1os. \u00abLa provincia tiene unos lugares espectaculares para hacer fotograf\u00edas nocturnas. El problema es que en los \u00faltimos a\u00f1os se ha notado un aumento de la contaminaci\u00f3n lum\u00ednica. Es algo que despu\u00e9s se puede mitigar con programas de edici\u00f3n y con filtros, pero con una c\u00e1mara normal el cambio se nota bastante\u00bb, se\u00f1ala. \u00abEn la Serran\u00eda hay infinidad de lugares ideales y, por desgracia para la provincia, el hecho de que est\u00e9n desangelados nos ayuda a que haya menos luz y podamos hacer mejores fotograf\u00edas\u00bb, dice Mar\u00eda Dom\u00ednguez. \u00abEs algo que se ha notado en todas partes y la provincia no escapa de esto\u00bb, lamenta Patricia Valencia. Eduardo afirma que esta contaminaci\u00f3n lum\u00ednica obliga cada vez m\u00e1s a desplazarse para encontrar cielos adecuados. \u00abEl equipo y las t\u00e9cnicas van mejorando cada a\u00f1o, pero la contaminaci\u00f3n lum\u00ednica hace que cada vez tengas que desplazarte un poquito m\u00e1s para conseguir mejores fotograf\u00edas\u00bb, se\u00f1ala.<\/p>\n<p>Aun as\u00ed, ellos siguen saliendo. Buscan lugares alejados de las ciudades, esperan a que la noche sea propicia y levantan la c\u00e1mara hacia un cielo que, aunque sigue escondiendo los mismos secretos, cada vez resulta m\u00e1s dif\u00edcil de contemplar en todo su esplendor. Cada uno guarda decenas de fotograf\u00edas que parecen sacadas de una pel\u00edcula de ciencia ficci\u00f3n. Eduardo Garc\u00eda atesora muchas de ellas. Entre las m\u00e1s especiales est\u00e1 la aurora boreal que capt\u00f3 con maestr\u00eda en octubre del a\u00f1o pasado. Tambi\u00e9n conserva im\u00e1genes del cielo de Las Majadas y, c\u00f3mo no, del reciente eclipse total de Sol del pasado agosto. En pocos meses, gran parte de su trabajo podr\u00e1 verse en un libro editado por la Diputaci\u00f3n. \u00abLa idea surgi\u00f3 durante una de las noches que sal\u00ed a hacer fotos. Habr\u00e1 cerca de un centenar de fotograf\u00edas y en ellas se podr\u00e1 ver el cielo estrellado sobre torres y castillos abandonados de la provincia\u00bb, adelanta.<\/p>\n<p>Y mientras preparan nuevas salidas, el reto sigue siendo encontrar un cielo suficientemente oscuro. Cada vez hay que alejarse un poco m\u00e1s de las ciudades y buscar rincones donde la luz artificial no oculte las estrellas. Porque, al final, fotografiar el cielo nocturno tambi\u00e9n es una forma de dejar constancia de recordar que, aunque la contaminaci\u00f3n lum\u00ednica avance, sobre las torres, los castillos y los paisajes de Cuenca contin\u00faa extendi\u00e9ndose un universo que espera ser descubierto.<\/p>\n","protected":false},"excerpt":{"rendered":"Eduardo Garc\u00eda, Luis Alberto Fern\u00e1ndez, Patricia Valencia, Jos\u00e9 Luis G\u00e1rate, V\u00edctor Eslava y Mar\u00eda Dom\u00ednguez saben que la&hellip;\n","protected":false},"author":2,"featured_media":746669,"comment_status":"","ping_status":"","sticky":false,"template":"","format":"standard","meta":{"footnotes":""},"categories":[173],"tags":[229,233,231,230,1940,1291,1942,232,234,19046,146,147,25,24,244,14641,132626,10186,23],"class_list":["post-746668","post","type-post","status-publish","format-standard","has-post-thumbnail","category-arte-y-diseno","tag-arte","tag-arte-y-diseno","tag-arts","tag-arts-and-design","tag-ciudad-real","tag-contaminacion","tag-cuenca","tag-design","tag-diseno","tag-eclipse-solar","tag-entertainment","tag-entretenimiento","tag-es","tag-espana","tag-fotografia","tag-guatemala","tag-las-majadas","tag-national-geographic","tag-spain"],"share_on_mastodon":{"url":"https:\/\/pubeurope.com\/@es\/117210568936917266","error":""},"_links":{"self":[{"href":"https:\/\/www.europesays.com\/es\/wp-json\/wp\/v2\/posts\/746668","targetHints":{"allow":["GET"]}}],"collection":[{"href":"https:\/\/www.europesays.com\/es\/wp-json\/wp\/v2\/posts"}],"about":[{"href":"https:\/\/www.europesays.com\/es\/wp-json\/wp\/v2\/types\/post"}],"author":[{"embeddable":true,"href":"https:\/\/www.europesays.com\/es\/wp-json\/wp\/v2\/users\/2"}],"replies":[{"embeddable":true,"href":"https:\/\/www.europesays.com\/es\/wp-json\/wp\/v2\/comments?post=746668"}],"version-history":[{"count":0,"href":"https:\/\/www.europesays.com\/es\/wp-json\/wp\/v2\/posts\/746668\/revisions"}],"wp:featuredmedia":[{"embeddable":true,"href":"https:\/\/www.europesays.com\/es\/wp-json\/wp\/v2\/media\/746669"}],"wp:attachment":[{"href":"https:\/\/www.europesays.com\/es\/wp-json\/wp\/v2\/media?parent=746668"}],"wp:term":[{"taxonomy":"category","embeddable":true,"href":"https:\/\/www.europesays.com\/es\/wp-json\/wp\/v2\/categories?post=746668"},{"taxonomy":"post_tag","embeddable":true,"href":"https:\/\/www.europesays.com\/es\/wp-json\/wp\/v2\/tags?post=746668"}],"curies":[{"name":"wp","href":"https:\/\/api.w.org\/{rel}","templated":true}]}}