{"id":746674,"date":"2026-09-04T03:12:24","date_gmt":"2026-09-04T03:12:24","guid":{"rendered":"https:\/\/www.europesays.com\/es\/746674\/"},"modified":"2026-09-04T03:12:24","modified_gmt":"2026-09-04T03:12:24","slug":"movistar-plus-va-a-hacer-historia-con-el-estreno-exclusivo-de-la-bola-negra-y-dos-peliculas-mas","status":"publish","type":"post","link":"https:\/\/www.europesays.com\/es\/746674\/","title":{"rendered":"Movistar Plus va a hacer historia con el estreno exclusivo de La bola negra y dos pel\u00edculas m\u00e1s"},"content":{"rendered":"<p><strong>Movistar Plus pone camino a los Oscar<\/strong> arropada por tres pel\u00edculas que podr\u00edan llegar a hacer historia. Las tres producciones preseleccionadas para representar a Espa\u00f1a en los Oscar cuentan con su sello, algo que no hab\u00eda ocurrido nunca hasta la fecha. La televisi\u00f3n de la operadora marca m\u00fasculo en el sector cinematogr\u00e1fico espa\u00f1ol y lo hace, adem\u00e1s, garantizando el estreno exclusivo de La bola negra.<\/p>\n<p>El equipo de Movistar Plus est\u00e1 en una nube debido al gran \u00e9xito que est\u00e1n teniendo sus producciones cinematogr\u00e1ficas. Ya se esperaba que La bola negra iba a transformarse en un \u00e9xito, pero lo que no estaba en todas las quinielas era que Movistar fuera a hacer un pleno con la preselecci\u00f3n de los Oscar. Lo ha logrado al conseguir la preselecci\u00f3n tanto la <strong>pel\u00edcula de Javier Calvo y Javier Ambrossi<\/strong>, como El ser querido y Los domingos. Se trata de un hito importante que ayudar\u00e1 a que Movistar Plus contin\u00fae invirtiendo en cine espa\u00f1ol de calidad.<\/p>\n<p>                                    <img decoding=\"async\" class=\"picture-exclude\" width=\"200\" height=\"200\" src=\"https:\/\/www.europesays.com\/es\/wp-content\/uploads\/2026\/09\/1788491543_278_logo-movistar-plus-app.png\" alt=\"Suscripci\u00f3n a Movistar Plus\" loading=\"lazy\"\/><\/p>\n<p>Suscripci\u00f3n a Movistar Plus<\/p>\n<p>* Precios actualizados en el momento de publicar o revisar este art\u00edculo. Pueden variar con el tiempo.<\/p>\n<p><img decoding=\"async\" loading=\"lazy\" width=\"1280\" height=\"720\" src=\"https:\/\/www.europesays.com\/es\/wp-content\/uploads\/2026\/09\/Peliculas-Oscar-Movistar-Plus.jpg\" alt=\"Pel\u00edculas de Movistar Plus para los Oscar\"\/><\/p>\n<p>Tres pel\u00edculas de Movistar Plus preseleccionadas para los Oscar como representaci\u00f3n de Espa\u00f1a. \/ Imagen: Movistar Plus<br \/>\nLa bola negra lo tiene todo de su parte<\/p>\n<p>A nadie se le escapa que La bola negra va a conseguir <strong>un impacto enorme en el cine<\/strong>. Tanto la historia como la factura t\u00e9cnica y el reparto se han convertido en elementos que est\u00e1n cautivando y llamando la atenci\u00f3n a partes iguales. Tiempo atr\u00e1s ya se confirm\u00f3 que la pel\u00edcula llegar\u00eda a los cines de Estados Unidos y se pudo leer a cr\u00edticos especializados volcarse con el film, catalog\u00e1ndolo como uno de los mejores que han visto en mucho tiempo.<\/p>\n<p>La confirmaci\u00f3n de su presencia en la carrera hacia los Oscar remarca el concepto que ya exist\u00eda de la pel\u00edcula y su m\u00e1s que posible camino de \u00e9xito. Ahora que todo va haci\u00e9ndose realidad, ya son m\u00e1s personas las que creen que La bola negra <strong>podr\u00eda hacer historia en los Oscar<\/strong>. En un contexto optimista, no solo podr\u00eda llegar a convertirse en la mejor pel\u00edcula extranjera del certamen, sino que hay quien cree que podr\u00eda llegar mucho m\u00e1s lejos y ganar otros premios.<\/p>\n<p>El film se estrenar\u00e1 primero en los cines, pero <strong>una vez termine su paso por la gran pantalla<\/strong> llegar\u00e1 a Movistar Plus y lo har\u00e1, como es obvio, en exclusiva. La televisi\u00f3n de la operadora cuidar\u00e1 su estreno y disponibilidad para que se transforme en uno de los s\u00edmbolos de su cat\u00e1logo. Por el momento, la fecha de estreno en cines es el 25 de septiembre, as\u00ed que su llegada est\u00e1 muy cercana.<\/p>\n<p>Otros dos grandes \u00e9xitos<\/p>\n<p>Aunque La bola negra es la pel\u00edcula que est\u00e1 acaparando todas las miradas y que tiene detr\u00e1s un mayor m\u00fasculo en cuanto al boca a boca, no hay que restar m\u00e9rito a las otras dos pel\u00edculas que han sido preseleccionadas como mejor pel\u00edcula espa\u00f1ola para los Oscar. Se trata de <strong>El ser querido, de Rodrigo Sorogoyen<\/strong>, y de Los Domingos, de Alauda Ruiz de Az\u00faa. Los tres films son una buena demostraci\u00f3n de la excelente salud por la que pasa el cine espa\u00f1ol.<\/p>\n<p>En el caso de Los domingos, la pel\u00edcula ya est\u00e1 disponible en el cat\u00e1logo de Movistar Plus, as\u00ed que la podemos ver si tenemos contratada la televisi\u00f3n de la fibra o si estamos conectados a trav\u00e9s de <strong>su OTT con la cuenta de cine y series<\/strong>. Por su parte, El ser querido ha confirmado que tambi\u00e9n llegar\u00e1 a Movistar Plus en un estreno exclusivo en casa despu\u00e9s de haber pasado por las salas de cine. Esto aporta un valor enorme a la televisi\u00f3n de la operadora y da pasos de gigante para posicionarse como una de las preferencias de quienes buscan ver cine espa\u00f1ol de la m\u00e1xima calidad.<\/p>\n<p>En calidad de Afiliado de Amazon y otros programas similares, esta web obtiene ingresos por las compras adscritas que cumplen los requisitos aplicables<\/p>\n","protected":false},"excerpt":{"rendered":"Movistar Plus pone camino a los Oscar arropada por tres pel\u00edculas que podr\u00edan llegar a hacer historia. Las&hellip;\n","protected":false},"author":2,"featured_media":746675,"comment_status":"","ping_status":"","sticky":false,"template":"","format":"standard","meta":{"footnotes":""},"categories":[169],"tags":[177,146,147,25,24,176,175,23],"class_list":["post-746674","post","type-post","status-publish","format-standard","has-post-thumbnail","category-cine","tag-cine","tag-entertainment","tag-entretenimiento","tag-es","tag-espana","tag-film","tag-movies","tag-spain"],"share_on_mastodon":{"url":"https:\/\/pubeurope.com\/@es\/117210588506444636","error":""},"_links":{"self":[{"href":"https:\/\/www.europesays.com\/es\/wp-json\/wp\/v2\/posts\/746674","targetHints":{"allow":["GET"]}}],"collection":[{"href":"https:\/\/www.europesays.com\/es\/wp-json\/wp\/v2\/posts"}],"about":[{"href":"https:\/\/www.europesays.com\/es\/wp-json\/wp\/v2\/types\/post"}],"author":[{"embeddable":true,"href":"https:\/\/www.europesays.com\/es\/wp-json\/wp\/v2\/users\/2"}],"replies":[{"embeddable":true,"href":"https:\/\/www.europesays.com\/es\/wp-json\/wp\/v2\/comments?post=746674"}],"version-history":[{"count":0,"href":"https:\/\/www.europesays.com\/es\/wp-json\/wp\/v2\/posts\/746674\/revisions"}],"wp:featuredmedia":[{"embeddable":true,"href":"https:\/\/www.europesays.com\/es\/wp-json\/wp\/v2\/media\/746675"}],"wp:attachment":[{"href":"https:\/\/www.europesays.com\/es\/wp-json\/wp\/v2\/media?parent=746674"}],"wp:term":[{"taxonomy":"category","embeddable":true,"href":"https:\/\/www.europesays.com\/es\/wp-json\/wp\/v2\/categories?post=746674"},{"taxonomy":"post_tag","embeddable":true,"href":"https:\/\/www.europesays.com\/es\/wp-json\/wp\/v2\/tags?post=746674"}],"curies":[{"name":"wp","href":"https:\/\/api.w.org\/{rel}","templated":true}]}}