{"id":746680,"date":"2026-09-04T03:15:18","date_gmt":"2026-09-04T03:15:18","guid":{"rendered":"https:\/\/www.europesays.com\/es\/746680\/"},"modified":"2026-09-04T03:15:18","modified_gmt":"2026-09-04T03:15:18","slug":"elliot-page-lamenta-no-haber-tenido-ninguna-oferta-de-trabajo-despues-de-participar-en-la-odisea-gente","status":"publish","type":"post","link":"https:\/\/www.europesays.com\/es\/746680\/","title":{"rendered":"Elliot Page lamenta no haber tenido ninguna oferta de trabajo despu\u00e9s de participar en \u2018La Odisea\u2019 | Gente"},"content":{"rendered":"<p class=\"\">\u201cAhora mismo me resulta un poco complicado ser seleccionado para un papel. Probablemente, por razones bastante obvias: esto de ser canadiense&#8230;\u201d. Con humor pero abiertamente, as\u00ed ha denunciado el actor Elliot Page (Halifax, Canad\u00e1, 39 a\u00f1os) su actual situaci\u00f3n laboral tras ser uno de los elegidos de Christopher Nolan <a href=\"https:\/\/elpais.com\/cultura\/cine\/2026-07-15\/critica-de-la-odisea-christopher-nolan-poderoso-creador-de-imagenes-estranguladas-por-el-exceso.html\" target=\"_blank\" rel=\"noreferrer nofollow noopener\" title=\"https:\/\/elpais.com\/cultura\/cine\/2026-07-15\/critica-de-la-odisea-christopher-nolan-poderoso-creador-de-imagenes-estranguladas-por-el-exceso.html\">para su \u00e9xito La Odisea<\/a>. Page, quien en la cinta \u00e9pica del director interpreta al guerrero griego Sin\u00f3n, fue invitado recientemente al podcast <a href=\"https:\/\/www.youtube.com\/watch?v=GsEBuqZwh1I\" target=\"_blank\" rel=\"noreferrer nofollow noopener\" title=\"https:\/\/www.youtube.com\/watch?v=GsEBuqZwh1I\">On Film&#8230; With Kevin McCarthy<\/a> para contar su experiencia profesional, especialmente desde que se declar\u00f3 transg\u00e9nero <a href=\"https:\/\/elpais.com\/gente\/2020-12-01\/ellen-page-se-declara-transgenero-y-pide-que-le-llamen-elliot.html\" target=\"_blank\" rel=\"noreferrer nofollow noopener\" title=\"https:\/\/elpais.com\/gente\/2020-12-01\/ellen-page-se-declara-transgenero-y-pide-que-le-llamen-elliot.html\">en diciembre de 2020<\/a>. Durante la entrevista, publicada el pasado martes 1 de septiembre, el int\u00e9rprete ha hablado de las bondades de ser parte del elenco de La Odisea, pero tambi\u00e9n de la parte menos amable, sobre todo teniendo en cuenta las pol\u00e9micas generadas en torno a la cinta y, en concreto, las que se refieren a la elecci\u00f3n de algunos actores y actrices en la versi\u00f3n de Nolan del poema de Homero.<\/p>\n<p class=\"\">Las peores cr\u00edticas vinieron de uno de los hombres m\u00e1s poderosos del mundo: <a href=\"https:\/\/elpais.com\/ideas\/2026-08-23\/julian-casanova-historiador-goebbels-necesitaba-ocupar-paises-para-introducir-propaganda-elon-musk-necesita-tres-minutos.html\" target=\"_blank\" rel=\"noreferrer nofollow noopener\" title=\"https:\/\/elpais.com\/ideas\/2026-08-23\/julian-casanova-historiador-goebbels-necesitaba-ocupar-paises-para-introducir-propaganda-elon-musk-necesita-tres-minutos.html\">el magnate Elon Musk<\/a>, que no dud\u00f3 en usar su altavoz en la red social X para atacar la elecci\u00f3n de Page. A sus evidentes prejuicios, se sum\u00f3 adem\u00e1s una confusi\u00f3n que precipit\u00f3 las cr\u00edticas: una filtraci\u00f3n falsa que le adjudicaba al int\u00e9rprete canadiense el papel de Aquiles en el filme, con la consiguiente comparaci\u00f3n f\u00edsica con el \u00faltimo actor de Hollywood en interpretarlo, Brad Pitt, en Troya (2004). Antes de que se aclarara esta parte \u2014por cierto, Aquiles no aparece en la pel\u00edcula\u2014, el CEO de Tesla calific\u00f3 la posibilidad de que el actor diera vida al h\u00e9roe como \u201cuna de las cosas m\u00e1s est\u00fapidas y retorcidas\u201d que hab\u00eda o\u00eddo. <\/p>\n<p>M\u00e1s informaci\u00f3n<\/p>\n<p class=\"\">Adem\u00e1s, Musk se dedic\u00f3 a repostear las opiniones m\u00e1s conservadoras sobre el reparto de Nolan, referentes al propio Page, como la que dec\u00eda: \u201cNo me estoy burlando de su masculinidad. Estoy negando su existencia\u201d; y tambi\u00e9n a la elecci\u00f3n de<a href=\"https:\/\/elpais.com\/opinion\/2026-02-05\/ojala-lupita-nyongo-sea-helena-de-troya.html\" target=\"_blank\" rel=\"noreferrer nofollow noopener\" title=\"https:\/\/elpais.com\/opinion\/2026-02-05\/ojala-lupita-nyongo-sea-helena-de-troya.html\"> Lupita Nyong\u2019o para el papel de Helena de Troya<\/a>. Sobre esto, Musk retuite\u00f3 al conservador y pol\u00e9mico Matt Walsh, quien public\u00f3: \u201cNi una sola persona en el planeta piensa realmente que Lupita Nyong\u2019o sea \u2018la mujer m\u00e1s bella del mundo\u2019. Pero Christopher Nolan sabe que lo llamar\u00edan racista si le diera el papel de \u2018la mujer m\u00e1s bella\u2019 a una mujer blanca. Nolan tiene talento t\u00e9cnico, pero es un cobarde\u201d.<\/p>\n<p class=\"\">La ira anti-woke desatada en redes sociales hacia los dos actores no logr\u00f3, en cambio, que la superproducci\u00f3n del cineasta brit\u00e1nico-estadounidense dejara de ganar en taquilla m\u00e1s de un mill\u00f3n y medio de d\u00f3lares (m\u00e1s de 1,3 millones de euros). En su entrevista con Kevin McCarthy, Page, cuya actuaci\u00f3n como primo de Ulises se limita en realidad a cinco minutos de los 173 de metraje de la cinta (casi tres horas), tambi\u00e9n dedica unas palabras al director, a quien asegura estar agradecido por haberle dejado \u201cformar parte de esto\u201d. \u201cDesde luego, me doy cuenta de que he tenido mucha suerte\u201d, a\u00f1ade el actor, que no es la primera vez que se pronuncia sobre su posici\u00f3n privilegiada respecto a otras personas trans. <\/p>\n<p class=\"\">En mayo de 2023, semanas antes de que se publicara su libro de memorias Pageboy, el int\u00e9rprete de Juno y de otra pel\u00edcula de Nolan, Origen \u2014entre muchos otros t\u00edtulos de cuando a\u00fan era conocido como Ellen Page\u2014, <a href=\"https:\/\/elpais.com\/gente\/2023-05-30\/elliot-page-admite-su-privilegio-dentro-de-la-comunidad-trans-mi-vida-no-representa-la-realidad-de-la-mayoria.html\" target=\"_blank\" rel=\"noreferrer nofollow noopener\" title=\"https:\/\/elpais.com\/gente\/2023-05-30\/elliot-page-admite-su-privilegio-dentro-de-la-comunidad-trans-mi-vida-no-representa-la-realidad-de-la-mayoria.html\">confes\u00f3 a la revista People<\/a> que su recorrido ha sido muy diferente al de otras personas de la comunidad trans. \u201cMi vida como persona trans y el privilegio que tengo no representan la realidad de la mayor\u00eda de las vidas trans\u201d, revel\u00f3 entonces al medio. \u201cLa realidad es que est\u00e1n desempleadas de manera desproporcionada y experimentan mucho m\u00e1s la falta de vivienda. Las mujeres trans racializadas est\u00e1n siendo asesinadas. La gente est\u00e1 perdiendo su derecho a la atenci\u00f3n m\u00e9dica o no puede acceder a ella\u201d, lament\u00f3 tambi\u00e9n.<\/p>\n<p class=\"\">\u201cMe encanta ser trans. Y me encanta ser queer. Y cuanto m\u00e1s abrazo plenamente qui\u00e9n soy, m\u00e1s crece mi coraz\u00f3n y m\u00e1s prospero\u201d, escribi\u00f3 el int\u00e9rprete, entonces de 33 a\u00f1os, <a href=\"https:\/\/x.com\/TheElliotPage\/status\/1333820783655837701\" target=\"_blank\" rel=\"noreferrer nofollow\" title=\"https:\/\/x.com\/TheElliotPage\/status\/1333820783655837701\">en el comunicado de diciembre de 2020<\/a> en el que se declar\u00f3 transg\u00e9nero y pidi\u00f3 que se le empezara a llamar Elliot.<\/p>\n","protected":false},"excerpt":{"rendered":"\u201cAhora mismo me resulta un poco complicado ser seleccionado para un papel. Probablemente, por razones bastante obvias: esto&hellip;\n","protected":false},"author":2,"featured_media":746681,"comment_status":"","ping_status":"","sticky":false,"template":"","format":"standard","meta":{"footnotes":""},"categories":[91],"tags":[1014,20599,209,119237,146,147,25,24,629,256,260,1505,23,9244,9245],"class_list":["post-746680","post","type-post","status-publish","format-standard","has-post-thumbnail","category-entretenimiento","tag-actores","tag-comunidad-lgtbiq","tag-cultura","tag-elliot-page","tag-entertainment","tag-entretenimiento","tag-es","tag-espana","tag-estados-unidos","tag-famosos","tag-gente","tag-hollywood","tag-spain","tag-transexuales","tag-transexualidad"],"share_on_mastodon":{"url":"https:\/\/pubeurope.com\/@es\/117210600259416112","error":""},"_links":{"self":[{"href":"https:\/\/www.europesays.com\/es\/wp-json\/wp\/v2\/posts\/746680","targetHints":{"allow":["GET"]}}],"collection":[{"href":"https:\/\/www.europesays.com\/es\/wp-json\/wp\/v2\/posts"}],"about":[{"href":"https:\/\/www.europesays.com\/es\/wp-json\/wp\/v2\/types\/post"}],"author":[{"embeddable":true,"href":"https:\/\/www.europesays.com\/es\/wp-json\/wp\/v2\/users\/2"}],"replies":[{"embeddable":true,"href":"https:\/\/www.europesays.com\/es\/wp-json\/wp\/v2\/comments?post=746680"}],"version-history":[{"count":0,"href":"https:\/\/www.europesays.com\/es\/wp-json\/wp\/v2\/posts\/746680\/revisions"}],"wp:featuredmedia":[{"embeddable":true,"href":"https:\/\/www.europesays.com\/es\/wp-json\/wp\/v2\/media\/746681"}],"wp:attachment":[{"href":"https:\/\/www.europesays.com\/es\/wp-json\/wp\/v2\/media?parent=746680"}],"wp:term":[{"taxonomy":"category","embeddable":true,"href":"https:\/\/www.europesays.com\/es\/wp-json\/wp\/v2\/categories?post=746680"},{"taxonomy":"post_tag","embeddable":true,"href":"https:\/\/www.europesays.com\/es\/wp-json\/wp\/v2\/tags?post=746680"}],"curies":[{"name":"wp","href":"https:\/\/api.w.org\/{rel}","templated":true}]}}