{"id":746684,"date":"2026-09-04T03:17:17","date_gmt":"2026-09-04T03:17:17","guid":{"rendered":"https:\/\/www.europesays.com\/es\/746684\/"},"modified":"2026-09-04T03:17:17","modified_gmt":"2026-09-04T03:17:17","slug":"amrest-la-tagliatella-pierde-13792-millones-de-euros-hasta-junio-seis-veces-5146-mas-que-hace-un-ano","status":"publish","type":"post","link":"https:\/\/www.europesays.com\/es\/746684\/","title":{"rendered":"AmRest (La Tagliatella) pierde 13,792 millones de euros hasta junio, seis veces (514,6%) m\u00e1s que hace un a\u00f1o"},"content":{"rendered":"<p>AmRest, cadena de restauraci\u00f3n detr\u00e1s de marcas como La Tagliatella, Bacoa o Sushi Shop, <b>registr\u00f3 unas p\u00e9rdidas netas atribuidas de 13,792 millones de euros durante el primer semestre<\/b>, lo que supone multiplicar por seis (514,6%) los &#8216;n\u00fameros rojos&#8217; contabilizados doce meses antes.<\/p>\n<p>Seg\u00fan se desprende de las cuentas remitidas este jueves a la CNMV, el resultado consolidado incluyendo at\u00edpicos se dispar\u00f3 a -13,391 millones de euros desde un saldo negativo previo de 897.000 euros. Los ingresos retrocedieron, de su lado, un 2,5% y acabaron en los 1.231 millones de euros, al tiempo que <b>el resultado bruto de explotaci\u00f3n (Ebitda) se redujo un 41,5%, hasta los 27,785 millones de euros<\/b>.<\/p>\n<p>En cuanto a la distribuci\u00f3n geogr\u00e1fica de las ventas de AmRest, <b>el mercado espa\u00f1ol gener\u00f3 175,397 millones de euros, un 0,8% menos en comparativa interanual<\/b>, mientras que la Uni\u00f3n Europea aport\u00f3 1.055 millones de euros y el resto del mundo otros 69,520 millones de euros, un 2,9% menos y un 0,1% m\u00e1s, respectivamente.<\/p>\n<p><b>La plantilla media semestral de la multinacional se situ\u00f3 al cierre del semestre en los 44.283 empleados, un 2,2% menos<\/b>, de los cuales 24.680 fueron mujeres y 19.603 hombres.<\/p>\n<p>Por otra parte, la firma hostelera tambi\u00e9n ha comunicado que <b>los miembros de su consejo de administraci\u00f3n se embolsaron hasta junio un total de 444.000 euros, un 6,7% m\u00e1s que en 2025<\/b>. Despu\u00e9s, el personal directivo percibi\u00f3, en conjunto, tres millones de euros, un 5,9% menos.<\/p>\n<p>WhatsApp<a href=\"https:\/\/api.whatsapp.com\/send?text=https:\/\/www.eleconomista.es\/retail-consumo\/noticias\/14011771\/09\/26\/amrest-la-tagliatella-pierde-13792-millones-de-euros-hasta-junio-seis-veces-5146-mas-que-hace-un-ano.html?utm_source%3Dwhatsapp%26utm_medium%3Dshare_button&amp;id=1648118629957_whatsapp\" target=\"_blank\" data-action=\"share\/whatsapp\/share\" aria-label=\"Compartir en Whatsapp\" rel=\"nofollow noopener\"><\/a>Facebook<a id=\"fb-share\" href=\"#\" target=\"_blank\" rel=\"noopener noreferrer\" aria-label=\"Compartir en Facebook\"><\/a>Twitter<a href=\"https:\/\/twitter.com\/share?text=AmRest+%28La+Tagliatella%29+pierde+13%2C792+millones+de+euros+hasta+junio%2C+seis+veces+%28514%2C6%25%29+m%C3%A1s+que+hace+un+a%C3%B1o&amp;url=https:\/\/www.eleconomista.es\/retail-consumo\/noticias\/14011771\/09\/26\/amrest-la-tagliatella-pierde-13792-millones-de-euros-hasta-junio-seis-veces-5146-mas-que-hace-un-ano.html&amp;via=elEconomistaes&amp;id=1648118839245_twitter\" target=\"_blank\" aria-label=\"Compartir en Twitter\" rel=\"nofollow noopener\"><\/a>Linkedin<a href=\"https:\/\/linkedin.com\/share?text=https:\/\/www.eleconomista.es\/retail-consumo\/noticias\/14011771\/09\/26\/amrest-la-tagliatella-pierde-13792-millones-de-euros-hasta-junio-seis-veces-5146-mas-que-hace-un-ano.html&amp;via=elEconomistaes\" target=\"_blank\" aria-label=\"Compartir en linkedin\" rel=\"nofollow noopener\"><\/a>Beloud<a href=\"https:\/\/beloud.com\/share?text=AmRest+%28La+Tagliatella%29+pierde+13%2C792+millones+de+euros+hasta+junio%2C+seis+veces+%28514%2C6%25%29+m%C3%A1s+que+hace+un+a%C3%B1o&amp;url=https:\/\/www.eleconomista.es\/retail-consumo\/noticias\/14011771\/09\/26\/amrest-la-tagliatella-pierde-13792-millones-de-euros-hasta-junio-seis-veces-5146-mas-que-hace-un-ano.html&amp;via=elEconomistaes&amp;id=1648118839245_beloud\" target=\"_blank\" aria-label=\"Compartir en beloud\" rel=\"nofollow noopener\"><\/a>Bluesky<a href=\"https:\/\/bsky.app\/intent\/compose?text=https:\/\/bsky.app\/intent\/compose?text=https:\/\/www.eleconomista.es\/retail-consumo\/noticias\/14011771\/09\/26\/amrest-la-tagliatella-pierde-13792-millones-de-euros-hasta-junio-seis-veces-5146-mas-que-hace-un-ano.html&amp;url=https:\/\/www.eleconomista.es\/retail-consumo\/noticias\/14011771\/09\/26\/amrest-la-tagliatella-pierde-13792-millones-de-euros-hasta-junio-seis-veces-5146-mas-que-hace-un-ano.html&amp;via=elEconomistaes&amp;id=1648118839245_bluesky\" target=\"_blank\" aria-label=\"Compartir en bluesky\" rel=\"nofollow noopener\"><\/a><\/p>\n<p><script async src=\"https:\/\/platform.twitter.com\/widgets.js\" charset=\"utf-8\"><\/script><\/p>\n","protected":false},"excerpt":{"rendered":"AmRest, cadena de restauraci\u00f3n detr\u00e1s de marcas como La Tagliatella, Bacoa o Sushi Shop, registr\u00f3 unas p\u00e9rdidas netas&hellip;\n","protected":false},"author":2,"featured_media":746685,"comment_status":"","ping_status":"","sticky":false,"template":"","format":"standard","meta":{"footnotes":""},"categories":[80],"tags":[82,95,94,25,24,11416,23],"class_list":["post-746684","post","type-post","status-publish","format-standard","has-post-thumbnail","category-economia","tag-business","tag-economia","tag-economy","tag-es","tag-espana","tag-retail-consumo","tag-spain"],"share_on_mastodon":{"url":"https:\/\/pubeurope.com\/@es\/117210608383392191","error":""},"_links":{"self":[{"href":"https:\/\/www.europesays.com\/es\/wp-json\/wp\/v2\/posts\/746684","targetHints":{"allow":["GET"]}}],"collection":[{"href":"https:\/\/www.europesays.com\/es\/wp-json\/wp\/v2\/posts"}],"about":[{"href":"https:\/\/www.europesays.com\/es\/wp-json\/wp\/v2\/types\/post"}],"author":[{"embeddable":true,"href":"https:\/\/www.europesays.com\/es\/wp-json\/wp\/v2\/users\/2"}],"replies":[{"embeddable":true,"href":"https:\/\/www.europesays.com\/es\/wp-json\/wp\/v2\/comments?post=746684"}],"version-history":[{"count":0,"href":"https:\/\/www.europesays.com\/es\/wp-json\/wp\/v2\/posts\/746684\/revisions"}],"wp:featuredmedia":[{"embeddable":true,"href":"https:\/\/www.europesays.com\/es\/wp-json\/wp\/v2\/media\/746685"}],"wp:attachment":[{"href":"https:\/\/www.europesays.com\/es\/wp-json\/wp\/v2\/media?parent=746684"}],"wp:term":[{"taxonomy":"category","embeddable":true,"href":"https:\/\/www.europesays.com\/es\/wp-json\/wp\/v2\/categories?post=746684"},{"taxonomy":"post_tag","embeddable":true,"href":"https:\/\/www.europesays.com\/es\/wp-json\/wp\/v2\/tags?post=746684"}],"curies":[{"name":"wp","href":"https:\/\/api.w.org\/{rel}","templated":true}]}}