{"id":746690,"date":"2026-09-04T03:20:26","date_gmt":"2026-09-04T03:20:26","guid":{"rendered":"https:\/\/www.europesays.com\/es\/746690\/"},"modified":"2026-09-04T03:20:26","modified_gmt":"2026-09-04T03:20:26","slug":"el-ministerio-de-defensa-no-pone-objecion-a-desclasificar-los-informes-del-cni-sobre-la-crisis-de-ceuta","status":"publish","type":"post","link":"https:\/\/www.europesays.com\/es\/746690\/","title":{"rendered":"El Ministerio de Defensa no pone objeci\u00f3n a desclasificar los informes del CNI sobre la crisis de Ceuta"},"content":{"rendered":"<p>                Las claves<\/p>\n<p>\n                    Generado con IA\n                <\/p>\n<p>            <a class=\"key__news__heading--closed-content\" href=\"http:\/\/www.elespanol.com\/suscripciones\/#utm_source=internal&amp;utm_medium=claves\" rel=\"nofollow noopener\" target=\"_blank\"><\/p>\n<p class=\"item--text\">\n                                El Ministerio de Defensa no se opone a desclasificar los informes del CNI sobre la crisis migratoria de Ceuta.\n                            <\/p>\n<p class=\"item--text\">\n                                La ministra Margarita Robles mantiene prudencia, ya que los documentos pueden contener informaci\u00f3n de inteligencia extranjera.\n                            <\/p>\n<p class=\"item--text\">\n                                El Gobierno prev\u00e9 desclasificar los informes en el pr\u00f3ximo Consejo de Ministros para aclarar su actuaci\u00f3n durante la crisis.\n                            <\/p>\n<p class=\"item--text\">\n                                La publicaci\u00f3n abarcar\u00eda todos los informes del CNI, fuerzas de seguridad y Frontex entre el 1 de julio y el 1 de agosto.\n                            <\/p>\n<p class=\"paragraph\" id=\"paragraph_1\">El Ministerio de Defensa no pone problemas a la desclasificaci\u00f3n de informes del <strong>Centro Nacional de Inteligencia (CNI)<\/strong> sobre la entrada masiva de personas en Ceuta de finales de julio. Una postura que mantienen aunque la ministra de Defensa, <strong>Margarita<\/strong><strong> <\/strong><strong>Robles<\/strong>, <a data-forcefollow=\"false\" data-sponsored=\"false\" href=\"https:\/\/www.elespanol.com\/espana\/politica\/20260903\/robles-unico-ministro-no-aplaude-sanchez-anuncio-publicar-informes-ceuta\/1003744371334_0.html?utm_cmp_rs=linksinline\" rel=\"nofollow noopener\" target=\"_blank\">se ha desmarcado de la reacci\u00f3n del resto de la bancada -al no aplaudir- <\/a>cuando el presidente del Gobierno ha anunciado que har\u00e1 p\u00fablicos todos los informes sobre la gesti\u00f3n de la crisis.<\/p>\n<p>Fuentes del departamento que dirige Robles han se\u00f1alado no obstante que hay que ser prudentes porque en dichos documentos puede haber informaci\u00f3n procedente de servicios de inteligencia extranjeros que tienen una proyecci\u00f3n m\u00e1s internacional.<\/p>\n<p><strong>Pese a ello han insistido en que no hay inconveniente a una desclasificaci\u00f3n de los documentos del CNI<\/strong> y han recordado que puede haber otros de car\u00e1cter m\u00e1s interno de la Polic\u00eda y la Guardia Civil que seguramente son, insisten, buen\u00edsimos.<\/p>\n<p><img loading=\"lazy\" decoding=\"async\" alt=\"La ministra de Defensa, Margarita Robles, este martes ante la Comisi\u00f3n de Defensa del Congreso.\" height=\"240\" src=\"https:\/\/www.europesays.com\/es\/wp-content\/uploads\/2026\/09\/h:240&#038;h=MUui_ciK.jpeg\" width=\"320\" data-lazy-status=\"processed\" data-lazy-info=\"remove loading item 1\"\/><\/p>\n<p class=\"paragraph\" id=\"paragraph_2\">El anuncio de la publicaci\u00f3n de los informes de las <strong>fuerzas y cuerpos de seguridad del Estado, <\/strong>el<strong> CNI <\/strong>y <strong>Frontex <\/strong>que remitieron a las autoridades pol\u00edticas lo ha hecho el presidente del Gobierno,<strong> Pedro S\u00e1nchez,<\/strong> en su comparecencia ante el Congreso para informar de la situaci\u00f3n en la ciudad aut\u00f3noma.<\/p>\n<p>Un anuncio al que siguieron los aplausos de varios ministros presentes en el hemiciclo, entre ellos el titular de Interior, Fernando Grande-Marlaska, pero no de la responsable de la cartera de Defensa, Margarita Robles.<\/p>\n<p>Sobre este aspecto fuentes cercanas a <strong>la ministra de Defensa han insistido en que Robles considera un \u00ablujo\u00bb estar en este Gobierno y entre militares <\/strong>que la aplauden y respetan, por lo que no puede pedir m\u00e1s.<\/p>\n<p>Pr\u00f3ximo Consejo de Ministros<\/p>\n<p class=\"paragraph\" id=\"paragraph_3\">El Gobierno se plantea desclasificar el pr\u00f3ximo martes en el Consejo de Ministros los informes del Centro Nacional de Inteligencia (CNI) relativos a la entrada irregular de 72.000 inmigrantes en Ceuta los pasados 30 y 31 de julio.<\/p>\n<p class=\"paragraph\" id=\"paragraph_4\">Est\u00e1 dispuesto a desclasificar estos informes y todo lo relativo a estas entradas para evidenciar que en ning\u00fan momento se alert\u00f3 de la dimensi\u00f3n de la crisis, seg\u00fan apuntaron este jueves fuentes gubernamentales<\/p>\n<p class=\"paragraph\" id=\"paragraph_5\">Fuentes de Moncloa matizaron que se trata de<strong> \u00abtodos\u00bb los informes comprendidos entre el 1 de julio y el 1 de agosto <\/strong>para que \u00abno quede ninguna duda\u00bb sobre la acci\u00f3n del Gobierno respecto a esta crisis.<strong> \u00abTenemos la m\u00e1xima disposici\u00f3n\u00bb,<\/strong> agregaron, y explicaron que en estos momentos est\u00e1n a la espera de determinar la protecci\u00f3n jur\u00eddica que tiene cada uno de estos documentos.<\/p>\n","protected":false},"excerpt":{"rendered":"Las claves Generado con IA El Ministerio de Defensa no se opone a desclasificar los informes del CNI&hellip;\n","protected":false},"author":2,"featured_media":746691,"comment_status":"","ping_status":"","sticky":false,"template":"","format":"standard","meta":{"footnotes":""},"categories":[5],"tags":[17,18,38076,100155,25,24,13,14,11,19,20,7835,9,10,15,16,14969,23,12,21,22],"class_list":["post-746690","post","type-post","status-publish","format-standard","has-post-thumbnail","category-titulares","tag-breaking-news","tag-breakingnews","tag-cni","tag-defensa-politica-de-defensa","tag-es","tag-espana","tag-featured-news","tag-featurednews","tag-headlines","tag-latest-news","tag-latestnews","tag-margarita-robles","tag-news","tag-noticias","tag-noticias-destacadas","tag-noticiasdestacadas","tag-observatorio-de-la-defensa","tag-spain","tag-titulares","tag-ultimas-noticias","tag-ultimasnoticias"],"share_on_mastodon":{"url":"https:\/\/pubeurope.com\/@es\/117210620084601271","error":""},"_links":{"self":[{"href":"https:\/\/www.europesays.com\/es\/wp-json\/wp\/v2\/posts\/746690","targetHints":{"allow":["GET"]}}],"collection":[{"href":"https:\/\/www.europesays.com\/es\/wp-json\/wp\/v2\/posts"}],"about":[{"href":"https:\/\/www.europesays.com\/es\/wp-json\/wp\/v2\/types\/post"}],"author":[{"embeddable":true,"href":"https:\/\/www.europesays.com\/es\/wp-json\/wp\/v2\/users\/2"}],"replies":[{"embeddable":true,"href":"https:\/\/www.europesays.com\/es\/wp-json\/wp\/v2\/comments?post=746690"}],"version-history":[{"count":0,"href":"https:\/\/www.europesays.com\/es\/wp-json\/wp\/v2\/posts\/746690\/revisions"}],"wp:featuredmedia":[{"embeddable":true,"href":"https:\/\/www.europesays.com\/es\/wp-json\/wp\/v2\/media\/746691"}],"wp:attachment":[{"href":"https:\/\/www.europesays.com\/es\/wp-json\/wp\/v2\/media?parent=746690"}],"wp:term":[{"taxonomy":"category","embeddable":true,"href":"https:\/\/www.europesays.com\/es\/wp-json\/wp\/v2\/categories?post=746690"},{"taxonomy":"post_tag","embeddable":true,"href":"https:\/\/www.europesays.com\/es\/wp-json\/wp\/v2\/tags?post=746690"}],"curies":[{"name":"wp","href":"https:\/\/api.w.org\/{rel}","templated":true}]}}