{"id":746704,"date":"2026-09-04T03:34:25","date_gmt":"2026-09-04T03:34:25","guid":{"rendered":"https:\/\/www.europesays.com\/es\/746704\/"},"modified":"2026-09-04T03:34:25","modified_gmt":"2026-09-04T03:34:25","slug":"premios-juventud-gala-videos-alfombra-roja-y-actuaciones","status":"publish","type":"post","link":"https:\/\/www.europesays.com\/es\/746704\/","title":{"rendered":"Premios Juventud &#8211; Gala, v\u00eddeos, alfombra roja y actuaciones"},"content":{"rendered":"<p>                <strong class=\"subtitle\">Sinopsis<\/strong><\/p>\n<p>La 23\u00aa edici\u00f3n de los Premios Juventud vuelven a reunir a los grandes referentes de la m\u00fasica y la cultura latinas. Con 50 categor\u00edas que reconocen lo mejor de la m\u00fasica, la televisi\u00f3n, el streaming, los creadores de contenido y la cultura pop, se consolidan como el term\u00f3metro de las tendencias y los artistas que marcan el pulso de las nuevas generaciones.<\/p>\n<p>Jes\u00fas V\u00e1zquez, Alejandra Espinoza y Clarissa Molina ser\u00e1n los anfitriones de la gran ceremonia de entrega de premios, a la que Car\u00edn Le\u00f3n llega como m\u00e1ximo candidato, con nueve nominaciones, seguido por Be\u00e9le, Kany Garc\u00eda y Rauw Alejandro, con siete cada uno. Eladio Carri\u00f3n, Farruko, Karol G, Manuel Turizo, Ovy On The Drums, Quevedo, Romeo Santos, Shakira y Xavi cuentan con seis nominaciones.<\/p>\n<p>En la gala actuar\u00e1n Quevedo, Morat, Manuel Carrasco, La Oreja de Van Gogh, Ana Mena, Juan Mag\u00e1n, Marc Anthony, Yandel, Wisin, Rous, Mau y Ricky, Greeicy, \u00c1ngela Aguilar, Aria Vega, Christian Nodal, Elvis Crespo, Farruko, Camilo, DND I Do Not Disturb, Natanael Cano, Alofoke Music, Arlene MC, Fariana Jey One, Kapo, Kenia Os, Kiko el crazy, Xavi y muchos m\u00e1s.<\/p>\n","protected":false},"excerpt":{"rendered":"Sinopsis La 23\u00aa edici\u00f3n de los Premios Juventud vuelven a reunir a los grandes referentes de la m\u00fasica&hellip;\n","protected":false},"author":2,"featured_media":746705,"comment_status":"","ping_status":"","sticky":false,"template":"","format":"standard","meta":{"footnotes":""},"categories":[170],"tags":[146,147,25,24,184,185,133,33635,1987,23,807,3156],"class_list":["post-746704","post","type-post","status-publish","format-standard","has-post-thumbnail","category-musica","tag-entertainment","tag-entretenimiento","tag-es","tag-espana","tag-music","tag-musica","tag-online","tag-premios-juventud","tag-rtve-play","tag-spain","tag-television","tag-tve"],"share_on_mastodon":{"url":"https:\/\/pubeurope.com\/@es\/117210676008502185","error":""},"_links":{"self":[{"href":"https:\/\/www.europesays.com\/es\/wp-json\/wp\/v2\/posts\/746704","targetHints":{"allow":["GET"]}}],"collection":[{"href":"https:\/\/www.europesays.com\/es\/wp-json\/wp\/v2\/posts"}],"about":[{"href":"https:\/\/www.europesays.com\/es\/wp-json\/wp\/v2\/types\/post"}],"author":[{"embeddable":true,"href":"https:\/\/www.europesays.com\/es\/wp-json\/wp\/v2\/users\/2"}],"replies":[{"embeddable":true,"href":"https:\/\/www.europesays.com\/es\/wp-json\/wp\/v2\/comments?post=746704"}],"version-history":[{"count":0,"href":"https:\/\/www.europesays.com\/es\/wp-json\/wp\/v2\/posts\/746704\/revisions"}],"wp:featuredmedia":[{"embeddable":true,"href":"https:\/\/www.europesays.com\/es\/wp-json\/wp\/v2\/media\/746705"}],"wp:attachment":[{"href":"https:\/\/www.europesays.com\/es\/wp-json\/wp\/v2\/media?parent=746704"}],"wp:term":[{"taxonomy":"category","embeddable":true,"href":"https:\/\/www.europesays.com\/es\/wp-json\/wp\/v2\/categories?post=746704"},{"taxonomy":"post_tag","embeddable":true,"href":"https:\/\/www.europesays.com\/es\/wp-json\/wp\/v2\/tags?post=746704"}],"curies":[{"name":"wp","href":"https:\/\/api.w.org\/{rel}","templated":true}]}}