{"id":746712,"date":"2026-09-04T03:38:26","date_gmt":"2026-09-04T03:38:26","guid":{"rendered":"https:\/\/www.europesays.com\/es\/746712\/"},"modified":"2026-09-04T03:38:26","modified_gmt":"2026-09-04T03:38:26","slug":"carlo-costanzia-padre-se-desmarca-de-mar-flores-tras-dejar-clara-su-opinion-sobre-terelu-campos","status":"publish","type":"post","link":"https:\/\/www.europesays.com\/es\/746712\/","title":{"rendered":"Carlo Costanzia padre se desmarca de Mar Flores tras dejar clara su opini\u00f3n sobre Terelu Campos"},"content":{"rendered":"<p><img decoding=\"async\" class=\"v-ath__i\" loading=\"lazy\" src=\"https:\/\/www.europesays.com\/es\/wp-content\/uploads\/2026\/09\/1788493106_697_autor-5497-foto-3.jpeg\" alt=\"Agencia Europa Press\"\/><\/p>\n<p>03\/09\/2026 a las 12:49h.<\/p>\n<p class=\"v-d-p\">Horas despu\u00e9s de acudir al hospital para conocer a su nieta Tessa, hija de Alejandra Rubio y Carlo Costanzia, Mar Flores interven\u00eda en directo en &#8216;Y ahora Sonsoles&#8217; y, al ser preguntada por Terelu Campos, no dudaba en marcar distancias y dejar claro que el  &#8230; nacimiento de la peque\u00f1a no le ha hecho cambiar de opini\u00f3n sobre su &#8216;consuegra&#8217;. Lejos de molestarse, la colaboradora le respond\u00eda rotunda en &#8216;De lunes a viernes&#8217; asegurando que para ella Carlo no es solo la pareja de su hija y el padre de sus nietos sino su familia, pero que cada uno eleg\u00eda quien forma parte de su familia. Una nueva muestra de que ni siquiera la llegada al mundo de la peque\u00f1a Tessa va a hacer que Mar acerque posturas con Terelu, y tras la que el padre de Carlo, Carlo Costanzia di Costigliole se ha desmarcado tajante de su exmujer.<\/p>\n","protected":false},"excerpt":{"rendered":"03\/09\/2026 a las 12:49h. Horas despu\u00e9s de acudir al hospital para conocer a su nieta Tessa, hija de&hellip;\n","protected":false},"author":2,"featured_media":746713,"comment_status":"","ping_status":"","sticky":false,"template":"","format":"standard","meta":{"footnotes":""},"categories":[91],"tags":[5615,35883,9837,41186,17692,30009,146,147,25,24,9646,195,1925,39,57,23,5522,575],"class_list":["post-746712","post","type-post","status-publish","format-standard","has-post-thumbnail","category-entretenimiento","tag-campos","tag-carlo","tag-clara","tag-costanzia","tag-dejar","tag-desmarca","tag-entertainment","tag-entretenimiento","tag-es","tag-espana","tag-flores","tag-mar","tag-opinion","tag-padre","tag-sobre","tag-spain","tag-terelu","tag-tras"],"share_on_mastodon":{"url":"https:\/\/pubeurope.com\/@es\/117210691808561707","error":""},"_links":{"self":[{"href":"https:\/\/www.europesays.com\/es\/wp-json\/wp\/v2\/posts\/746712","targetHints":{"allow":["GET"]}}],"collection":[{"href":"https:\/\/www.europesays.com\/es\/wp-json\/wp\/v2\/posts"}],"about":[{"href":"https:\/\/www.europesays.com\/es\/wp-json\/wp\/v2\/types\/post"}],"author":[{"embeddable":true,"href":"https:\/\/www.europesays.com\/es\/wp-json\/wp\/v2\/users\/2"}],"replies":[{"embeddable":true,"href":"https:\/\/www.europesays.com\/es\/wp-json\/wp\/v2\/comments?post=746712"}],"version-history":[{"count":0,"href":"https:\/\/www.europesays.com\/es\/wp-json\/wp\/v2\/posts\/746712\/revisions"}],"wp:featuredmedia":[{"embeddable":true,"href":"https:\/\/www.europesays.com\/es\/wp-json\/wp\/v2\/media\/746713"}],"wp:attachment":[{"href":"https:\/\/www.europesays.com\/es\/wp-json\/wp\/v2\/media?parent=746712"}],"wp:term":[{"taxonomy":"category","embeddable":true,"href":"https:\/\/www.europesays.com\/es\/wp-json\/wp\/v2\/categories?post=746712"},{"taxonomy":"post_tag","embeddable":true,"href":"https:\/\/www.europesays.com\/es\/wp-json\/wp\/v2\/tags?post=746712"}],"curies":[{"name":"wp","href":"https:\/\/api.w.org\/{rel}","templated":true}]}}