{"id":746718,"date":"2026-09-04T03:41:29","date_gmt":"2026-09-04T03:41:29","guid":{"rendered":"https:\/\/www.europesays.com\/es\/746718\/"},"modified":"2026-09-04T03:41:29","modified_gmt":"2026-09-04T03:41:29","slug":"milei-carga-contra-sanchez-por-la-crisis-de-ceuta-facilita-la-inmigracion-descontrolada-y-degrada-la-identidad-espanola","status":"publish","type":"post","link":"https:\/\/www.europesays.com\/es\/746718\/","title":{"rendered":"Milei carga contra S\u00e1nchez por la crisis de Ceuta: \u00abFacilita la inmigraci\u00f3n descontrolada y degrada la identidad espa\u00f1ola\u00bb"},"content":{"rendered":"<p>                Las claves<\/p>\n<p>\n                    Generado con IA\n                <\/p>\n<p>            <a class=\"key__news__heading--closed-content\" href=\"http:\/\/www.elespanol.com\/suscripciones\/#utm_source=internal&amp;utm_medium=claves\" rel=\"nofollow noopener\" target=\"_blank\"><\/p>\n<p class=\"item--text\">\n                                Javier Milei critic\u00f3 a Pedro S\u00e1nchez por facilitar la inmigraci\u00f3n descontrolada y degradar la identidad espa\u00f1ola durante su intervenci\u00f3n en el Foro Madrid en Santiago.\n                            <\/p>\n<p class=\"item--text\">\n                                El presidente argentino llam\u00f3 a la unidad de la derecha internacional y a eliminar lo que denomin\u00f3 \u00abel c\u00e1ncer de la izquierda\u00bb de las instituciones.\n                            <\/p>\n<p class=\"item--text\">\n                                Milei acus\u00f3 a la izquierda de desestabilizar y utilizar medios para mentir, y defendi\u00f3 la mano dura contra la delincuencia y el narcotr\u00e1fico.\n                            <\/p>\n<p class=\"item--text\">\n                                En su discurso, Milei reivindic\u00f3 los valores occidentales y asegur\u00f3 que su gesti\u00f3n est\u00e1 encaminando a Argentina hacia la grandeza.\n                            <\/p>\n<p class=\"paragraph\" id=\"paragraph_1\">El <a data-forcefollow=\"false\" data-sponsored=\"false\" href=\"https:\/\/www.elespanol.com\/mundo\/america\/20260412\/milei-abalos-adorni-jefe-gabinete-mano-derecha-portavoz-imputado-enriquecimiento-ilegal\/1003744201984_0.html?utm_cmp_rs=linksinline\" rel=\"nofollow noopener\" target=\"_blank\">presidente de Argentina, <strong>Javier Milei<\/strong><\/a>, llam\u00f3 este jueves a la unidad de la derecha regional y global y \u00ab<strong>quitar el c\u00e1ncer de la izquierda<\/strong> de sus instituciones\u00bb durante su intervenci\u00f3n en Santiago en el Foro Madrid, la alianza internacional de dirigentes impulsada por la fundaci\u00f3n espa\u00f1ola de extrema derecha Disenso.<\/p>\n<p class=\"paragraph\" id=\"paragraph_2\">Milei, quien envi\u00f3 un saludo al presidente del partido espa\u00f1ol Vox y de Disenso, <strong>Santiago Abascal<\/strong> -ausente del foro- arremeti\u00f3 contra la izquierda en Europa y, especialmente, contra el Presidente del Gobierno de Espa\u00f1a, <strong>Pedro S\u00e1nchez<\/strong>.<\/p>\n<p class=\"paragraph\" id=\"paragraph_3\">\u00abLamentablemente Europa, la cuna de nuestra civilizaci\u00f3n, est\u00e1 siendo gobernada en el plano nacional y supranacional por bur\u00f3cratas empecinados en destruir todo lo que somos. Una <strong>izquierda radical<\/strong> se ha hecho con el control institucional a lo largo y ancho del continente\u00bb, se\u00f1al\u00f3.<\/p>\n<p><img loading=\"lazy\" decoding=\"async\" alt=\"Fernando Cerimedo, el gur\u00fa medi\u00e1tico de la ultraderecha latinoamericana.\" height=\"240\" src=\"https:\/\/www.europesays.com\/es\/wp-content\/uploads\/2026\/09\/h:240&#038;h=Ax6AXVtp.jpeg\" width=\"320\" data-lazy-status=\"processed\" data-lazy-info=\"remove loading item 1\"\/><\/p>\n<p class=\"paragraph\" id=\"paragraph_4\">\u00abEspa\u00f1a es un ejemplo claro, Pedro S\u00e1nchez y el PSOE est\u00e1n <strong>facilitando la inmigraci\u00f3n descontrolada<\/strong> por un lado y <strong>degradando la identidad espa\u00f1ola<\/strong>. Ense\u00f1an a <strong>los espa\u00f1oles a odiarse<\/strong> y tener verg\u00fcenza de s\u00ed mismos allanando el camino para las hordas extranjeras que terminar\u00e1n reemplaz\u00e1ndolos\u00bb.<\/p>\n<p class=\"paragraph\" id=\"paragraph_5\">\u00ab<strong>Vean lo que hace Pedrito en Espa\u00f1a<\/strong>\u00ab, continuaba en referencia a los casos de corrupci\u00f3n en Espa\u00f1a.<strong> \u00abEst\u00e1 m\u00e1s sucio que una papa<\/strong>. Bien que se ofendi\u00f3 cuando le dije que eran un gobierno de ladrones. Parece que los hechos lo confirman\u00bb.<\/p>\n<p class=\"paragraph\" id=\"paragraph_6\">\u00abLa derecha tambi\u00e9n se tiene que organizar, ellos tuvieron su Internacional Socialista\u00bb, ha insistido. \u00abTenemos que profundizar nuestros lazos de amistad en nuestra propia red internacional, tanto en la regi\u00f3n como en el mundo\u00bb, asegur\u00f3 Milei en el discurso de apertura del V Encuentro Regional, realizado en el Centro de eventos San Carlos de Apoquindo de la capital chilena.<\/p>\n<p><img decoding=\"async\" alt=\"El presidente chileno Jose Antonio Kast recibe a su hom\u00f3logo argentino Javier Milei en Santiago de Chile.\" data-imgm=\"true\" height=\"960\" loading=\"lazy\"  src=\"https:\/\/www.europesays.com\/es\/wp-content\/uploads\/2026\/09\/h:960&#038;h=ch_izvOi.jpeg\"  width=\"1706\"\/><\/p>\n<p>                                                            El presidente chileno Jose Antonio Kast recibe a su hom\u00f3logo argentino Javier Milei en Santiago de Chile.<\/p>\n<p>                    REUTERS\/Pablo Sanhueza<\/p>\n<p class=\"paragraph\" id=\"paragraph_7\">El mandatario argentino advirti\u00f3 que se trata de \u00abuna batalla a nivel global en la que cada una de nuestras naciones debe contribuir orden\u00e1ndose puertas adentro, quitando el c\u00e1ncer de la izquierda de sus propias instituciones para convertirse en un miembro fuerte de la alianza internacional de las ideas de la libertad\u00bb.<\/p>\n<p>\u00abAnt\u00eddoto contra los zurdos\u00bb<\/p>\n<p class=\"paragraph\" id=\"paragraph_8\">Milei ahond\u00f3 en la idea de un frente com\u00fan y asegur\u00f3 que \u00ab<strong>cuando el deber llama todo est\u00e1 permitido<\/strong>, excepto no acudir a \u00e9l\u00bb. El l\u00edder radical acus\u00f3 a la izquierda \u00abde desestabilizar, generar p\u00e1nico, mandan a sus milicias infundir temor en la poblaci\u00f3n y utilizan los medios de comunicaci\u00f3n para mentir\u00bb.<\/p>\n<p class=\"paragraph\" id=\"paragraph_9\">En su discurso ante pol\u00edticos de la derecha y la extrema derecha americanas afirm\u00f3 que \u00absomos los que saben que hay que castigar a los delincuentes con mano dura y somos los que le hacen frente a los graves problemas de seguridad de nuestro continente como el narcotr\u00e1fico\u00bb.<\/p>\n<p><img decoding=\"async\" alt=\"La casa familiar de Diego Armando Maradona es ahora un comedor social.\" height=\"240\" loading=\"lazy\" width=\"320\" data-lazy-status=\"processed\" id=\"c6b610ad80\" src=\"https:\/\/www.elespanol.com\/mundo\/america\/20260903\/milei-carga-sanchez-crisis-ceuta-facilita-inmigracion-descontrolada-degrada-identidad-espanola\/[\" https:=\"\" data-lazy-info=\"changed src\"\/><\/p>\n<p class=\"paragraph\" id=\"paragraph_10\">Milei hizo un repaso por su gesti\u00f3n mediante la exposici\u00f3n de cifras con las que asegur\u00f3 encamina a \u00abla Argentina a ser grande nuevamente\u00bb, y en ese sentido dijo que \u00abel mejor ant\u00eddoto contra estos <strong>zurdos mugrosos, negadores de la realidad, son los datos<\/strong>\u00ab.<\/p>\n<p class=\"paragraph\" id=\"paragraph_11\">\u00abHoy el continente entero se est\u00e1 orientando hacia los valores que hicieron grande a occidente, incluso luego de d\u00e9cadas de adoctrinamiento socialista. Poco a poco le hemos demostrado que no les tenemos miedo y que estamos dispuestos a salvar nuestra civilizaci\u00f3n y nuestro modo de vida\u00bb.<\/p>\n","protected":false},"excerpt":{"rendered":"Las claves Generado con IA Javier Milei critic\u00f3 a Pedro S\u00e1nchez por facilitar la inmigraci\u00f3n descontrolada y degradar&hellip;\n","protected":false},"author":2,"featured_media":746719,"comment_status":"","ping_status":"","sticky":false,"template":"","format":"standard","meta":{"footnotes":""},"categories":[42],"tags":[889,17,18,4486,13,14,11,61,62,63,64,4245,19,20,9,10,15,16,2959,12,21,22,65,66,67],"class_list":["post-746718","post","type-post","status-publish","format-standard","has-post-thumbnail","category-internacional","tag-america","tag-breaking-news","tag-breakingnews","tag-ceuta","tag-featured-news","tag-featurednews","tag-headlines","tag-internacional","tag-international","tag-international-news","tag-internationalnews","tag-javier-milei","tag-latest-news","tag-latestnews","tag-news","tag-noticias","tag-noticias-destacadas","tag-noticiasdestacadas","tag-pedro-sanchez","tag-titulares","tag-ultimas-noticias","tag-ultimasnoticias","tag-world","tag-world-news","tag-worldnews"],"share_on_mastodon":{"url":"https:\/\/pubeurope.com\/@es\/117210702763888381","error":""},"_links":{"self":[{"href":"https:\/\/www.europesays.com\/es\/wp-json\/wp\/v2\/posts\/746718","targetHints":{"allow":["GET"]}}],"collection":[{"href":"https:\/\/www.europesays.com\/es\/wp-json\/wp\/v2\/posts"}],"about":[{"href":"https:\/\/www.europesays.com\/es\/wp-json\/wp\/v2\/types\/post"}],"author":[{"embeddable":true,"href":"https:\/\/www.europesays.com\/es\/wp-json\/wp\/v2\/users\/2"}],"replies":[{"embeddable":true,"href":"https:\/\/www.europesays.com\/es\/wp-json\/wp\/v2\/comments?post=746718"}],"version-history":[{"count":0,"href":"https:\/\/www.europesays.com\/es\/wp-json\/wp\/v2\/posts\/746718\/revisions"}],"wp:featuredmedia":[{"embeddable":true,"href":"https:\/\/www.europesays.com\/es\/wp-json\/wp\/v2\/media\/746719"}],"wp:attachment":[{"href":"https:\/\/www.europesays.com\/es\/wp-json\/wp\/v2\/media?parent=746718"}],"wp:term":[{"taxonomy":"category","embeddable":true,"href":"https:\/\/www.europesays.com\/es\/wp-json\/wp\/v2\/categories?post=746718"},{"taxonomy":"post_tag","embeddable":true,"href":"https:\/\/www.europesays.com\/es\/wp-json\/wp\/v2\/tags?post=746718"}],"curies":[{"name":"wp","href":"https:\/\/api.w.org\/{rel}","templated":true}]}}