{"id":746720,"date":"2026-09-04T03:42:15","date_gmt":"2026-09-04T03:42:15","guid":{"rendered":"https:\/\/www.europesays.com\/es\/746720\/"},"modified":"2026-09-04T03:42:15","modified_gmt":"2026-09-04T03:42:15","slug":"marlaska-censura-la-orden-de-no-elevar-el-informe-de-ceuta-y-la-presidenta-del-supremo-le-responde-que-la-jueza-actuo-bien","status":"publish","type":"post","link":"https:\/\/www.europesays.com\/es\/746720\/","title":{"rendered":"Marlaska censura la orden de no elevar el informe de Ceuta y la presidenta del Supremo le responde que la jueza actu\u00f3 bien"},"content":{"rendered":"<p class=\"article-text\">\n        El ministro del Interior, <a href=\"https:\/\/www.eldiario.es\/temas\/fernando-grande-marlaska\/\" target=\"_blank\" data-mrf-recirculation=\"links-noticia\" class=\"link\" rel=\"nofollow noopener\">Fernando Grande-Marlaska<\/a>, ha elevado una queja formal a la presidenta del Tribunal Supremo y del Consejo General del Poder Judicial (CGPJ), Isabel Perell\u00f3, para mostrar su malestar por la decisi\u00f3n de la magistrada de la Audiencia Nacional Mar\u00eda Tard\u00f3n de prohibir al equipo policial que investiga la crisis migratoria en Ceuta facilitar informaci\u00f3n a sus superiores sobre sus pesquisas.\n    <\/p>\n<p>    <a href=\"https:\/\/www.eldiario.es\/politica\/policia-busca-autor-crisis-ceuta-no-mafia-evita-dar-cara-ayuda-gendarmeria-marroqui_1_13483327.html\" data-mrf-recirculation=\"saber-mas\" data-dl-event=\"saber-mas\" rel=\"nofollow noopener\" target=\"_blank\"><\/p>\n<p class=\"know-more__title\">La Polic\u00eda busca al autor de la crisis de Ceuta: no es una mafia, evita dar la cara y tiene ayuda de la Gendarmer\u00eda marroqu\u00ed<\/p>\n<p>            <img decoding=\"async\" class=\"lazy\" loading=\"lazy\" data-src=\"https:\/\/static.eldiario.es\/clip\/1a9f8465-6a10-4fb5-b2aa-e727d4313fc0_16-9-aspect-ratio_default_0_x871y62.jpg\" src=\"data:image\/svg+xml,%3Csvg xmlns=\" http:=\"\" viewbox=\"0 0 880 495\" alt=\"La Polic\u00eda busca al autor de la crisis de Ceuta: no es una mafia, evita dar la cara y tiene ayuda de la Gendarmer\u00eda marroqu\u00ed\"\/><\/p>\n<p>                        <\/a><\/p>\n<p class=\"article-text\">\n        Esa misiva ya ha sido respondida por Perell\u00f3, quien defiende que la actuaci\u00f3n de Tard\u00f3n \u201cresponde al ejercicio de sus funciones constitucionales\u201d y recuerda que la c\u00fapula judicial tiene \u201cconstitucional y legalmente vedado aprobar, censurar o corregir\u201d la actuaci\u00f3n de cualquier instructor.\n    <\/p>\n<p class=\"article-text\">\n        Adem\u00e1s, la presidenta del Poder Judicial recuerda que la ley establece que la funci\u00f3n de polic\u00eda judicial corresponde a todos los miembros de las Fuerzas y Cuerpos de Seguridad del Estado, cualquiera que sea su naturaleza y dependencia.\n    <\/p>\n<p>    <a href=\"https:\/\/www.eldiario.es\/politica\/sanchez-afirma-no-hay-pruebas-autoria-marroqui-entrada-ceuta-no-tuvo-avisos-previos_1_13483929.html\" data-mrf-recirculation=\"saber-mas-abajo\" data-dl-event=\"saber-mas-abajo\" rel=\"nofollow noopener\" target=\"_blank\"><\/p>\n<p class=\"know-more__title\">S\u00e1nchez mantiene que no hay \u201cpruebas\u201d contra Marruecos y dice que demostrar\u00e1 con dosieres que no hubo avisos previos\n<\/p>\n<p>            <img decoding=\"async\" class=\"lazy\" loading=\"lazy\" data-src=\"https:\/\/static.eldiario.es\/clip\/080055e8-db77-4280-9c21-551fae8f8137_16-9-aspect-ratio_default_0_x1072y439.jpg\" src=\"data:image\/svg+xml,%3Csvg xmlns=\" http:=\"\" viewbox=\"0 0 880 495\" alt=\"S\u00e1nchez mantiene que no hay &quot;pruebas&quot; contra Marruecos y dice que demostrar\u00e1 con dosieres que no hubo avisos previos\"\/><\/p>\n<p>                        <\/a><\/p>\n<p class=\"article-text\">\n        En su carta, Marlaska alegaba que ante una situaci\u00f3n de crisis que ha obligado a declarar la situaci\u00f3n de inter\u00e9s para la seguridad nacional \u201cno deber\u00eda ser incompatible que se atiendan con toda diligencia los requerimientos de informaci\u00f3n de los \u00f3rganos judiciales con la puesta en conocimiento de los superiores y responsables pol\u00edticos de cuantas circunstancias puedan ser relevantes para la toma de decisiones en la gesti\u00f3n de una crisis de tal magnitud\u201d.\n    <\/p>\n","protected":false},"excerpt":{"rendered":"El ministro del Interior, Fernando Grande-Marlaska, ha elevado una queja formal a la presidenta del Tribunal Supremo y&hellip;\n","protected":false},"author":2,"featured_media":746721,"comment_status":"","ping_status":"","sticky":false,"template":"","format":"standard","meta":{"footnotes":""},"categories":[8],"tags":[44886,17,18,3374,4486,28404,25,24,13,14,11,8803,9864,19,20,3294,31009,9,689,10,15,16,13098,14107,1259,23,8312,12,21,22],"class_list":["post-746720","post","type-post","status-publish","format-standard","has-post-thumbnail","category-espana","tag-actuo","tag-breaking-news","tag-breakingnews","tag-censura","tag-ceuta","tag-elevar","tag-es","tag-espana","tag-featured-news","tag-featurednews","tag-headlines","tag-informe","tag-jueza","tag-latest-news","tag-latestnews","tag-le","tag-marlaska","tag-news","tag-no","tag-noticias","tag-noticias-destacadas","tag-noticiasdestacadas","tag-orden","tag-presidenta","tag-responde","tag-spain","tag-supremo","tag-titulares","tag-ultimas-noticias","tag-ultimasnoticias"],"share_on_mastodon":{"url":"https:\/\/pubeurope.com\/@es\/117210706503971744","error":""},"_links":{"self":[{"href":"https:\/\/www.europesays.com\/es\/wp-json\/wp\/v2\/posts\/746720","targetHints":{"allow":["GET"]}}],"collection":[{"href":"https:\/\/www.europesays.com\/es\/wp-json\/wp\/v2\/posts"}],"about":[{"href":"https:\/\/www.europesays.com\/es\/wp-json\/wp\/v2\/types\/post"}],"author":[{"embeddable":true,"href":"https:\/\/www.europesays.com\/es\/wp-json\/wp\/v2\/users\/2"}],"replies":[{"embeddable":true,"href":"https:\/\/www.europesays.com\/es\/wp-json\/wp\/v2\/comments?post=746720"}],"version-history":[{"count":0,"href":"https:\/\/www.europesays.com\/es\/wp-json\/wp\/v2\/posts\/746720\/revisions"}],"wp:featuredmedia":[{"embeddable":true,"href":"https:\/\/www.europesays.com\/es\/wp-json\/wp\/v2\/media\/746721"}],"wp:attachment":[{"href":"https:\/\/www.europesays.com\/es\/wp-json\/wp\/v2\/media?parent=746720"}],"wp:term":[{"taxonomy":"category","embeddable":true,"href":"https:\/\/www.europesays.com\/es\/wp-json\/wp\/v2\/categories?post=746720"},{"taxonomy":"post_tag","embeddable":true,"href":"https:\/\/www.europesays.com\/es\/wp-json\/wp\/v2\/tags?post=746720"}],"curies":[{"name":"wp","href":"https:\/\/api.w.org\/{rel}","templated":true}]}}