{"id":746722,"date":"2026-09-04T03:43:40","date_gmt":"2026-09-04T03:43:40","guid":{"rendered":"https:\/\/www.europesays.com\/es\/746722\/"},"modified":"2026-09-04T03:43:40","modified_gmt":"2026-09-04T03:43:40","slug":"muere-ramon-espinar-exalcalde-de-leganes-y-primer-presidente-de-la-asamblea","status":"publish","type":"post","link":"https:\/\/www.europesays.com\/es\/746722\/","title":{"rendered":"Muere Ram\u00f3n Espinar, exalcalde de Legan\u00e9s y primer presidente de la Asamblea"},"content":{"rendered":"<p class=\"article-text\">\n        Ram\u00f3n Espinar Gallego, primer presidente de la Asamblea de Madrid, exalcalde de Legan\u00e9s y consejero de Cultura, Hacienda y tambi\u00e9n portavoz del Gobierno regional durante la Presidencia de Joaqu\u00edn Leguina, entre 1983 y 1995, ha fallecido este jueves tras una larga enfermedad.\n    <\/p>\n<p class=\"article-text\">\n        As\u00ed lo ha dado a conocer su hijo Ram\u00f3n Espinar en redes sociales, quien fuera tambi\u00e9n exdirigente y exsenador de Podemos. \u201cEsta ma\u00f1ana ha muerto mi padre a los 72 a\u00f1os despu\u00e9s de una enfermedad larga y dura. Quienes han lidiado con la enfermedad degenerativa saben de lo que hablo\u201d, ha expresado.\n    <\/p>\n<p class=\"article-text\">\n        Tambi\u00e9n le ha recordado la presidenta madrile\u00f1a, Isabel D\u00edaz Ayuso, a trav\u00e9s de su cuenta de &#8216;X&#8217; donde ha lamentado su fallecimiento y trasladado el p\u00e9same a la familia. \u201cLa pol\u00edtica madrile\u00f1a pierde a Ram\u00f3n Espinar Gallego, primer presidente de la Asamblea de Madrid, alcalde de Legan\u00e9s y consejero del presidente Leguina\u201d, ha trasladado.\n    <\/p>\n<blockquote class=\"twitter-tweet\" data-lang=\"es\"><p><a href=\"https:\/\/twitter.com\/X\/status\/2095505267521679585?ref_src=twsrc%5Etfw\" rel=\"nofollow noopener\" target=\"_blank\"><\/p><\/blockquote>\n<p class=\"article-text\">\n        Tambi\u00e9n el PSOE de Madrid ha trasladado su p\u00e9same a la familia, amigos y allegados de Espinar: \u201cFue un hist\u00f3rico socialista madrile\u00f1o\u201d, indican en X.\n    <\/p>\n<blockquote class=\"twitter-tweet\" data-lang=\"es\"><p><a href=\"https:\/\/twitter.com\/X\/status\/2095508802963394885?ref_src=twsrc%5Etfw\" rel=\"nofollow noopener\" target=\"_blank\"><\/p><\/blockquote>\n<p class=\"article-text\">\n        Por su parte, desde el Ayuntamiento de Legan\u00e9s han expresado su \u201cprofundo pesar\u201d por el fallecimiento del que fuera alcalde de la cuydad tras las primeras elecciones de la democracia. \u201cEn nombre de toda la Corporaci\u00f3n municipal, hacer llegar nuestras m\u00e1s sentidas condolencias y mandar todo nuestro \u00e1nimo a la familia y amigos\u201d, han se\u00f1alado.\n    <\/p>\n<p class=\"article-text\">\n        Ram\u00f3n Espinar form\u00f3 parte de Gobierno de Leguina y, desde 1987 a 1991, fue consejero de Cultura y portavoz del Gobierno regional, mientras que desde 1991 a 1995 ejerci\u00f3 el cargo de consejero de Hacienda.\n    <\/p>\n<p class=\"article-text\">\n        Fue abogado, licenciado en derecho y trabaj\u00f3 como administrativo. Fue miembro del Comit\u00e9 Provincial de la UGT de Madrid y del Comit\u00e9 Regional de la Federaci\u00f3n Socialista Madrile\u00f1a a la que represent\u00f3 en el Comit\u00e9 Federal del PSOE. Adem\u00e1s, fue elegido alcalde de Legan\u00e9s en las primeras elecciones municipales de la democracia celebradas en abril de 1979 y reelegido en mayo de 1983, dejando el cargo para incorporarse como diputado a la Asamblea de Madrid, seg\u00fan la Fundaci\u00f3n Pablo Iglesias.\n    <\/p>\n<p class=\"article-text\">\n        Durante su etapa como alcalde form\u00f3 parte de la Comisi\u00f3n Ejecutiva de la Federaci\u00f3n Espa\u00f1ola de Municipios y Provincias y fue diputado auton\u00f3mico por Madrid desde 1983 a 1999, siendo presidente de la Asamblea de Madrid entre 1983 y 1987. En 1995 dej\u00f3 la pol\u00edtica activa para dedicarse al ejercicio de la abogac\u00eda y fue presidente de la Asociaci\u00f3n Cultural Ideas, adem\u00e1s de ser, entre 2007 y 2010, consejero y vicepresidente de Caja Madrid.\n    <\/p>\n<p class=\"article-text\">\n        Fue imputado por el esc\u00e1ndalo de las tarjetas black en el que se vieron involucrados los consejeros de Caja Madrid, acusado de haberse beneficiado ilegalmente con una de las tarjetas opacas. En febrero de 2017 la Audiencia Nacional lo conden\u00f3 por ello a un a\u00f1o de prisi\u00f3n.\n    <\/p>\n<p>                                        <script async src=\"https:\/\/platform.twitter.com\/widgets.js\" charset=\"utf-8\"><\/script><\/p>\n","protected":false},"excerpt":{"rendered":"Ram\u00f3n Espinar Gallego, primer presidente de la Asamblea de Madrid, exalcalde de Legan\u00e9s y consejero de Cultura, Hacienda&hellip;\n","protected":false},"author":2,"featured_media":746723,"comment_status":"","ping_status":"","sticky":false,"template":"","format":"standard","meta":{"footnotes":""},"categories":[5],"tags":[19345,17,18,25,24,18263,66780,13,14,11,19,20,7384,8938,9,10,15,16,1461,977,11082,23,12,21,22],"class_list":["post-746722","post","type-post","status-publish","format-standard","has-post-thumbnail","category-titulares","tag-asamblea","tag-breaking-news","tag-breakingnews","tag-es","tag-espana","tag-espinar","tag-exalcalde","tag-featured-news","tag-featurednews","tag-headlines","tag-latest-news","tag-latestnews","tag-leganes","tag-muere","tag-news","tag-noticias","tag-noticias-destacadas","tag-noticiasdestacadas","tag-presidente","tag-primer","tag-ramon","tag-spain","tag-titulares","tag-ultimas-noticias","tag-ultimasnoticias"],"share_on_mastodon":{"url":"https:\/\/pubeurope.com\/@es\/117210710375447719","error":""},"_links":{"self":[{"href":"https:\/\/www.europesays.com\/es\/wp-json\/wp\/v2\/posts\/746722","targetHints":{"allow":["GET"]}}],"collection":[{"href":"https:\/\/www.europesays.com\/es\/wp-json\/wp\/v2\/posts"}],"about":[{"href":"https:\/\/www.europesays.com\/es\/wp-json\/wp\/v2\/types\/post"}],"author":[{"embeddable":true,"href":"https:\/\/www.europesays.com\/es\/wp-json\/wp\/v2\/users\/2"}],"replies":[{"embeddable":true,"href":"https:\/\/www.europesays.com\/es\/wp-json\/wp\/v2\/comments?post=746722"}],"version-history":[{"count":0,"href":"https:\/\/www.europesays.com\/es\/wp-json\/wp\/v2\/posts\/746722\/revisions"}],"wp:featuredmedia":[{"embeddable":true,"href":"https:\/\/www.europesays.com\/es\/wp-json\/wp\/v2\/media\/746723"}],"wp:attachment":[{"href":"https:\/\/www.europesays.com\/es\/wp-json\/wp\/v2\/media?parent=746722"}],"wp:term":[{"taxonomy":"category","embeddable":true,"href":"https:\/\/www.europesays.com\/es\/wp-json\/wp\/v2\/categories?post=746722"},{"taxonomy":"post_tag","embeddable":true,"href":"https:\/\/www.europesays.com\/es\/wp-json\/wp\/v2\/tags?post=746722"}],"curies":[{"name":"wp","href":"https:\/\/api.w.org\/{rel}","templated":true}]}}