{"id":746724,"date":"2026-09-04T03:49:37","date_gmt":"2026-09-04T03:49:37","guid":{"rendered":"https:\/\/www.europesays.com\/es\/746724\/"},"modified":"2026-09-04T03:49:37","modified_gmt":"2026-09-04T03:49:37","slug":"ignacio-buse-en-el-us-open-el-apellido-buse-resuena-68-anos-despues-en-nueva-york-que-significado-cobra-el-triunfo-de-nacho-en-el-grand-slam-apuesplan","status":"publish","type":"post","link":"https:\/\/www.europesays.com\/es\/746724\/","title":{"rendered":"Ignacio Buse en el US Open | El apellido Buse resuena 68 a\u00f1os despu\u00e9s en Nueva York: Qu\u00e9 significado cobra el triunfo de Nacho en el Grand Slam | apuesplan"},"content":{"rendered":"<p itemprop=\"description\" class=\"sc__font-paragraph\">\u201cLlevo con honor el apellido\u201d, nos dec\u00eda Ignacio Buse cuando estaba ingresando al circuito ATP. Sus abuelos dieron los primeros pasos en la era amateur del deporte y hoy Nacho se consolida en la \u00e9lite del profesionalismo. Y lo hace con autoridad, aunque tambi\u00e9n con un poco de angustia. <\/p>\n<blockquote class=\"sc__blockquote \" data-mrf-recirculation=\"Contenido Enlace\"><p>MIRA: As\u00ed fue el punto de la victoria de Ignacio Buse sobre Marcos Giron por el US Open 2026 | VIDEO<\/p><\/blockquote>\n<p itemprop=\"description\" class=\"sc__font-paragraph\">Nacho logr\u00f3 una gran victoria en su debut en el US Open, en un partido al que no solo tuvo que apelar a su mejor tenis, tambi\u00e9n a soportar un malestar f\u00edsico que no lo ten\u00eda c\u00f3modo en el inicio del partido. En cinco sets, venci\u00f3 por 3-6, 6-3, 6-3, 6-7 y 6-1 al estadounidense Marcos Gir\u00f3n, en el duelo que deb\u00eda jugarse el martes, pero la lluvia aplaz\u00f3 para ayer. <\/p>\n<p itemprop=\"description\" class=\"sc__font-paragraph\">Fueron dos momentos de partido, con la lluvia de por medio. Empez\u00f3 cediendo el primer set y si bien gan\u00f3 el segundo, no se le notaba bien. Pidi\u00f3 atenci\u00f3n m\u00e9dica cuando ganaba 5-2 en la segunda manga y pidi\u00f3 el \u2018Toilet break\u2019 antes del tercer set. <\/p>\n<p itemprop=\"description\" class=\"sc__font-paragraph\">En un duelo muy parejo, la lluvia detuvo el encuentro cuando ganaba 4-3. Tras una espera de m\u00e1s de una hora, Buse sigui\u00f3 firme, pero ya con un Gir\u00f3n m\u00e1s envalentonado. <\/p>\n<p itemprop=\"description\" class=\"sc__font-paragraph\">El cuarto set parec\u00eda inclinarse para Nacho. Tuvo tres \u2018match points\u2019, pero no los aprovech\u00f3. Pero sali\u00f3 a sentenciar el quinto set y lo gan\u00f3 por amplio margen. <\/p>\n<p itemprop=\"description\" class=\"sc__font-paragraph\">As\u00ed, Nacho avanz\u00f3 a segunda ronda, donde hoy mismo ya tendr\u00e1 actividad. Enfrentar\u00e1 a partir de las 4 p.m. si la lluvia lo permite, al franc\u00e9s Benjamin Bonzi, actual 90 ATP, y a quien ya venci\u00f3 hace apenas una semana, en las semifinales del ATP 250 Winston-Salem, el t\u00edtulo que logr\u00f3 antes de llegar a Nueva York para el Grand Slam. <\/p>\n<p><img loading=\"lazy\" src=\"https:\/\/www.europesays.com\/es\/wp-content\/uploads\/2026\/09\/1788493776_426_MKGXMMXPOBHINL732POWVY353I.jpg\" alt=\"Ignacio Buse festeja un nuevo t\u00edtulo en una temporada inolvidable (Foto: @WSOpen2026)\" decoding=\"async\" class=\"lazy sc__image  w-full\" style=\"max-width:980px;width:100%;height:auto\" width=\"980\" height=\"653\"\/><\/p>\n<p>Ignacio Buse festeja un nuevo t\u00edtulo en una temporada inolvidable (Foto: @WSOpen2026)<\/p>\n<p itemprop=\"description\" class=\"sc__font-paragraph\">En las \u00faltimas semanas Nacho se ha consolidado con varios registros del tenis peruano. Dos t\u00edtulos ATP (Hamburgo y Winston-Salem), ascenso a su mejor r\u00e1nking con el puesto 30, a solo dos puestos de superar lo hecho por Pablo Arraya, y ahora sum\u00f3 su segunda victoria en un Grand Slam. <\/p>\n<p itemprop=\"description\" class=\"sc__font-paragraph\">En junio pasado ya hab\u00eda ganado en primera ronda en Wimbledon. Ahora repite en el US Open, con la expectativa de seguir avanzando. <\/p>\n<p><img loading=\"lazy\" src=\"https:\/\/www.europesays.com\/es\/wp-content\/uploads\/2026\/09\/A4NLQXRUT5HVJBW7SJ2KMD243E.jpg\" alt=\"Ignacio Buse\" decoding=\"async\" class=\"lazy sc__image  w-full\" style=\"max-width:480px;width:100%;height:auto\" width=\"480\" height=\"1200\"\/><\/p>\n<p>Ignacio Buse<\/p>\n<p itemprop=\"description\" class=\"sc__font-paragraph\">Al ser un jugador preclasificado, con el puesto 32, Nacho se asegur\u00f3 enfrentar a rivales de peor r\u00e1nking en las dos primeras rondas. Super\u00f3 a Gir\u00f3n (78), y ahora se mide ante Bonzi (90). <\/p>\n<p itemprop=\"description\" class=\"sc__font-paragraph\">Buse ha sumado dos victorias en el cuadro principal (MD) de un Grand Slam y hoy podr\u00eda igualar lo hecho por Pablo Arraya en los majors, que lleg\u00f3 a tres triunfos. Luego est\u00e1 Juan Pablo Varillas, que tuvo cuatro victorias en el 2023 (tres en Roland Garros y uno en el US Open). <\/p>\n<p itemprop=\"description\" class=\"sc__font-paragraph\">En las tribunas de la cancha 6 estuvieron alentando su madre y su t\u00edo Gaston Acurio, pero tambi\u00e9n estuvo esa sensaci\u00f3n de estar en un torneo donde su apellido ya se vio en anta\u00f1o. <\/p>\n<p itemprop=\"description\" class=\"sc__font-paragraph\">El US Open destac\u00f3 que un Buse logr\u00f3 una victoria en este torneo luego de 68 a\u00f1os, ya que su abuelo Eduardo supo ganar ah\u00ed dos veces, la primera en 1942 y la \u00faltima en 1958. <\/p>\n<blockquote class=\"twitter-tweet\" data-media-max-width=\"560\">\n<p lang=\"en\" dir=\"ltr\">68 years in the making \ud83c\uddf5\ud83c\uddea<\/p>\n<p>Ignacio Buse battles through five-set drama to record his first US Open win, following in the footsteps of his grandfather Eduardo, who last won a match here in 1958! \u2764\ufe0f <a href=\"https:\/\/t.co\/PYc7Kbsl52\" rel=\"nofollow\">pic.twitter.com\/PYc7Kbsl52<\/a><\/p>\n<p>\u2014 US Open Tennis (@usopen) <a href=\"https:\/\/x.com\/usopen\/status\/2095277945279414685?ref_src=twsrc%5Etfw\" rel=\"nofollow\">September 2, 2026<\/a><\/p><\/blockquote>\n<p itemprop=\"description\" class=\"sc__font-paragraph\">\u201c68 a\u00f1os de proceso. Ignacio Buse lucha a trav\u00e9s de un drama de cinco sets para registrar su primera victoria en el US Open, siguiendo los pasos de su abuelo Eduardo, \u00a1quien gan\u00f3 su \u00faltimo partido aqu\u00ed en 1958!\u201d, public\u00f3 la cuenta del torneo. <\/p>\n<p itemprop=\"description\" class=\"sc__font-paragraph\">En la era amateur, el torneo se llamaba US Championships y se jugaba en hierba, en Forest Hill. Ahora, en Queen\u2019s, Nacho ha hecho que su apellido vuelva a sonar en Nueva York. <\/p>\n<p itemprop=\"description\" class=\"sc__font-paragraph\">**<\/p>\n<p><script async src=\"https:\/\/platform.twitter.com\/widgets.js\" charset=\"utf-8\"><\/script><\/p>\n","protected":false},"excerpt":{"rendered":"\u201cLlevo con honor el apellido\u201d, nos dec\u00eda Ignacio Buse cuando estaba ingresando al circuito ATP. Sus abuelos dieron&hellip;\n","protected":false},"author":2,"featured_media":746725,"comment_status":"","ping_status":"","sticky":false,"template":"","format":"standard","meta":{"footnotes":""},"categories":[274],"tags":[1691,28416,35637,168,25,24,14215,26625,132641,23,167,327,326,541],"class_list":["post-746724","post","type-post","status-publish","format-standard","has-post-thumbnail","category-tenis","tag-atp","tag-benjamin-bonzi","tag-buse","tag-deportes","tag-es","tag-espana","tag-grand-slam","tag-ignacio-buse","tag-marcos-giron","tag-spain","tag-sports","tag-tenis","tag-tennis","tag-us-open"],"share_on_mastodon":{"url":"https:\/\/pubeurope.com\/@es\/117210734932906382","error":""},"_links":{"self":[{"href":"https:\/\/www.europesays.com\/es\/wp-json\/wp\/v2\/posts\/746724","targetHints":{"allow":["GET"]}}],"collection":[{"href":"https:\/\/www.europesays.com\/es\/wp-json\/wp\/v2\/posts"}],"about":[{"href":"https:\/\/www.europesays.com\/es\/wp-json\/wp\/v2\/types\/post"}],"author":[{"embeddable":true,"href":"https:\/\/www.europesays.com\/es\/wp-json\/wp\/v2\/users\/2"}],"replies":[{"embeddable":true,"href":"https:\/\/www.europesays.com\/es\/wp-json\/wp\/v2\/comments?post=746724"}],"version-history":[{"count":0,"href":"https:\/\/www.europesays.com\/es\/wp-json\/wp\/v2\/posts\/746724\/revisions"}],"wp:featuredmedia":[{"embeddable":true,"href":"https:\/\/www.europesays.com\/es\/wp-json\/wp\/v2\/media\/746725"}],"wp:attachment":[{"href":"https:\/\/www.europesays.com\/es\/wp-json\/wp\/v2\/media?parent=746724"}],"wp:term":[{"taxonomy":"category","embeddable":true,"href":"https:\/\/www.europesays.com\/es\/wp-json\/wp\/v2\/categories?post=746724"},{"taxonomy":"post_tag","embeddable":true,"href":"https:\/\/www.europesays.com\/es\/wp-json\/wp\/v2\/tags?post=746724"}],"curies":[{"name":"wp","href":"https:\/\/api.w.org\/{rel}","templated":true}]}}