{"id":746726,"date":"2026-09-04T03:52:29","date_gmt":"2026-09-04T03:52:29","guid":{"rendered":"https:\/\/www.europesays.com\/es\/746726\/"},"modified":"2026-09-04T03:52:29","modified_gmt":"2026-09-04T03:52:29","slug":"amine-noua-quiero-ser-una-amenaza-dentro-y-fuera-y-ofrecer-un-registro-diferente","status":"publish","type":"post","link":"https:\/\/www.europesays.com\/es\/746726\/","title":{"rendered":"Amine Noua: \u00abQuiero ser una amenaza dentro y fuera y ofrecer un registro diferente\u00bb"},"content":{"rendered":"<p>Transmitiendo tranquilidad y satisfacci\u00f3n, se present\u00f3 este jueves en sociedad Amine Noua, el \u00fanico de los fichajes cajistas que a\u00fan no hab\u00eda sido presentado ante  &#8230; los medios. Pese a no hablar espa\u00f1ol, comenz\u00f3 la rueda de prensa entonando un t\u00edmido &#8216;Buenos d\u00edas&#8217;, as\u00ed como un &#8216;gracias&#8217;, cuando se march\u00f3, lo que habla bien por su parte. Sin embargo, lo m\u00e1s relevante ser\u00e1 su versi\u00f3n en la pista. Este ala-p\u00edvot franc\u00e9s ha sido el \u00faltimo en unirse al equipo despu\u00e9s de dos semanas de concentraci\u00f3n con su selecci\u00f3n, pero ya est\u00e1 dispuesto a contribuir desde el primer d\u00eda: \u00abGracias al Unicaja por esta oportunidad de vestir esta hist\u00f3rica camiseta. Vengo a competir, a intentar ganar trofeos\u00bb.<\/p>\n<p class=\"v-d-p\">Noua, de 2,02 de estatura y 29 a\u00f1os, regresa a la ACB (milit\u00f3 un a\u00f1o en Granada y otro en Andorra) en un momento de madurez y despu\u00e9s de una gran campa\u00f1a en el Aris Sal\u00f3nica de la liga griega, en el que promedi\u00f3 18,3 puntos de media por encuentro. Y as\u00ed reconoce \u00e9l su buen momento actual: \u00abMe siento en forma, he estado dos semanas trabajando con mi selecci\u00f3n. Creo que he dado un salto estos dos \u00faltimos a\u00f1os en mi carrera y creo que el Unicaja es otro salto en mi carrera, es uno de los mejores equipos en Espa\u00f1a\u00bb, comenta.<\/p>\n<ul class=\"v-cmp-rld__u\">\n<li class=\"v-cmp-rld__l\">\n<p><a class=\"v-a-lnk\" href=\"http:\/\/www.diariosur.es\/unicaja\/unicaja-confirma-fichaje-amine-noua-20260730185058-nt.html#vtm_modulosEngag=noticiasrelacionadas-cmp-uno:unicaja:noticia:1\" data-voc-vtm-id=\"in-text-traffic\" rel=\"nofollow noopener\" target=\"_blank\"><br \/>\n<img decoding=\"async\" loading=\"lazy\" src=\"https:\/\/www.europesays.com\/es\/wp-content\/uploads\/2026\/09\/noua-unicaja-U27251272035IeM-366x256@Diario Sur.jpg\" class=\"v-a-img\" width=\"258\" height=\"180\" alt=\"El Unicaja confirma el fichaje de Amine Noua\"\/><br \/>\n<\/a><\/p>\n<\/li>\n<\/ul>\n<p class=\"v-d-p\">Cuestionado sobre sus primeros d\u00edas con su nuevo equipo, su adaptaci\u00f3n en este vestuario y las palabras que le ha transmitido Txus Vidorreta, Noua contesta: \u00abEl equipo tiene mucha creatividad, f\u00edsico, talla\u2026 Y yo creo que puedo aportar versatilidad, defensa, rebote\u2026 Entre todos podemos crear algo especial\u00bb. Adem\u00e1s, sobre su primera toma de contacto con el entrenador, explic\u00f3: \u00abEl entrenador tiene mucha ambici\u00f3n y vamos a darlo todo e intentar dar lo mejor de mi. \u00c9l es un entrenador con mucha experiencia, nos da mucha confianza a los jugadores, me habl\u00f3 de mi rol, de lo que espera de mi, y estoy muy feliz\u00bb. \u00bfVe una plantilla competitiva capaz de pelear por los t\u00edtulos? Ah\u00ed es contundente: \u00abSeguro\u00bb.<\/p>\n<p><img decoding=\"async\" loading=\"lazy\" src=\"https:\/\/www.europesays.com\/es\/wp-content\/uploads\/2026\/09\/_DSC6085-U26710042607tip-680x476@Diario Sur.jpg\" class=\"v-a-img\" width=\"680\" height=\"478\" alt=\"\" data-voc-vtm-id=\"in-text-traffic\"\/><\/p>\n<p>(UNICAJA CB PHOTOPRESS)<\/p>\n<p>\n\u00bfPuede jugar de &#8216;5&#8217;?\n<\/p>\n<p class=\"v-d-p\">Su rol ser\u00e1 el de &#8216;4&#8217;. Sin embargo, tras la inesperada lesi\u00f3n de Nzosa y al quedar el puesto de p\u00edvot tan mermado, s\u00f3lo con Willy Hernang\u00f3mez y David Kravish, es posible que tenga que ejercer de &#8216;5&#8217; en alg\u00fan momento. Sobre esto, apunta: \u00abMe siento m\u00e1s c\u00f3modo como &#8216;4&#8217;, pero en el Granada jugu\u00e9 tambi\u00e9n como &#8216;5&#8217; para jugar el &#8216;small ball&#8217;. Creo que puede ser una opci\u00f3n, pero me siento m\u00e1s &#8216;4&#8217;\u00bb. Lo que tiene claro es que quiere ser un perfil agresivo y tirador: \u00abHe estado trabajando much\u00edsimo en el tiro de tres este \u00faltimo a\u00f1o. Quiero ser una amenaza dentro y fuera y ofrecer al entrenador un registro diferente\u00bb.<\/p>\n<p class=\"v-d-p\">Noua se define a s\u00ed mismo como un chico simple, familiar y abierto, pero tambi\u00e9n es algo t\u00edmido y que busca crecer en un futuro en M\u00e1laga de darse la posibilidad y las circunstancias. \u00abLo m\u00e1s importante es encontrar estabilidad, especialmente para mi familia. Ojal\u00e1 poder encontrar eso aqu\u00ed. Creo que puede ser el sitio perfecto\u00bb.<\/p>\n","protected":false},"excerpt":{"rendered":"Transmitiendo tranquilidad y satisfacci\u00f3n, se present\u00f3 este jueves en sociedad Amine Noua, el \u00fanico de los fichajes cajistas&hellip;\n","protected":false},"author":2,"featured_media":746727,"comment_status":"","ping_status":"","sticky":false,"template":"","format":"standard","meta":{"footnotes":""},"categories":[269],"tags":[4213,123725,299,298,3455,168,20557,25,24,123726,20883,10474,32885,23,167],"class_list":["post-746726","post","type-post","status-publish","format-standard","has-post-thumbnail","category-baloncesto","tag-amenaza","tag-amine","tag-baloncesto","tag-basketball","tag-dentro","tag-deportes","tag-diferente","tag-es","tag-espana","tag-noua","tag-ofrecer","tag-quiero","tag-registro","tag-spain","tag-sports"],"share_on_mastodon":{"url":"https:\/\/pubeurope.com\/@es\/117210746974603562","error":""},"_links":{"self":[{"href":"https:\/\/www.europesays.com\/es\/wp-json\/wp\/v2\/posts\/746726","targetHints":{"allow":["GET"]}}],"collection":[{"href":"https:\/\/www.europesays.com\/es\/wp-json\/wp\/v2\/posts"}],"about":[{"href":"https:\/\/www.europesays.com\/es\/wp-json\/wp\/v2\/types\/post"}],"author":[{"embeddable":true,"href":"https:\/\/www.europesays.com\/es\/wp-json\/wp\/v2\/users\/2"}],"replies":[{"embeddable":true,"href":"https:\/\/www.europesays.com\/es\/wp-json\/wp\/v2\/comments?post=746726"}],"version-history":[{"count":0,"href":"https:\/\/www.europesays.com\/es\/wp-json\/wp\/v2\/posts\/746726\/revisions"}],"wp:featuredmedia":[{"embeddable":true,"href":"https:\/\/www.europesays.com\/es\/wp-json\/wp\/v2\/media\/746727"}],"wp:attachment":[{"href":"https:\/\/www.europesays.com\/es\/wp-json\/wp\/v2\/media?parent=746726"}],"wp:term":[{"taxonomy":"category","embeddable":true,"href":"https:\/\/www.europesays.com\/es\/wp-json\/wp\/v2\/categories?post=746726"},{"taxonomy":"post_tag","embeddable":true,"href":"https:\/\/www.europesays.com\/es\/wp-json\/wp\/v2\/tags?post=746726"}],"curies":[{"name":"wp","href":"https:\/\/api.w.org\/{rel}","templated":true}]}}