{"id":746728,"date":"2026-09-04T03:53:21","date_gmt":"2026-09-04T03:53:21","guid":{"rendered":"https:\/\/www.europesays.com\/es\/746728\/"},"modified":"2026-09-04T03:53:21","modified_gmt":"2026-09-04T03:53:21","slug":"asi-se-gesto-el-fichaje-de-jesse-bisiwu-por-el-barca","status":"publish","type":"post","link":"https:\/\/www.europesays.com\/es\/746728\/","title":{"rendered":"As\u00ed se gest\u00f3 el fichaje de Jesse Bisiwu por el Bar\u00e7a"},"content":{"rendered":"<p class=\"ft-text\">El fichaje de <strong>Jesse Bisiwu ha sido una de las grandes operaciones de futuro del Bar\u00e7a en este mercado<\/strong>. La direcci\u00f3n deportiva y el departamento de \u2018scouting\u2019 consiguieron anticiparse a varios grandes clubes europeos que segu\u00edan muy de cerca a un futbolista por el que, dentro de la entidad, existe el convencimiento de que en unos a\u00f1os podr\u00edan haberse pagado cantidades muy superiores. Para entender c\u00f3mo se cerr\u00f3 la operaci\u00f3n hay que remontarse pr\u00e1cticamente un a\u00f1o atr\u00e1s.<\/p>\n<p class=\"ft-text\">Los primeros informes fueron especialmente positivos. <strong>Joao Amaral y Deco detectaron a un futbolista muy t\u00e9cnico, r\u00e1pido, desequilibrante y con una enorme facilidad para el uno contra uno.<\/strong> Bisiwu, nacido en 2008, reun\u00eda pr\u00e1cticamente todas las condiciones que buscaba el Bar\u00e7a en un jugador de su edad.<\/p>\n<p class=\"ft-text\">No fue una decisi\u00f3n tomada despu\u00e9s de unos pocos partidos. El departamento de \u2018scouting\u2019 realiz\u00f3 un seguimiento exhaustivo y, antes incluso de producirse el primer viaje, <strong>Amaral y Deco mantuvieron numerosas conversaciones con el entorno del jugador para conocer su predisposici\u00f3n y comprobar si exist\u00eda realmente la posibilidad de afrontar la operaci\u00f3n<\/strong>. La respuesta fue siempre positiva.<\/p>\n<p>El viaje que cambi\u00f3 la operaci\u00f3n<\/p>\n<p class=\"ft-text\">El 27 de enero lleg\u00f3 uno de los momentos clave. <strong>Deco y Joao Amaral viajaron personalmente a Bruselas para reunirse con Bisiwu y su entorno m\u00e1s cercano.<\/strong> El jugador, representado por YouFirst, estuvo acompa\u00f1ado durante el proceso por Marthy Mobindi y Tom De Mul, exfutbolista del Sevilla.<\/p>\n<p class=\"ft-text\">Aquella reuni\u00f3n sirvi\u00f3 para dar un paso pr\u00e1cticamente definitivo con el futbolista. Bisiwu ya ve\u00eda con muy buenos ojos la posibilidad de jugar en el Bar\u00e7a, pero <strong>el desplazamiento de Deco tuvo un impacto enorme<\/strong>. El director deportivo tiene una baza dif\u00edcil de igualar por otros clubes: adem\u00e1s de representar al Bar\u00e7a, es un exfutbolista que gan\u00f3 pr\u00e1cticamente todo y una figura reconocida mundialmente. Que alguien con su trayectoria viaje expresamente para explicarte personalmente el proyecto tiene un peso enorme para un jugador tan joven.<\/p>\n<p class=\"ft-text\">Bisiwu qued\u00f3 convencido y <strong>el Bar\u00e7a sali\u00f3 de Bruselas sabiendo que ten\u00eda el s\u00ed del futbolista<\/strong>. A partir de ah\u00ed quedaba la parte m\u00e1s complicada: convencer al Brujas.<\/p>\n<p>Una negociaci\u00f3n larga con el Brujas<\/p>\n<p class=\"ft-text\">El siguiente paso importante lleg\u00f3 el <strong>20 de abril en Lausana<\/strong>, aprovechando la Final Four de la Youth League. Joao Amaral solicit\u00f3 una reuni\u00f3n personal con D\u00e9vy Rigaux, entonces m\u00e1ximo responsable deportivo del Brujas, para trasladarle formalmente el inter\u00e9s azulgrana.<\/p>\n<p class=\"ft-text\">La interlocuci\u00f3n fue buena y las sensaciones, positivas. El problema nunca estuvo en las relaciones entre los clubes, sino en <strong>la pol\u00edtica deportiva del Brujas<\/strong>. El conjunto belga es un club formador que no tiene necesidad de vender a sus grandes talentos cuando todav\u00eda son juveniles. Su filosof\u00eda pasa por desarrollarlos, llevarlos al primer equipo, permitir que se muestren en la liga belga y en competiciones europeas y venderlos posteriormente por cantidades mucho mayores.<\/p>\n<p class=\"ft-text\">El razonamiento que trasladaban desde B\u00e9lgica era sencillo: <strong>si un gran club est\u00e1 dispuesto a pagar una cantidad importante por un juvenil, su valor puede multiplicarse cuando tenga experiencia en Champions o Europa League<\/strong>. Por eso las pretensiones fueron elevadas desde el principio.<\/p>\n<p class=\"ft-text\">El Bar\u00e7a present\u00f3 una primera oferta que fue rechazada. En la direcci\u00f3n deportiva, sin embargo, <strong>lo interpretaron como algo completamente normal dentro de una negociaci\u00f3n de estas caracter\u00edsticas<\/strong>. Nadie pens\u00f3 en retirarse. Los informes eran demasiado buenos y la predisposici\u00f3n de Bisiwu era total.<\/p>\n<p class=\"ft-text\">Hubo altibajos y momentos en los que el Bar\u00e7a consider\u00f3 demasiado altas las exigencias del Brujas, pero nunca cambi\u00f3 el convencimiento deportivo. <strong>Deco y Amaral ten\u00edan claro que era un futbolista por el que merec\u00eda la pena insistir.<\/strong><\/p>\n<p class=\"ft-text\">Durante ese periodo cambi\u00f3 adem\u00e1s el interlocutor. Rigaux abandon\u00f3 el Brujas rumbo al Feyenoord y el Bar\u00e7a tuvo que continuar negociando con una estructura diferente, con <strong>Maarten Dedobbeleer<\/strong> entre sus principales responsables. Hubo que volver a trabajar determinadas cuestiones, pero la operaci\u00f3n sigui\u00f3 avanzando. Lleg\u00f3 una nueva ofensiva azulgrana y, finalmente, el acuerdo.<\/p>\n<p>Bisiwu tambi\u00e9n puso de su parte<\/p>\n<p class=\"ft-text\">La voluntad del futbolista fue fundamental. <strong>Bisiwu prioriz\u00f3 al Bar\u00e7a pese al inter\u00e9s de otros clubes<\/strong> y hubo momentos en los que sufri\u00f3 especialmente por la duraci\u00f3n de las conversaciones. Quer\u00eda vestir de azulgrana, ve\u00eda c\u00f3mo pasaban las semanas y lleg\u00f3 a sentir cierta impotencia al comprobar que el acuerdo entre clubes no terminaba de cerrarse.<\/p>\n<p class=\"ft-text\">El Bar\u00e7a supo tranquilizarlo. Desde la direcci\u00f3n deportiva <strong>le transmitieron que segu\u00edan completamente comprometidos con su fichaje y que continuar\u00edan trabajando hasta encontrar una soluci\u00f3n con el Brujas<\/strong>. Esa palabra dio tranquilidad al jugador durante los momentos m\u00e1s complicados.<\/p>\n<p class=\"ft-text\">Ahora, ya en Barcelona, su adaptaci\u00f3n tambi\u00e9n avanza a buen ritmo. Bisiwu est\u00e1 acompa\u00f1ado por sus padres y por las personas de confianza que han estado a su lado durante todo el proceso. <strong>Actualmente se aloja en un hotel muy pr\u00f3ximo a la Ciutat Esportiva mientras termina de preparar su instalaci\u00f3n definitiva en la ciudad.<\/strong> Su entorno ya ha encontrado vivienda y est\u00e1 pendiente de completar la mudanza, mientras el club ha facilitado tambi\u00e9n un veh\u00edculo para que la familia pueda desplazarse con comodidad.<\/p>\n<p class=\"ft-text\">Dentro del campo, la adaptaci\u00f3n tambi\u00e9n estaba siendo positiva hasta el peque\u00f1o susto sufrido esta semana. <strong>Bisiwu recibi\u00f3 un fuerte golpe durante el encuentro de Copa Catalunya ante el Sabadell y tuvo que abandonar el terreno de juego en camilla<\/strong>, encendiendo todas las alarmas. SPORT ya avanz\u00f3 que las pruebas posteriores descartaron una lesi\u00f3n importante y que estar\u00e1 \u00fanicamente unos d\u00edas al margen.<\/p>\n<p class=\"ft-text\">Nada que cambie el enorme convencimiento existente con \u00e9l. Su fichaje fue el resultado de <strong>meses de informes, viajes, reuniones, ofertas rechazadas y una negociaci\u00f3n en la que hubo momentos de tensi\u00f3n<\/strong>, pero tambi\u00e9n de la determinaci\u00f3n de un futbolista que desde el principio quiso jugar en el Bar\u00e7a.<\/p>\n<p class=\"ft-text\">Bisiwu sufri\u00f3 cuando el acuerdo parec\u00eda no llegar, pero hubo algo que le permiti\u00f3 mantener la calma: <strong>el Bar\u00e7a le hab\u00eda dado su palabra. Y cuando el Bar\u00e7a promete, act\u00faa y lo logra.<\/strong><\/p>\n","protected":false},"excerpt":{"rendered":"El fichaje de Jesse Bisiwu ha sido una de las grandes operaciones de futuro del Bar\u00e7a en este&hellip;\n","protected":false},"author":2,"featured_media":746729,"comment_status":"","ping_status":"","sticky":false,"template":"","format":"standard","meta":{"footnotes":""},"categories":[268],"tags":[2296,86191,882,168,25,24,557,280,282,14136,44640,281,23,167],"class_list":["post-746728","post","type-post","status-publish","format-standard","has-post-thumbnail","category-futbol","tag-barca","tag-bisiwu","tag-deco","tag-deportes","tag-es","tag-espana","tag-fichaje","tag-football","tag-futbol","tag-gesto","tag-jesse","tag-soccer","tag-spain","tag-sports"],"share_on_mastodon":{"url":"https:\/\/pubeurope.com\/@es\/117210749760379239","error":""},"_links":{"self":[{"href":"https:\/\/www.europesays.com\/es\/wp-json\/wp\/v2\/posts\/746728","targetHints":{"allow":["GET"]}}],"collection":[{"href":"https:\/\/www.europesays.com\/es\/wp-json\/wp\/v2\/posts"}],"about":[{"href":"https:\/\/www.europesays.com\/es\/wp-json\/wp\/v2\/types\/post"}],"author":[{"embeddable":true,"href":"https:\/\/www.europesays.com\/es\/wp-json\/wp\/v2\/users\/2"}],"replies":[{"embeddable":true,"href":"https:\/\/www.europesays.com\/es\/wp-json\/wp\/v2\/comments?post=746728"}],"version-history":[{"count":0,"href":"https:\/\/www.europesays.com\/es\/wp-json\/wp\/v2\/posts\/746728\/revisions"}],"wp:featuredmedia":[{"embeddable":true,"href":"https:\/\/www.europesays.com\/es\/wp-json\/wp\/v2\/media\/746729"}],"wp:attachment":[{"href":"https:\/\/www.europesays.com\/es\/wp-json\/wp\/v2\/media?parent=746728"}],"wp:term":[{"taxonomy":"category","embeddable":true,"href":"https:\/\/www.europesays.com\/es\/wp-json\/wp\/v2\/categories?post=746728"},{"taxonomy":"post_tag","embeddable":true,"href":"https:\/\/www.europesays.com\/es\/wp-json\/wp\/v2\/tags?post=746728"}],"curies":[{"name":"wp","href":"https:\/\/api.w.org\/{rel}","templated":true}]}}