{"id":746752,"date":"2026-09-04T04:08:21","date_gmt":"2026-09-04T04:08:21","guid":{"rendered":"https:\/\/www.europesays.com\/es\/746752\/"},"modified":"2026-09-04T04:08:21","modified_gmt":"2026-09-04T04:08:21","slug":"el-dia-que-sanchez-dice-que-convocaron-a-la-embajadora-en-marruecos-esta-no-estaba-en-espana","status":"publish","type":"post","link":"https:\/\/www.europesays.com\/es\/746752\/","title":{"rendered":"El d\u00eda que S\u00e1nchez dice que convocaron a la embajadora en Marruecos esta no estaba en Espa\u00f1a"},"content":{"rendered":"<p>El presidente del Gobierno, Pedro S\u00e1nchez, ha asegurado este jueves en sede parlamentaria que el pasado 21 de agosto su administraci\u00f3n convoc\u00f3 a la embajadora de Rabat en Espa\u00f1a. Fue, seg\u00fan ha dicho el jefe del Ejecutivo, una reacci\u00f3n inmediata a las declaraciones de ministros  &#8230; marroqu\u00edes de Justicia, Abdellatif Ouahbi, y de Asuntos Isl\u00e1micos, Ahmed Tufiq, sobre la soberan\u00eda de Ceuta y Melilla. Pero el d\u00eda 21 de agosto, cuando supuestamente se convoc\u00f3 a Karima Benyaich Mill\u00e1n, la representante de Marruecos en Espa\u00f1a no estaba en nuestro pa\u00eds. Un gesto que no se ha dado a conocer hasta ahora, m\u00e1s de diez d\u00edas m\u00e1s tarde.<\/p>\n<p class=\"v-d-p\">Fuentes de la Embajada de Rabat en Madrid han confirmado la ausencia de Karima Benyaich Mill\u00e1n. Lo han hecho tan solo unos minutos m\u00e1s tarde del bulo pronunciado por S\u00e1nchez en sede parlamentaria. Seg\u00fan fuentes diplom\u00e1ticas ese d\u00eda Benyaich no pod\u00eda haber acudido a la llamada del ministro de Asuntos Exteriores, Uni\u00f3n Europea y Cooperaci\u00f3n. Esas mismas fuentes han negado que se hubiera producido esa reuni\u00f3n que ha aireado el presidente en un gesto poco habitual, ya que lo normal es que cuando se convoca a una embajadora se comunique ese mismo d\u00eda, como ocurri\u00f3 en el caso de Italia por la suspensi\u00f3n de Schengen.<\/p>\n<p class=\"v-d-p\">Tras el desmentido por parte de la Embajada de Marruecos en Espa\u00f1a, el Gobierno ha rectificado el bulo pronunciado por S\u00e1nchez matizando sus palabras, que fueron claras y taxativas: \u00abconvocamos a la embajadora marroqu\u00ed el pasado 21 de agosto\u00bb. El gabinete de Jos\u00e9 Manuel Albares \u00abha aclarado\u00bb a primera hora de la tarde a la agencia Europa Press que en realidad quien acudi\u00f3 al Ministerio de Asuntos Exteriores, Uni\u00f3n Europea y Cooperaci\u00f3n fue el encargado de Negocios de la Embajada.<\/p>\n<ul class=\"v-cmp-rld__u\">\n<li class=\"v-cmp-rld__l\">\n<p><a class=\"v-a-lnk\" href=\"http:\/\/www.abc.es\/espana\/sanchez-enroca-proteccion-marruecos-obligado-matizar-defensa-20260903101306-nt.html#vtm_modulosEngag=noticiasrelacionadas-cmp-uno:espana:noticia:1\" data-voc-vtm-id=\"in-text-traffic\" rel=\"nofollow noopener\" target=\"_blank\"><br \/>\n<img decoding=\"async\" loading=\"lazy\" src=\"https:\/\/www.europesays.com\/es\/wp-content\/uploads\/2026\/09\/1516747468-U24423061306Czw-366x256@diario_abc.jpg\" class=\"v-a-img\" width=\"258\" height=\"180\" alt=\"S\u00e1nchez se enroca en proteger a Marruecos, pero se ve obligado a matizar su defensa\"\/><br \/>\n                                      <\/a><\/p>\n<\/li>\n<\/ul>\n<p class=\"v-d-p\">El ministro de Justicia, Abdellatif Ouahbi, afirm\u00f3 que ambas ciudades representan un \u00abderecho hist\u00f3rico y geogr\u00e1fico\u00bb de Marruecos. Adem\u00e1s, defendi\u00f3 la necesidad de mantener un di\u00e1logo con Espa\u00f1a y propuso crear una comisi\u00f3n para buscar una soluci\u00f3n que permitiera su regreso a Marruecos. Por su parte, el ministro de Asuntos Isl\u00e1micos, Ahmed Toufiq, utiliz\u00f3 un lenguaje m\u00e1s contundente durante un acto religioso presidido por el rey Mohamed VI. Se refiri\u00f3 a Ceuta y Melilla como \u00abciudades ocupadas\u00bb y habl\u00f3 de una \u00ablucha sagrada\u00bb para conseguir su liberaci\u00f3n.<\/p>\n<p class=\"v-d-p\">Albares despach\u00f3 esas afrentas cuando se produjeron con un simple mensaje, que traslad\u00f3 su gabinete de prensa a trav\u00e9s de unas fuentes: \u00abCeuta y Melilla son dos ciudades espa\u00f1olas frontera de Espa\u00f1a y de la UE. Forman parte de la integridad territorial y de la soberan\u00eda de Espa\u00f1a reconocida internacionalmente y son igualmente parte integrante del territorio de la UE. Rechazamos y rechazaremos tajantemente cualquier planteamiento distinto respecto a Ceuta y Melilla. Esta posici\u00f3n se ha trasladado claramente hoy por los canales diplom\u00e1ticos\u00bb.<\/p>\n","protected":false},"excerpt":{"rendered":"El presidente del Gobierno, Pedro S\u00e1nchez, ha asegurado este jueves en sede parlamentaria que el pasado 21 de&hellip;\n","protected":false},"author":2,"featured_media":746753,"comment_status":"","ping_status":"","sticky":false,"template":"","format":"standard","meta":{"footnotes":""},"categories":[8],"tags":[17,18,11866,18732,6143,54633,25,24,13,14,11,19,20,1347,4485,62797,9,10,15,16,199,23,12,21,22],"class_list":["post-746752","post","type-post","status-publish","format-standard","has-post-thumbnail","category-espana","tag-breaking-news","tag-breakingnews","tag-congreso","tag-consultas","tag-dijo","tag-embajadora","tag-es","tag-espana","tag-featured-news","tag-featurednews","tag-headlines","tag-latest-news","tag-latestnews","tag-llamado","tag-marruecos","tag-mintio","tag-news","tag-noticias","tag-noticias-destacadas","tag-noticiasdestacadas","tag-sanchez","tag-spain","tag-titulares","tag-ultimas-noticias","tag-ultimasnoticias"],"share_on_mastodon":{"url":"https:\/\/pubeurope.com\/@es\/117210809558716437","error":""},"_links":{"self":[{"href":"https:\/\/www.europesays.com\/es\/wp-json\/wp\/v2\/posts\/746752","targetHints":{"allow":["GET"]}}],"collection":[{"href":"https:\/\/www.europesays.com\/es\/wp-json\/wp\/v2\/posts"}],"about":[{"href":"https:\/\/www.europesays.com\/es\/wp-json\/wp\/v2\/types\/post"}],"author":[{"embeddable":true,"href":"https:\/\/www.europesays.com\/es\/wp-json\/wp\/v2\/users\/2"}],"replies":[{"embeddable":true,"href":"https:\/\/www.europesays.com\/es\/wp-json\/wp\/v2\/comments?post=746752"}],"version-history":[{"count":0,"href":"https:\/\/www.europesays.com\/es\/wp-json\/wp\/v2\/posts\/746752\/revisions"}],"wp:featuredmedia":[{"embeddable":true,"href":"https:\/\/www.europesays.com\/es\/wp-json\/wp\/v2\/media\/746753"}],"wp:attachment":[{"href":"https:\/\/www.europesays.com\/es\/wp-json\/wp\/v2\/media?parent=746752"}],"wp:term":[{"taxonomy":"category","embeddable":true,"href":"https:\/\/www.europesays.com\/es\/wp-json\/wp\/v2\/categories?post=746752"},{"taxonomy":"post_tag","embeddable":true,"href":"https:\/\/www.europesays.com\/es\/wp-json\/wp\/v2\/tags?post=746752"}],"curies":[{"name":"wp","href":"https:\/\/api.w.org\/{rel}","templated":true}]}}