{"id":746758,"date":"2026-09-04T04:17:27","date_gmt":"2026-09-04T04:17:27","guid":{"rendered":"https:\/\/www.europesays.com\/es\/746758\/"},"modified":"2026-09-04T04:17:27","modified_gmt":"2026-09-04T04:17:27","slug":"li-yueru-la-estrella-de-china-que-se-queda-sin-mundial-por-el-pasaporte","status":"publish","type":"post","link":"https:\/\/www.europesays.com\/es\/746758\/","title":{"rendered":"Li Yueru, la estrella de China que se queda sin Mundial por el pasaporte"},"content":{"rendered":"<p class=\"ft-text\"><strong>El Mundial de baloncesto femenino arranca este viernes en Berl\u00edn y lo hace con una constelaci\u00f3n de estrellas<\/strong>, muchas de ellas procedentes diretamente desde la WNBA, <a class=\"ft-link ft-link--decoration\" href=\"https:\/\/www.superdeporte.es\/valencia-basket\/2026\/08\/31\/cuatro-jugadoras-valencia-basket-awa-fam-mundial-baloncesto-133797696.html\" rel=\"nofollow noopener\" target=\"_blank\">como ocurre en la selecci\u00f3n espa\u00f1ola con Awa Fam, Raquel Carrrea, Alicia Fl\u00f3rez o Mar\u00eda Conde<\/a>.<\/p>\n<p class=\"ft-text\">Eso s\u00ed, a escasas horas para que arranque la cita m\u00e1s importante del a\u00f1o a nivel internacional,<strong> una de sus grandes estrellas no podr\u00e1 competir por un motivo extradeportivo<\/strong>, en un duro rev\u00e9s para las opciones de la selecci\u00f3n de China. <\/p>\n<p class=\"ft-text\">Y es que <strong>su gran estrella, <\/strong><a class=\"ft-link ft-link--decoration\" href=\"https:\/\/www.fiba.basketball\/es\/players\/218464-yueru-li\" rel=\"nofollow noopener\" target=\"_blank\"><strong>Li Yueru<\/strong><\/a><strong>, no ha podido viajar a Alemania tras haber perdido el pasaporte<\/strong>, tal y como ella ha explicado en sus redes sociales. Un contratiempo may\u00fasculo para su selecci\u00f3n teniendo en cuenta que la jugadora de Dallas Wings, de 2,01m. y 27 a\u00f1os, promedi\u00f3 en los pasados JJOO 17,7 puntos, 11 rebotes y 21,7 de valoraci\u00f3n.<\/p>\n<p><img decoding=\"async\" src=\"https:\/\/www.europesays.com\/es\/wp-content\/uploads\/2026\/09\/8a5c7610-8a14-4415-b38a-5534b870b9e4_alta-libre-aspect-ratio_default_0_x364y161.jpg\" width=\"1200\" height=\"797\" alt=\"China se queda sin su gran estrella para el Mundial.\" class=\"ft-helper-img-rd\" loading=\"lazy\" fetchpriority=\"auto\"\/><\/p>\n<p class=\"ft-helper-fontColor-quaternary ft-helper-fontSize-body-S ft-helper-spacer-t-xxs\">China se queda sin su gran estrella para el Mundial.  \/ FIBA<\/p>\n<p class=\"ft-text\"><a class=\"ft-link ft-link--decoration\" href=\"https:\/\/www.superdeporte.es\/valencia-basket\/2026\/08\/30\/espana-tumba-china-zhang-ziyu-awa-fam-baloncesto-mundial-133788381.html\" rel=\"nofollow noopener\" target=\"_blank\">China, rival de Espa\u00f1a en el \u00faltimo amistoso de preparaci\u00f3n el pasado <\/a>s\u00e1bado, <strong>est\u00e1 encuadrada en el grupo D junto a Estados Unidos, la Rep\u00fablica Checa e Italia<\/strong>, debutar\u00e1 contra las primeras este viernes a las 14:15.<\/p>\n<p>El comunicado de Li Yueru<\/p>\n<p class=\"ft-text\">Con esta palabras explic\u00f3 la situaci\u00f3n en sus redes sociales la propia jugadora. \u00abGracias a todos los que se han acordado de m\u00ed y se han interesado por c\u00f3mo estoy. En los \u00faltimos a\u00f1os, he mantenido una excelente relaci\u00f3n con la Asociaci\u00f3n China de Baloncesto y con la selecci\u00f3n nacional. Siempre han sido un gran apoyo a lo largo de mi carrera en el extranjero. La selecci\u00f3n siempre me ha hecho sentir valorada y apreciada, y ha sido un inmenso honor representar a China. <strong>Estaba incre\u00edblemente ilusionada y entusiasmada ante la idea de volver a unirme a la selecci\u00f3n nacional. Por desgracia, mi pasaporte se extravi\u00f3<\/strong> en el correo y a\u00fan no ha aparecido. Durante todo este tiempo, hemos trabajado juntos y explorado todas las soluciones posibles, pero quiz\u00e1 esta vez nos haya faltado un poco de suerte. A d\u00eda de hoy, el pasaporte sigue sin aparecer\u00bb.<\/p>\n<p><img decoding=\"async\" src=\"https:\/\/www.europesays.com\/es\/wp-content\/uploads\/2026\/09\/e324a81f-bc32-42af-b877-ca80680ea97a_alta-libre-aspect-ratio_default_0_x364y162.jpg\" width=\"1200\" height=\"801\" alt=\"Li Yueru, sin poder viajar a Alemania para el Mundial.\" class=\"ft-helper-img-rd\" loading=\"lazy\" fetchpriority=\"auto\"\/><\/p>\n<p class=\"ft-helper-fontColor-quaternary ft-helper-fontSize-body-S ft-helper-spacer-t-xxs\">Li Yueru, sin poder viajar a Alemania para el Mundial.  \/ FIBA<\/p>\n<p class=\"ft-text\">A ello a\u00f1adi\u00f3 que \u00aba veces, la decepci\u00f3n forma parte de la vida. <strong>Me entristece no poder estar presente en esta ocasi\u00f3n<\/strong>, pero estoy incre\u00edblemente agradecida a todos los que me han apoyado y a quienes siguen apoyando el baloncesto femenino chino. Gracias por todo vuestro amor y apoyo. \u00a1Nos vemos pronto en la escena mundial!\u00bb<\/p>\n","protected":false},"excerpt":{"rendered":"El Mundial de baloncesto femenino arranca este viernes en Berl\u00edn y lo hace con una constelaci\u00f3n de estrellas,&hellip;\n","protected":false},"author":2,"featured_media":746759,"comment_status":"","ping_status":"","sticky":false,"template":"","format":"standard","meta":{"footnotes":""},"categories":[269],"tags":[299,11503,298,1615,168,25,24,782,102471,1070,129306,55453,13327,3041,1922,23,167,132644],"class_list":["post-746758","post","type-post","status-publish","format-standard","has-post-thumbnail","category-baloncesto","tag-baloncesto","tag-baloncesto-femenino","tag-basketball","tag-china","tag-deportes","tag-es","tag-espana","tag-estrellas","tag-li","tag-mundial","tag-mundial-de-baloncesto","tag-pasaporte","tag-perder","tag-queda","tag-redes-sociales","tag-spain","tag-sports","tag-yueru"],"share_on_mastodon":{"url":"https:\/\/pubeurope.com\/@es\/117210845178152210","error":""},"_links":{"self":[{"href":"https:\/\/www.europesays.com\/es\/wp-json\/wp\/v2\/posts\/746758","targetHints":{"allow":["GET"]}}],"collection":[{"href":"https:\/\/www.europesays.com\/es\/wp-json\/wp\/v2\/posts"}],"about":[{"href":"https:\/\/www.europesays.com\/es\/wp-json\/wp\/v2\/types\/post"}],"author":[{"embeddable":true,"href":"https:\/\/www.europesays.com\/es\/wp-json\/wp\/v2\/users\/2"}],"replies":[{"embeddable":true,"href":"https:\/\/www.europesays.com\/es\/wp-json\/wp\/v2\/comments?post=746758"}],"version-history":[{"count":0,"href":"https:\/\/www.europesays.com\/es\/wp-json\/wp\/v2\/posts\/746758\/revisions"}],"wp:featuredmedia":[{"embeddable":true,"href":"https:\/\/www.europesays.com\/es\/wp-json\/wp\/v2\/media\/746759"}],"wp:attachment":[{"href":"https:\/\/www.europesays.com\/es\/wp-json\/wp\/v2\/media?parent=746758"}],"wp:term":[{"taxonomy":"category","embeddable":true,"href":"https:\/\/www.europesays.com\/es\/wp-json\/wp\/v2\/categories?post=746758"},{"taxonomy":"post_tag","embeddable":true,"href":"https:\/\/www.europesays.com\/es\/wp-json\/wp\/v2\/tags?post=746758"}],"curies":[{"name":"wp","href":"https:\/\/api.w.org\/{rel}","templated":true}]}}