{"id":746780,"date":"2026-09-04T04:32:12","date_gmt":"2026-09-04T04:32:12","guid":{"rendered":"https:\/\/www.europesays.com\/es\/746780\/"},"modified":"2026-09-04T04:32:12","modified_gmt":"2026-09-04T04:32:12","slug":"el-gobierno-de-meloni-ya-es-el-mas-longevo-de-italia-pero-poco-mas-puede-celebrar-internacional","status":"publish","type":"post","link":"https:\/\/www.europesays.com\/es\/746780\/","title":{"rendered":"El Gobierno de Meloni ya es el m\u00e1s longevo de Italia, pero poco m\u00e1s puede celebrar | Internacional"},"content":{"rendered":"<p class=\"\">Seguir en su puesto es el mayor logro de Giorgia Meloni, en un pa\u00eds que durante d\u00e9cadas tuvo una media de cambio de Ejecutivo cada seis meses, y este viernes celebra un r\u00e9cord: el suyo ya es <a href=\"https:\/\/elpais.com\/internacional\/2022-09-26\/la-ultraderecha-gana-las-elecciones-por-primera-vez-en-italia.html\" target=\"_self\" rel=\"nofollow noopener\" title=\"https:\/\/elpais.com\/internacional\/2022-09-26\/la-ultraderecha-gana-las-elecciones-por-primera-vez-en-italia.html\">el Gobierno m\u00e1s longevo de la Italia moderna<\/a>, desde la posguerra. Un total de 1.413 d\u00edas (tres a\u00f1os y diez meses y medio), que ya superan al segundo Ejecutivo que guio Berlusconi entre 2001 y 2005, aunque en realidad sigui\u00f3 un a\u00f1o m\u00e1s con un cambio de Gabinete, pero t\u00e9cnicamente ya era otro Gobierno. El problema es que esta marca de la l\u00edder ultraderechista es un arma de doble filo, porque en todo este tiempo, y habiendo tenido m\u00e1s posibilidades que nadie hasta ahora de emprender grandes reformas,<a href=\"https:\/\/elpais.com\/ideas\/2025-10-26\/ni-fascista-ni-gran-estadista-meloni-desmitificada.html\" rel=\"nofollow noopener\" target=\"_blank\"> el balance de su gesti\u00f3n es m\u00e1s bien pobre<\/a>.<\/p>\n<p class=\"\">La mayor\u00eda de los analistas coinciden en que la principal virtud de Meloni ha sido la de mantener las cuentas en orden y tranquilizar a los mercados, pero apenas ha incidido en la sociedad. Ha bajado la prima de riesgo de 233 puntos en 2022 a los 80 de hoy y reducido el d\u00e9ficit del 8,1% que encontr\u00f3 al 3,1% actual, aunque sigue bajo procedimiento de infracci\u00f3n de la UE. Y aun as\u00ed tambi\u00e9n se le reprocha que la estabilidad oculta es fruto de un inmovilismo total. El crecimiento del PIB es raqu\u00edtico, el paro es del 5,6%, pero los salarios bajos, y el gasto de Italia es el \u00faltimo de la UE en educaci\u00f3n y de los menores en sanidad.<\/p>\n<p><img alt=\"\" decoding=\"auto\" class=\"_re lazyload a_m-h\" height=\"276\"  width=\"414\"  src=\"https:\/\/www.europesays.com\/es\/wp-content\/uploads\/2026\/09\/Q5OJK33R6FNJFHKIWHSDKKFLEA.jpg\" loading=\"lazy\" fetchpriority=\"low\"\/>Giorgia Meloni, en un mitin en Ancona de la campa\u00f1a electoral para las elecciones generales italianas de septiembre de 2022, que acab\u00f3 ganando.Domenico Stinellis (AP Photo)<\/p>\n<p class=\"\">\u201cLa estabilidad es un instrumento, no un objetivo, el objetivo de un pa\u00eds es crecer, y la verdad es que Meloni no ha tenido pol\u00edtica econ\u00f3mica, el d\u00e9ficit ha bajado sin que hiciera nada\u201d, opina Veronica De Romanis, economista de la universidad LUISS de Roma, muy cr\u00edtica con el Ejecutivo. \u201cEl pa\u00eds est\u00e1 parado, y en econom\u00eda eso significa ir hacia atr\u00e1s. No ha hecho nada para no tener que tocar los intereses de los grupos que le han votado. Su prioridad ha sido mantener el consenso\u201d, explica en conversaci\u00f3n con periodistas extranjeros.<\/p>\n<p class=\"\">Ese es en realidad el logro m\u00e1s asombroso de Meloni: en cuatro a\u00f1os su partido, Hermanos de Italia, no ha tenido desgaste, sigue en el 26%, un caso \u00fanico en la historia pol\u00edtica italiana, y son sus dos socios, la Liga de Matteo Salvini (tambi\u00e9n de ultraderecha) y Forza Italia (derecha), los que lo est\u00e1n sufriendo.<\/p>\n<p class=\"\">Ha optado por el pragmatismo y lo cierto es que todos sus grandes proyectos para transformar el pa\u00eds han naufragado: ha abandonado por el camino el federalismo, rechazado por el Tribunal Constitucional en 2024, y un nuevo dise\u00f1o institucional de la figura del primer ministro para darle m\u00e1s poder; el centro de internamiento para inmigrantes en Albania <a href=\"https:\/\/elpais.com\/internacional\/2026-08-03\/el-centro-de-deportacion-de-migrantes-de-italia-en-albania-sigue-casi-vacio-por-segundo-ano-consecutivo.html\" rel=\"nofollow noopener\" target=\"_blank\">ha fracasado paralizado por la justicia italiana y europea<\/a>; su reforma de la justicia fue <a href=\"https:\/\/elpais.com\/internacional\/2026-03-23\/meloni-sufre-su-primera-derrota-en-las-urnas-en-tres-anos-en-un-referendum-para-reformar-la-magistratura.html\" rel=\"nofollow noopener\" target=\"_blank\">rechazada en marzo en un refer\u00e9ndum<\/a> y marc\u00f3 el inicio de su desconexi\u00f3n con parte del electorado. Tambi\u00e9n iba a reformar las pensiones y no las ha tocado, e iba a bajar los impuestos y la presi\u00f3n fiscal ya es del 43,1%, la m\u00e1s alta en una d\u00e9cada. En el exterior, su mayor apuesta, la pol\u00edtica laudatoria con los desmanes de Donald Trump result\u00f3 ser un bumer\u00e1n cuando <a href=\"https:\/\/elpais.com\/internacional\/2026-06-28\/meloni-y-trump-pasan-del-idilio-a-la-pesadilla.html\" rel=\"nofollow noopener\" target=\"_blank\">el magnate acab\u00f3 por desde\u00f1arla a ella tambi\u00e9n antes del verano<\/a>.<\/p>\n<p><img alt=\"\" decoding=\"auto\" class=\"_re lazyload a_m-h\" height=\"277\"  width=\"414\"  src=\"https:\/\/www.europesays.com\/es\/wp-content\/uploads\/2026\/09\/MSXYFBUYTJCR3F6ELKGNKWZ2GI.jpg\" loading=\"lazy\" fetchpriority=\"low\"\/>El presidente de EE UU, Donald Trump, habla con el canciller alem\u00e1n, Friedrich Merz, bajo la mirada atenta de Giorgia Meloni.<br \/>\nEvelyn Hockstein (Getty Images)Acto festivo en Bari para celebrar la duraci\u00f3n del Ejecutivo<\/p>\n<p class=\"\">La estabilidad es, precisamente, uno de los pocos logros de los que puede presumir, aunque en buena parte no es m\u00e9rito suyo, sino del sistema electoral que lo hizo posible. Con un premio de esca\u00f1os para la coalici\u00f3n m\u00e1s votada, y gracias a que la izquierda en 2022 acudi\u00f3 dividida (<a href=\"https:\/\/elpais.com\/internacional\/2026-06-26\/meloni-quiere-cambiar-el-sistema-electoral-ante-el-temor-de-perder-o-empatar-los-proximos-comicios-de-2027.html\" rel=\"nofollow noopener\" target=\"_blank\">y por eso ahora el Gobierno pretende cambiar el sistema de voto<\/a>). En todo caso, Meloni ha decidido festejar su r\u00e9cord por todo lo alto con un acto multitudinario en el puerto de Bari, en el sur del pa\u00eds. En pocos pa\u00edses del mundo se celebrar\u00eda simplemente durar en el poder, pero en Italia s\u00ed: el lema del evento es \u201cEl Gobierno m\u00e1s estable, la Italia m\u00e1s fuerte\u201d.<\/p>\n<p class=\"\">El mensaje a sus votantes es que necesitar\u00e1 otros cinco a\u00f1os. Ya est\u00e1 abierta la carrera electoral a las elecciones generales de abril o mayo, si se adelantan, que es lo m\u00e1s probable, o de octubre si se agota la legislatura. El acto servir\u00e1 a la coalici\u00f3n para darse una noche de autoestima y homenaje en tiempos inciertos. Seg\u00fan los sondeos, no est\u00e1 nada claro que puedan volver a ganar las elecciones, algo que tambi\u00e9n ser\u00eda un r\u00e9cord, pues nadie ha repetido legislatura desde hace d\u00e9cadas. Los Gobiernos siempre decepcionan y se prueba otro.<\/p>\n<p class=\"\">La principal pesadilla de Meloni <a href=\"https:\/\/elpais.com\/internacional\/2026-06-22\/un-polemico-general-retirado-aspira-a-adelantar-a-meloni-por-la-derecha-en-italia.html\" target=\"_self\" rel=\"nofollow noopener\" title=\"https:\/\/elpais.com\/internacional\/2026-06-22\/un-polemico-general-retirado-aspira-a-adelantar-a-meloni-por-la-derecha-en-italia.html\">se llama Roberto Vannacci<\/a> y su nuevo partido Futuro Nacional, que se proclama como la aut\u00e9ntica extrema derecha y compite cada d\u00eda por decir cosas m\u00e1s radicales que el Gobierno, a quien tacha de blando y acusa de haber defraudado las expectativas. Crece cada mes en los sondeos, que ya lo sit\u00faan hasta en un 12% de votos, por encima incluso de Forza Italia y la Liga, <a href=\"https:\/\/elpais.com\/internacional\/2026-08-18\/las-horas-mas-bajas-de-salvini-acorralado-en-su-partido-y-presionado-por-el-auge-del-ultra-vannacci.html\" target=\"_self\" rel=\"nofollow noopener\" title=\"https:\/\/elpais.com\/internacional\/2026-08-18\/las-horas-mas-bajas-de-salvini-acorralado-en-su-partido-y-presionado-por-el-auge-del-ultra-vannacci.html\">partido en plena crisis de liderazgo<\/a> y con una guerra interna declarada. <\/p>\n<p><img alt=\"\" decoding=\"auto\" class=\"_re lazyload a_m-h\" height=\"276\"  width=\"414\"  src=\"https:\/\/www.europesays.com\/es\/wp-content\/uploads\/2026\/09\/KTASKI2P2JATNJWAF6LCLCLORE.jpg\" loading=\"lazy\" fetchpriority=\"low\"\/>El exgeneral italianio y l\u00edder del partido pol\u00edtico Futuro Nazionale, Roberto Vannacci, canta el himno italiano en un mitin de su partido en G\u00e9nova, Italia, el 11 de julio de 2026.<br \/>\nEmanuela Zampa (Getty Images)<\/p>\n<p class=\"\">Curiosamente, al Ejecutivo m\u00e1s a la derecha de la historia italiana el mayor problema le ha surgido a su derecha. Al igual que ha hecho equilibrios entre su apoyo a Trump y la UE, Meloni tambi\u00e9n ha tenido un pie en el pragmatismo institucional y otro en su electorado m\u00e1s radical. La impronta ideol\u00f3gica de este Gobierno se ha hecho notar en las medidas restrictivas de derechos en decretos de seguridad y contra la inmigraci\u00f3n, y en el <a href=\"https:\/\/elpais.com\/internacional\/2025-06-30\/italia-redobla-su-ofensiva-contra-las-ong-de-rescate-de-migrantes-juicios-espionaje-y-una-vuelta-al-mundo-en-viajes-absurdos.html\" rel=\"nofollow noopener\" target=\"_blank\">acoso a las ONG que rescatan personas en el Mediterr\u00e1neo<\/a>. Tambi\u00e9n en <a href=\"https:\/\/elpais.com\/internacional\/2023-05-27\/meloni-radicaliza-la-television-publica-italiana-para-imponer-su-relato-politico.html\" target=\"_self\" rel=\"nofollow noopener\" title=\"https:\/\/elpais.com\/internacional\/2023-05-27\/meloni-radicaliza-la-television-publica-italiana-para-imponer-su-relato-politico.html\">la ocupaci\u00f3n de la televisi\u00f3n<\/a> p\u00fablica en un grado mayor de lo ya habitual y la p\u00e9sima relaci\u00f3n con la prensa.<\/p>\n<p class=\"\">Pero la paradoja es que algunos de los aciertos de Meloni se basan en haber hecho lo contrario de lo que se esperaba, viniendo de una derecha antieuropea y filorrusa: <a href=\"https:\/\/elpais.com\/internacional\/2026-08-28\/meloni-hace-hace-equilibrios-para-seguir-armando-a-ucrania-sin-irritar-a-la-derecha.html\" rel=\"nofollow noopener\" target=\"_blank\">el entendimiento con la UE y el apoyo a Ucrania<\/a>. Pensaba tener cubierto el flanco m\u00e1s a la derecha con Salvini, pero el l\u00edder de la Liga est\u00e1 en declive y Vannacci ha resultado ser una versi\u00f3n m\u00e1s b\u00e1rbara y exitosa de ese perfil antisistema. Para Meloni el dilema es combatir al exgeneral o unirlo a su coalici\u00f3n, porque sin \u00e9l empiezan a no salir las cuentas en la derecha para obtener una mayor\u00eda.<\/p>\n<p class=\"\">En cuanto a la oposici\u00f3n, el hecho de que en el Gobierno no se pelearan entre ellos ha tenido otro efecto: la oposici\u00f3n se ha visto obligada a hacer lo mismo. El Partido Democr\u00e1tico (PD), el Movimiento Cinco Estrellas (M5S) de Giuseppe Conte y la Alianza de Verdes e Izquierda (AVS), junto a otras formaciones de centro, han aparcado sus diferencias para mostrar unidad. Es m\u00e1s, tambi\u00e9n en el PD ha habido r\u00e9cord: el pasado 26 de agosto <a href=\"https:\/\/elpais.com\/internacional\/2026-04-26\/elly-schlein-la-derecha-avivaba-el-miedo-pero-ahora-son-ellos-quienes-dan-miedo.html\" rel=\"nofollow noopener\" target=\"_blank\">la secretaria general, Elly Schlein<\/a>, se convirti\u00f3 en la que m\u00e1s ha durado en el puesto. Este cargo tiene fama de ser imposible, sujeto a las continuas conspiraciones de las m\u00faltiples corrientes del partido. Desde que se fund\u00f3 en 2007 ha tenido diez personas al frente.<\/p>\n<p class=\"\">Sin embargo, s\u00ed que hay una gran pelea abierta: la de qui\u00e9n ser\u00e1 el candidato de la coalici\u00f3n, pues <a href=\"https:\/\/elpais.com\/internacional\/2025-04-21\/giuseppe-conte-lider-del-m5s-el-plan-de-rearme-de-la-ue-contribuira-a-la-desintegracion-de-europa.html\" rel=\"nofollow noopener\" target=\"_blank\">Conte tambi\u00e9n aspira a serlo<\/a>. Es algo que a\u00fan deben resolver, y tambi\u00e9n depender\u00e1 de c\u00f3mo sea al final el nuevo sistema electoral, pues tal como est\u00e1 ahora obliga a designar el candidato de la coalici\u00f3n antes de ir a las urnas, lo que obligar\u00eda a la izquierda a organizar unas complejas primarias de coalici\u00f3n.<\/p>\n<p><img alt=\"\" decoding=\"auto\" class=\"_re lazyload a_m-v\" height=\"621\"  width=\"414\"  src=\"https:\/\/www.europesays.com\/es\/wp-content\/uploads\/2026\/09\/C2R7NDQVTVADNIIMMFCHZ47PXU.jpg\" loading=\"lazy\" fetchpriority=\"low\"\/>El l\u00edder del Movimiento Cinco Estrellas, Giuseppe Conte, habla en el programa de televisi\u00f3n Porta a Porta en Roma, Italia, el 5 de noviembre de 2025.<br \/>\nMassimo Di Vita (Mondadori Portfolio\/Getty Images)<\/p>\n<p class=\"\">Lo del r\u00e9cord de Meloni, en realidad, debe ponerse en contexto. Los cambios de Gobierno eran frecuentes durante una misma legislatura en la llamada Primera Rep\u00fablica, a<a href=\"https:\/\/elpais.com\/diario\/1993\/07\/01\/internacional\/741477620_850215.html\" rel=\"nofollow noopener\" target=\"_blank\">ntes de que cambiara el sistema electoral en 1994<\/a> para superar precisamente el mal end\u00e9mico de la pol\u00edtica del pa\u00eds. Con sistemas proporcionales puros, siempre sal\u00eda un Parlamento fragmentado, que obligaba a formar coaliciones variopintas, de cuatro o cinco partidos (que a su vez ten\u00edan varias corrientes internas), propensas al chantaje, al reparto milim\u00e9trico de poltronas y, por tanto, a merced de roces y crisis peri\u00f3dicas. Eso llevaba a constantes cambios de alianzas y nuevos equipos de Ejecutivo, aunque el primer ministro casi siempre fuera el mismo, y por eso si se repasa la lista hist\u00f3rica se habla del Gobierno Andreotti VII (su primer gabinete dur\u00f3 8 d\u00edas en 1972) o el De Gasperi VIII, esa es la jerga tradicional. Esto empez\u00f3 a cambiar en este siglo, aunque todav\u00eda <a href=\"https:\/\/elpais.com\/diario\/2006\/05\/18\/internacional\/1147903202_850215.html\" rel=\"nofollow noopener\" target=\"_blank\">el Gobierno de Prodi de 2006<\/a> era de 11 partidos m\u00e1s un ministro independiente, y por eso los Ejecutivos m\u00e1s largos han llegado en las \u00faltimas d\u00e9cadas. Hasta culminar en el actual.<\/p>\n","protected":false},"excerpt":{"rendered":"Seguir en su puesto es el mayor logro de Giorgia Meloni, en un pa\u00eds que durante d\u00e9cadas tuvo&hellip;\n","protected":false},"author":2,"featured_media":746781,"comment_status":"","ping_status":"","sticky":false,"template":"","format":"standard","meta":{"footnotes":""},"categories":[42],"tags":[17,18,352,13,14,109251,14655,11,61,62,63,64,628,109250,19,20,85159,9,10,15,16,12,7081,21,22,4247,1617,65,66,67],"class_list":["post-746780","post","type-post","status-publish","format-standard","has-post-thumbnail","category-internacional","tag-breaking-news","tag-breakingnews","tag-donald-trump","tag-featured-news","tag-featurednews","tag-forza-italia","tag-giorgia-meloni","tag-headlines","tag-internacional","tag-international","tag-international-news","tag-internationalnews","tag-italia","tag-la-liga-partido-politico","tag-latest-news","tag-latestnews","tag-matteo-salvini","tag-news","tag-noticias","tag-noticias-destacadas","tag-noticiasdestacadas","tag-titulares","tag-ucrania","tag-ultimas-noticias","tag-ultimasnoticias","tag-ultraderecha","tag-union-europea","tag-world","tag-world-news","tag-worldnews"],"share_on_mastodon":{"url":"","error":"Validation failed: Text character limit of 500 exceeded"},"_links":{"self":[{"href":"https:\/\/www.europesays.com\/es\/wp-json\/wp\/v2\/posts\/746780","targetHints":{"allow":["GET"]}}],"collection":[{"href":"https:\/\/www.europesays.com\/es\/wp-json\/wp\/v2\/posts"}],"about":[{"href":"https:\/\/www.europesays.com\/es\/wp-json\/wp\/v2\/types\/post"}],"author":[{"embeddable":true,"href":"https:\/\/www.europesays.com\/es\/wp-json\/wp\/v2\/users\/2"}],"replies":[{"embeddable":true,"href":"https:\/\/www.europesays.com\/es\/wp-json\/wp\/v2\/comments?post=746780"}],"version-history":[{"count":0,"href":"https:\/\/www.europesays.com\/es\/wp-json\/wp\/v2\/posts\/746780\/revisions"}],"wp:featuredmedia":[{"embeddable":true,"href":"https:\/\/www.europesays.com\/es\/wp-json\/wp\/v2\/media\/746781"}],"wp:attachment":[{"href":"https:\/\/www.europesays.com\/es\/wp-json\/wp\/v2\/media?parent=746780"}],"wp:term":[{"taxonomy":"category","embeddable":true,"href":"https:\/\/www.europesays.com\/es\/wp-json\/wp\/v2\/categories?post=746780"},{"taxonomy":"post_tag","embeddable":true,"href":"https:\/\/www.europesays.com\/es\/wp-json\/wp\/v2\/tags?post=746780"}],"curies":[{"name":"wp","href":"https:\/\/api.w.org\/{rel}","templated":true}]}}