{"id":746782,"date":"2026-09-04T04:33:18","date_gmt":"2026-09-04T04:33:18","guid":{"rendered":"https:\/\/www.europesays.com\/es\/746782\/"},"modified":"2026-09-04T04:33:18","modified_gmt":"2026-09-04T04:33:18","slug":"detienen-a-una-pareja-por-la-muerte-de-su-bebe-de-18-meses-la-madre-confeso-al-abuelo-que-lo-enterro-en-una-caja","status":"publish","type":"post","link":"https:\/\/www.europesays.com\/es\/746782\/","title":{"rendered":"Detienen a una pareja por la muerte de su beb\u00e9 de 18 meses: la madre confes\u00f3 al abuelo que lo enterr\u00f3 en una caja"},"content":{"rendered":"<p class=\"L6-news-detail__text\"><b><a title=\"La Polic\u00eda Nacional\" href=\"https:\/\/www.lasexta.com\/temas\/policia_nacional-1\" target=\"_blank\" rel=\"nofollow noopener\">La Polic\u00eda Nacional<\/a><\/b> ha detenido <b><a title=\"en Valencia\" href=\"https:\/\/www.lasexta.com\/temas\/valencia-1\" target=\"_blank\" rel=\"nofollow noopener\">en Valencia<\/a><\/b> a una pareja por la muerte de su beb\u00e9 de 18 meses. Todo, despu\u00e9s de que la madre le confesara a su suegro que se hab\u00edan encontrado al ni\u00f1o muerto por la ma\u00f1ana y que hab\u00edan enterrado el cuerpo <b>en una caja de cart\u00f3n.<\/b><\/p>\n<p class=\"L6-news-detail__text\">La pareja viv\u00eda en Tarragona, en un lugar en Santa B\u00e1rbara al que los vecinos ya han bautizado como<b> la &#8216;casa de los horrores&#8217;. <\/b>All\u00ed, entre humedades y basura, resid\u00edan con sus<b> tres hijas de seis, de cuatro y de tres a\u00f1os.<\/b><\/p>\n<p class=\"L6-news-detail__text\">Los Mossos han registrado el interior de la<b> vivienda al mil\u00edmetro<\/b>. All\u00ed encontraron 28 perros vivos, pero tambi\u00e9n hallaron a otros animales muertos.<\/p>\n<p class=\"L6-news-detail__text\">\u00abHac\u00eda d\u00edas que hab\u00eda mucho olor por <b>las calles y los vecinos se quejaban\u00bb<\/b>, cuenta un vecino.<\/p>\n<p class=\"L6-news-detail__text\">Por su parte, Josep Llu\u00eds Gimeno i Vegue, alcalde de Santa B\u00e1rbara, ha hablado del caso: \u00abLo que comenz\u00f3 siendo un rescate de animales ha derivado en <b>una investigaci\u00f3n por la desaparici\u00f3n de un beb\u00e9\u00bb.<\/b><\/p>\n<p class=\"L6-news-detail__text\">El matrimonio, de 35 y de 29 a\u00f1os, est\u00e1 acusado de homicidio y a la espera de pasar a disposici\u00f3n judicial. Las menores, por su parte, <b>est\u00e1n con su abuelo paterno en Castell\u00f3n.<\/b><\/p>\n<p class=\"L6-news-detail__text\"><b><a title=\"*A\u00f1ade laSexta como tu medio de referencia en Google y no te pierdas toda la actualidad y el mejor contenido\" href=\"https:\/\/www.google.com\/preferences\/source?q=lasexta.com\" target=\"_blank\" rel=\"nofollow noopener\">*A\u00f1ade laSexta como tu medio de referencia en Google y no te pierdas toda la actualidad y el mejor contenido<\/a><\/b><\/p>\n<p class=\"L6-support-news-video__title\">Permanece en el hospital<\/p>\n<p> <a href=\"https:\/\/www.lasexta.com\/noticias\/sociedad\/hombre-77-anos-pasa-cuatro-dias-encerrado-bano-garaje-edificio-barakaldo_202609036a997d374941316b1e766f1f.html\" class=\"L6-news__link\" rel=\"nofollow noopener\" target=\"_blank\">Un hombre de 77 a\u00f1os pasa cuatro d\u00edas encerrado en un ba\u00f1o del garaje de su edificio en Barakaldo<\/p>\n<p class=\"recirculation-video-desc\">Los detalles El hombre, que tiene alzheimer, se qued\u00f3 encerrado al acceder al ba\u00f1o de un garaje comunitario de su casa al que se pod\u00eda entrar, pero del que no ten\u00eda llave para poder salir.<\/p>\n<p> <\/a><\/p>\n","protected":false},"excerpt":{"rendered":"La Polic\u00eda Nacional ha detenido en Valencia a una pareja por la muerte de su beb\u00e9 de 18&hellip;\n","protected":false},"author":2,"featured_media":746783,"comment_status":"","ping_status":"","sticky":false,"template":"","format":"standard","meta":{"footnotes":""},"categories":[8],"tags":[17,18,3965,2125,25,24,13,14,11,19,20,9,10,15,110362,16,23,1665,12,21,22],"class_list":["post-746782","post","type-post","status-publish","format-standard","has-post-thumbnail","category-espana","tag-breaking-news","tag-breakingnews","tag-castellon","tag-directo","tag-es","tag-espana","tag-featured-news","tag-featurednews","tag-headlines","tag-latest-news","tag-latestnews","tag-news","tag-noticias","tag-noticias-destacadas","tag-noticias-ultima-hora","tag-noticiasdestacadas","tag-spain","tag-tarragona","tag-titulares","tag-ultimas-noticias","tag-ultimasnoticias"],"share_on_mastodon":{"url":"https:\/\/pubeurope.com\/@es\/117210907453229408","error":""},"_links":{"self":[{"href":"https:\/\/www.europesays.com\/es\/wp-json\/wp\/v2\/posts\/746782","targetHints":{"allow":["GET"]}}],"collection":[{"href":"https:\/\/www.europesays.com\/es\/wp-json\/wp\/v2\/posts"}],"about":[{"href":"https:\/\/www.europesays.com\/es\/wp-json\/wp\/v2\/types\/post"}],"author":[{"embeddable":true,"href":"https:\/\/www.europesays.com\/es\/wp-json\/wp\/v2\/users\/2"}],"replies":[{"embeddable":true,"href":"https:\/\/www.europesays.com\/es\/wp-json\/wp\/v2\/comments?post=746782"}],"version-history":[{"count":0,"href":"https:\/\/www.europesays.com\/es\/wp-json\/wp\/v2\/posts\/746782\/revisions"}],"wp:featuredmedia":[{"embeddable":true,"href":"https:\/\/www.europesays.com\/es\/wp-json\/wp\/v2\/media\/746783"}],"wp:attachment":[{"href":"https:\/\/www.europesays.com\/es\/wp-json\/wp\/v2\/media?parent=746782"}],"wp:term":[{"taxonomy":"category","embeddable":true,"href":"https:\/\/www.europesays.com\/es\/wp-json\/wp\/v2\/categories?post=746782"},{"taxonomy":"post_tag","embeddable":true,"href":"https:\/\/www.europesays.com\/es\/wp-json\/wp\/v2\/tags?post=746782"}],"curies":[{"name":"wp","href":"https:\/\/api.w.org\/{rel}","templated":true}]}}