{"id":746784,"date":"2026-09-04T04:34:27","date_gmt":"2026-09-04T04:34:27","guid":{"rendered":"https:\/\/www.europesays.com\/es\/746784\/"},"modified":"2026-09-04T04:34:27","modified_gmt":"2026-09-04T04:34:27","slug":"el-pp-desenmascara-a-sanchez-tras-su-comparecencia-por-la-crisis-de-ceuta-ha-mentido-sobre-sus-propias-mentiras","status":"publish","type":"post","link":"https:\/\/www.europesays.com\/es\/746784\/","title":{"rendered":"El PP desenmascara a S\u00e1nchez tras su comparecencia por la crisis de Ceuta: \u00abHa mentido sobre sus propias mentiras\u00bb"},"content":{"rendered":"<p><a title=\"La comparecencia de Pedro S\u00e1nchez en el Congreso\" href=\"https:\/\/www.larazon.es\/espana\/pedro-sanchez-comparece-congreso-directo-ultima-hora-sus-explicaciones-crisis-ceuta_202609036a98f6a94941316b1e759d7d.html\" target=\"_blank\" rel=\"nofollow noopener\">La comparecencia de Pedro S\u00e1nchez en el Congreso<\/a> para dar explicaciones sobre la crisis de Ceuta no ha cerrado la pol\u00e9mica. Al contrario, la ha avivado. En plena sesi\u00f3n en la C\u00e1mara Baja, Miguel Tellado, secretario general del PP, ha salido al paso en X (antiguo Twitter) para cuestionar su relato y poner el foco en las contradicciones que deja el Gobierno.<\/p>\n<p>A trav\u00e9s de un hilo publicado en la red social mencionada, el popular ha acusado a S\u00e1nchez de haber cambiado su versi\u00f3n y resume su valoraci\u00f3n con una frase especialmente contundente: <b>\u00abHa mentido sobre sus mentiras previas porque han sido tantas que es imposible sostener la farsa\u00bb.<\/b><\/p>\n<p>Tellado ha puesto el foco, en primer lugar, en la forma de definir lo ocurrido. Seg\u00fan el popular, S\u00e1nchez ha hablado ahora de <b>\u00abcrisis migratoria\u00bb, y no de \u00abataque a la integridad territorial\u00bb<\/b>, como hizo al d\u00eda siguiente del asalto a la ciudad.<\/p>\n<p>Contradicciones sobre el informe que implica a Marruecos<\/p>\n<p>Otra de las claves para la formaci\u00f3n est\u00e1 en los <a title=\"informes policiales\" href=\"https:\/\/www.larazon.es\/espana\/informe-policia-aviso-dos-dias-antes-avalancha-mensajes-atacar-ceuta_202609036a9947b22d7d3022177cf5b0.html\" target=\"_blank\" rel=\"nofollow noopener\">informes policiales<\/a> de los d\u00edas 28 y 29 de julio, \u00abque alertaron sobre la invasi\u00f3n y que el Gobierno ha ocultado hasta que han sido publicados\u00bb. <b>\u00abSi no eran importantes, \u00bfpor qu\u00e9 los ocultaron?\u00bb<\/b>, ha cuestionado.<\/p>\n<p>La pol\u00e9mica aumenta, seg\u00fan su versi\u00f3n, por las explicaciones dadas desde Interior. Tellado recuerda que durante semanas se habr\u00eda negado la existencia de determinados informes y ahora S\u00e1nchez reconoce que s\u00ed exist\u00edan, \u00abpero que no fueron demasiado concluyentes\u00bb.<\/p>\n<p>El popular contrapone esta explicaci\u00f3n con la <a title=\"carta enviada por Fernando Grande-Marlaska al director general de la Polic\u00eda\" href=\"https:\/\/www.larazon.es\/espana\/marlaska-congela-agenda-frente-informe-policia-que-apunta-marruecos-invasion-ceuta_202609026a97cbd74941316b1e7462df.html\" target=\"_blank\" rel=\"nofollow noopener\">carta enviada por Fernando Grande-Marlaska al director general de la Polic\u00eda<\/a> despu\u00e9s de conocerse el contenido de los documentos. En ella, recuerda Tellado, el ministro pidi\u00f3 conocer \u00abdesde cu\u00e1ndo dispon\u00eda la Polic\u00eda Nacional de esa informaci\u00f3n absolutamente esencial\u00bb.<\/p>\n<p><b>\u00abEntonces, \u00bfen qu\u00e9 quedamos? \u00bfEra &#8216;informaci\u00f3n esencial&#8217; que en el Gobierno desconoc\u00edan, como dijo Marlaska, o no lo era y s\u00ed lo conoc\u00edan, como dice S\u00e1nchez?\u00bb<\/b>, ha cuestionado.<\/p>\n<p>\u00abUna monta\u00f1a de mentiras\u00bb<\/p>\n<p>El secretario general del PP ha a\u00f1adido adem\u00e1s otra discrepancia: la relativa a la forma en la que se produjo la entrada masiva en Ceuta. S\u00e1nchez ha asegurado que la mayor\u00eda accedieron a la ciudad a nado, mientras que Tellado ha recordado que Marlaska ofreci\u00f3 una versi\u00f3n diferente la semana pasada: \u00abEntraron muchos m\u00e1s por el espig\u00f3n que no por el agua\u00bb, dijo.<\/p>\n<p>Con todo, el PP considera que la comparecencia de S\u00e1nchez deja m\u00e1s preguntas que respuestas. Tellado ha acusado al presidente de no asumir responsabilidades y de no presentar un plan que garantice que una situaci\u00f3n similar no vuelva a repetirse.<\/p>\n<p>Su conclusi\u00f3n ha sido tajante: <b>\u00abUna monta\u00f1a de mentiras, ninguna autocr\u00edtica ante el mayor ataque a la integridad territorial de Espa\u00f1a en d\u00e9cadas, ning\u00fan plan para que esto no se repita y la misma sumisi\u00f3n a Marruecos\u00bb.<\/b><\/p>\n<p>El dirigente popular ha cerrado su mensaje apuntando directamente a La Moncloa: <b>\u00abS\u00e1nchez a\u00fan no se ha dado cuenta de que el problema es \u00e9l y todo su Gobierno. O s\u00ed&#8230;\u00bb<\/b>. Y ha terminado reclamando su salida del Ejecutivo y la convocatoria de elecciones: <b>\u00abS\u00e1nchez dimisi\u00f3n. Elecciones ya\u00bb.<\/b><\/p>\n","protected":false},"excerpt":{"rendered":"La comparecencia de Pedro S\u00e1nchez en el Congreso para dar explicaciones sobre la crisis de Ceuta no ha&hellip;\n","protected":false},"author":2,"featured_media":746785,"comment_status":"","ping_status":"","sticky":false,"template":"","format":"standard","meta":{"footnotes":""},"categories":[5],"tags":[17,18,4486,11866,25,24,13,14,11,19,20,9,10,15,16,6066,2959,1526,23,12,21,22],"class_list":["post-746784","post","type-post","status-publish","format-standard","has-post-thumbnail","category-titulares","tag-breaking-news","tag-breakingnews","tag-ceuta","tag-congreso","tag-es","tag-espana","tag-featured-news","tag-featurednews","tag-headlines","tag-latest-news","tag-latestnews","tag-news","tag-noticias","tag-noticias-destacadas","tag-noticiasdestacadas","tag-partido-popular-pp","tag-pedro-sanchez","tag-polemica","tag-spain","tag-titulares","tag-ultimas-noticias","tag-ultimasnoticias"],"share_on_mastodon":{"url":"https:\/\/pubeurope.com\/@es\/117210910996303418","error":""},"_links":{"self":[{"href":"https:\/\/www.europesays.com\/es\/wp-json\/wp\/v2\/posts\/746784","targetHints":{"allow":["GET"]}}],"collection":[{"href":"https:\/\/www.europesays.com\/es\/wp-json\/wp\/v2\/posts"}],"about":[{"href":"https:\/\/www.europesays.com\/es\/wp-json\/wp\/v2\/types\/post"}],"author":[{"embeddable":true,"href":"https:\/\/www.europesays.com\/es\/wp-json\/wp\/v2\/users\/2"}],"replies":[{"embeddable":true,"href":"https:\/\/www.europesays.com\/es\/wp-json\/wp\/v2\/comments?post=746784"}],"version-history":[{"count":0,"href":"https:\/\/www.europesays.com\/es\/wp-json\/wp\/v2\/posts\/746784\/revisions"}],"wp:featuredmedia":[{"embeddable":true,"href":"https:\/\/www.europesays.com\/es\/wp-json\/wp\/v2\/media\/746785"}],"wp:attachment":[{"href":"https:\/\/www.europesays.com\/es\/wp-json\/wp\/v2\/media?parent=746784"}],"wp:term":[{"taxonomy":"category","embeddable":true,"href":"https:\/\/www.europesays.com\/es\/wp-json\/wp\/v2\/categories?post=746784"},{"taxonomy":"post_tag","embeddable":true,"href":"https:\/\/www.europesays.com\/es\/wp-json\/wp\/v2\/tags?post=746784"}],"curies":[{"name":"wp","href":"https:\/\/api.w.org\/{rel}","templated":true}]}}