{"id":746802,"date":"2026-09-04T04:50:12","date_gmt":"2026-09-04T04:50:12","guid":{"rendered":"https:\/\/www.europesays.com\/es\/746802\/"},"modified":"2026-09-04T04:50:12","modified_gmt":"2026-09-04T04:50:12","slug":"de-mi-vecino-totoro-a-blue-velvet-todos-los-clasicos-que-regresan-a-los-cines-de-mexico-este-septiembre","status":"publish","type":"post","link":"https:\/\/www.europesays.com\/es\/746802\/","title":{"rendered":"De Mi vecino Totoro a Blue Velvet: todos los cl\u00e1sicos que regresan a los cines de M\u00e9xico este septiembre"},"content":{"rendered":"<p><img alt=\"Una mujer y un hombre caminan por el pasillo de un cine con palomitas de ma\u00edz y bebidas frente a carteles de pel\u00edculas.\" class=\"global-image\" decoding=\"async\" fetchpriority=\"high\" height=\"1536\" loading=\"eager\" src=\"https:\/\/www.europesays.com\/es\/wp-content\/uploads\/2026\/09\/XQ2YTOIAVJDNJDR7HCY3THSOSY.png\" width=\"2752\"\/>Las cadenas de cine y la Cineteca Nacional recuperan durante septiembre pel\u00edculas de distintas d\u00e9cadas en salas seleccionadas de M\u00e9xico. (Imagen Ilustrativa Infobae)<\/p>\n<p>03 Sep, 2026 10:13 p. m. EST<\/p>\n<p class=\"paragraph\" data-paragraph-number=\"1\">Los <a rel=\"noopener noreferrer nofollow\" href=\"https:\/\/www.infobae.com\/mexico\/2026\/09\/01\/oasis-aterriza-en-los-cines-de-mexico-donde-y-cuando-ver-el-documental-de-los-hermanos-gallagher\/\" target=\"_blank\" title=\"https:\/\/www.infobae.com\/mexico\/2026\/09\/01\/oasis-aterriza-en-los-cines-de-mexico-donde-y-cuando-ver-el-documental-de-los-hermanos-gallagher\/\"><b>cines<\/b><\/a> de <b>M\u00e9xico<\/b> recuperan durante septiembre pel\u00edculas de <b>David Lynch<\/b>, <b>Studio Ghibli<\/b>, <b>Pixar<\/b>, <b>Marvel<\/b> con funciones especiales en <a rel=\"noopener noreferrer nofollow\" href=\"https:\/\/www.infobae.com\/mexico\/2026\/09\/03\/akira-el-clasico-de-anime-que-marco-a-una-generacion-vuelve-al-cine-en-4k-cuando-y-donde-verla\/\" target=\"_blank\" title=\"https:\/\/www.infobae.com\/mexico\/2026\/09\/03\/akira-el-clasico-de-anime-que-marco-a-una-generacion-vuelve-al-cine-en-4k-cuando-y-donde-verla\/\"><b>Cin\u00e9polis<\/b><\/a>, <a rel=\"noopener noreferrer nofollow\" href=\"https:\/\/www.infobae.com\/mexico\/2026\/08\/31\/el-clasico-la-historia-sin-fin-llega-de-nuevo-a-los-cines-de-mexico-donde-y-cuando-verla\/\" target=\"_blank\" title=\"https:\/\/www.infobae.com\/mexico\/2026\/08\/31\/el-clasico-la-historia-sin-fin-llega-de-nuevo-a-los-cines-de-mexico-donde-y-cuando-verla\/\"><b>Cinemex<\/b><\/a><b> <\/b>y la <a rel=\"noopener noreferrer nofollow\" href=\"https:\/\/www.infobae.com\/mexico\/2026\/09\/01\/ponyo-llega-a-la-cineteca-nacional-fechas-sedes-y-precio-de-los-boletos\/\" target=\"_blank\" title=\"https:\/\/www.infobae.com\/mexico\/2026\/09\/01\/ponyo-llega-a-la-cineteca-nacional-fechas-sedes-y-precio-de-los-boletos\/\"><b>Cineteca Nacional<\/b><\/a>.<\/p>\n<p class=\"paragraph\" data-paragraph-number=\"2\">La cartelera re\u00fane producciones estrenadas entre 1984 y 2019 como R\u00e1pido y Furioso, Cars y Avengers: Endgame.<\/p>\n<p class=\"paragraph\" data-paragraph-number=\"3\">Los reestrenos comienzan este 3 de septiembre y se extienden durante todo el mes. Los horarios, complejos participantes y permanencia en cartelera dependen de cada cadena. <\/p>\n<p class=\"paragraph\" data-paragraph-number=\"4\">En varios casos, las proyecciones se concentran en salas seleccionadas, por lo que la disponibilidad puede variar seg\u00fan la ciudad.<\/p>\n<p class=\"paragraph\" data-paragraph-number=\"5\">El ciclo dedicado a <b>David Lynch<\/b> mantiene en cartelera <b>Blue Velvet<\/b> y <b>Lost Highway<\/b>, dos pel\u00edculas que forman parte de la revisi\u00f3n de la obra del director en salas mexicanas.<\/p>\n<p class=\"paragraph\" data-paragraph-number=\"6\">Blue Velvet se proyecta desde este <b>3 de septiembre<\/b> en Cin\u00e9polis. La cinta, estrenada en 1986, sigue a Jeffrey Beaumont, un joven que descubre una oreja humana y se introduce en una red de violencia que rompe con la aparente tranquilidad de su ciudad.<\/p>\n<p class=\"paragraph\" data-paragraph-number=\"7\">Kyle MacLachlan interpreta a Jeffrey Beaumont. Isabella Rossellini, Dennis Hopper y Laura Dern integran el elenco de esta historia sobre un misterio que altera la vida de su protagonista.<\/p>\n<p class=\"paragraph\" data-paragraph-number=\"8\"><b>Lost Highway<\/b> tambi\u00e9n llega a Cin\u00e9polis este <b>3 de septiembre<\/b>. El filme de 1997 presenta a Fred Madison, un m\u00fasico acusado del asesinato de su esposa. La trama cambia de identidad, tiempo y espacio conforme avanza.<\/p>\n<p class=\"paragraph\" data-paragraph-number=\"9\">Las funciones de ambas pel\u00edculas depender\u00e1n de la cartelera de cada complejo. El ciclo de Lynch concluye este <b>8 de septiembre<\/b>.<\/p>\n<p><img alt=\"Blue Velvet\" class=\"global-image\" decoding=\"async\" fetchpriority=\"low\" height=\"618\" loading=\"lazy\" src=\"https:\/\/www.europesays.com\/es\/wp-content\/uploads\/2026\/09\/TX646PFTM5CERPDJAQB3KTGX7Y.jpg\" width=\"980\"\/>El ciclo dedicado a David Lynch mantiene en cartelera Blue Velvet y Lost Highway, dos pel\u00edculas que forman parte de la revisi\u00f3n de la obra del director en salas mexicanas.<\/p>\n<p class=\"paragraph\" data-paragraph-number=\"10\">La historia sin fin vuelve a Cinemex desde este <b>3 de septiembre<\/b>. La pel\u00edcula dirigida por Wolfgang Petersen adapta la primera parte de la novela de Michael Ende y lleva a Bastian Bux al mundo de Fantas\u00eda.<\/p>\n<p class=\"paragraph\" data-paragraph-number=\"11\">La cinta se estren\u00f3 en 1984. Bastian encuentra un libro en una librer\u00eda y conoce la misi\u00f3n de Atreyu, quien debe salvar a la Emperatriz Infantil ante una amenaza que consume ese mundo.<\/p>\n<p class=\"paragraph\" data-paragraph-number=\"12\">Barret Oliver interpreta a Bastian, mientras Noah Hathaway da vida a Atreyu. F\u00fajur, el drag\u00f3n blanco conocido tambi\u00e9n como Falkor, acompa\u00f1a parte del recorrido de Atreyu.<\/p>\n<p class=\"paragraph\" data-paragraph-number=\"13\">Cinemex programa el reestreno en complejos seleccionados. La cadena no ha informado cu\u00e1ntos d\u00edas permanecer\u00e1 disponible.<\/p>\n<p class=\"paragraph\" data-paragraph-number=\"14\"><b>R\u00e1pido y Furioso<\/b> tambi\u00e9n regresa este 3 de septiembre a Cin\u00e9polis y Cinemex por su <b>25 aniversario<\/b>. La pel\u00edcula dirigida por Rob Cohen lleg\u00f3 por primera vez a las salas en 2001.<\/p>\n<p class=\"paragraph\" data-paragraph-number=\"15\">Paul Walker interpreta a Brian O\u2019Conner, un polic\u00eda encubierto que investiga robos a camiones de carga en Los \u00c1ngeles. La investigaci\u00f3n lo acerca a Dominic Toretto, personaje interpretado por Vin Diesel.<\/p>\n<p class=\"paragraph\" data-paragraph-number=\"16\">Michelle Rodriguez, Jordana Brewster y Rick Yune completan el elenco de la pel\u00edcula que dio inicio a una franquicia centrada en carreras callejeras, autos modificados y robos de mercanc\u00eda.<\/p>\n<p><img alt=\"R\u00e1pido y furioso (2001)\" class=\"global-image\" decoding=\"async\" fetchpriority=\"low\" height=\"1266\" loading=\"lazy\" src=\"https:\/\/www.europesays.com\/es\/wp-content\/uploads\/2026\/09\/KZZIRWRZBJES5JD46CKBV3Q6N4.jpg\" width=\"1920\"\/>R\u00e1pido y Furioso tambi\u00e9n regresa este 3 de septiembre a Cin\u00e9polis y Cinemex por su 25 aniversario. Cr\u00e9dito: (Prime Video)<\/p>\n<p class=\"paragraph\" data-paragraph-number=\"17\">Cinemex proyecta <b>Mi vecino Totoro<\/b> desde este <b>10 de septiembre<\/b>. La pel\u00edcula de <b>Hayao Miyazaki<\/b> sigue a Satsuki y Mei, dos hermanas que se mudan al campo con su padre y conocen a Totoro, un esp\u00edritu del bosque.<\/p>\n<p class=\"paragraph\" data-paragraph-number=\"18\">La obra se estren\u00f3 en 1988 y forma parte del cat\u00e1logo de Studio Ghibli. Cinemex todav\u00eda no informa qu\u00e9 sucursales tendr\u00e1n las funciones ni cu\u00e1nto tiempo permanecer\u00e1n disponibles.<\/p>\n<p class=\"paragraph\" data-paragraph-number=\"19\">Ese mismo 10 de septiembre, Cin\u00e9polis presenta <b>Akira <\/b>en formato <b>4K<\/b>. El largometraje de Katsuhiro \u00d4tomo vuelve con una remasterizaci\u00f3n que recupera la historia de Kaneda y Tetsuo en Neo-Tokio.<\/p>\n<p class=\"paragraph\" data-paragraph-number=\"20\">La cinta se estren\u00f3 originalmente en 1988. La trama comienza cuando Tetsuo entra en contacto con un ni\u00f1o ligado a un proyecto militar secreto y desarrolla poderes que no puede controlar.<\/p>\n<p class=\"paragraph\" data-paragraph-number=\"21\">Cin\u00e9polis habilita funciones en complejos seleccionados. La preventa est\u00e1 disponible en los canales de la cadena y la lista de salas puede cambiar seg\u00fan la ciudad.<\/p>\n<p class=\"paragraph\" data-paragraph-number=\"22\"><b>Cars: Una aventura sobre ruedas<\/b> vuelve el 10 de septiembre a Cin\u00e9polis y Cinemex por sus <b>20 a\u00f1os<\/b>. La producci\u00f3n de Pixar presenta a Rayo McQueen, un autom\u00f3vil de carreras que llega por accidente a Radiador Springs.<\/p>\n<p class=\"paragraph\" data-paragraph-number=\"23\">La pel\u00edcula dirigida por John Lasseter se estren\u00f3 en 2006. Owen Wilson presta su voz a Rayo McQueen en la versi\u00f3n original, junto con Paul Newman como Doc Hudson y Bonnie Hunt como Sally Carrera.<\/p>\n<p><img alt=\"Cinemex proyecta Mi vecino Totoro desde este 10 de septiembre. La pel\u00edcula de Hayao Miyazaki sigue a Satsuki y Mei, dos hermanas que se mudan al campo con su padre y conocen a Totoro, un esp\u00edritu del bosque. (Studio Ghibli\/GKIDS via AP)\" class=\"global-image\" decoding=\"async\" fetchpriority=\"low\" height=\"1162\" loading=\"lazy\" src=\"https:\/\/www.europesays.com\/es\/wp-content\/uploads\/2026\/09\/3ZGKVB3D6FEURCTPCHULAGCJVM.jpg\" width=\"2024\"\/>Cinemex proyecta Mi vecino Totoro desde este 10 de septiembre. La pel\u00edcula de Hayao Miyazaki sigue a Satsuki y Mei, dos hermanas que se mudan al campo con su padre y conocen a Totoro, un esp\u00edritu del bosque. (Studio Ghibli\/GKIDS via AP)<\/p>\n<p class=\"paragraph\" data-paragraph-number=\"24\"><b>Dogtooth<\/b>, tambi\u00e9n conocida como <b>Canino<\/b>, regresar\u00e1 a las salas de Cinemex desde este <b>17 de septiembre<\/b>. La pel\u00edcula dirigida por <b>Yorgos Lanthimos<\/b> muestra a una familia que mantiene aislados a sus tres hijos adultos dentro de una casa.<\/p>\n<p class=\"paragraph\" data-paragraph-number=\"25\">El filme griego se estren\u00f3 en 2009. La madre y el padre imponen reglas, definiciones y castigos para limitar el contacto de sus hijos con el exterior.<\/p>\n<p class=\"paragraph\" data-paragraph-number=\"26\">La misma fecha marca la llegada de <b>One Piece: La pel\u00edcula<\/b> a Cinemex. El filme de 2000 lleva a la pantalla grande las primeras aventuras de Monkey D. Luffy, Zoro, Nami y Usopp.<\/p>\n<p class=\"paragraph\" data-paragraph-number=\"27\">La tripulaci\u00f3n de los Sombrero de Paja busca el tesoro del pirata Woonan. Durante el viaje enfrenta a Eldorago, un corsario que tambi\u00e9n intenta quedarse con la fortuna.<\/p>\n<p class=\"paragraph\" data-paragraph-number=\"28\">La funci\u00f3n forma parte de un ciclo dedicado a las primeras pel\u00edculas de la franquicia. La versi\u00f3n llegar\u00e1 con doblaje al espa\u00f1ol latinoamericano.<\/p>\n<p><img alt=\"One Piece\" class=\"global-image\" decoding=\"async\" fetchpriority=\"low\" height=\"810\" loading=\"lazy\" src=\"https:\/\/www.europesays.com\/es\/wp-content\/uploads\/2026\/09\/A6XN5XHADZBCBFY5O3AUY7HV6Y.jpg\" width=\"1154\"\/>La misma fecha marca la llegada de One Piece: La pel\u00edcula a Cinemex. El filme de 2000 lleva a la pantalla grande las primeras aventuras de Monkey D. Luffy, Zoro, Nami y Usopp. Foto: Netflix<\/p>\n<p class=\"paragraph\" data-paragraph-number=\"29\"><b>Avengers: Endgame Bonus<\/b> llega a Cin\u00e9polis y Cinemex este <b>24 de septiembre<\/b> con una duraci\u00f3n de <b>191 minutos<\/b>. La edici\u00f3n incorpora diez minutos adicionales respecto a la versi\u00f3n estrenada en 2019.<\/p>\n<p class=\"paragraph\" data-paragraph-number=\"30\">La exhibici\u00f3n incluye una introducci\u00f3n de Joe y Anthony Russo, escenas incorporadas a la pel\u00edcula y una secuencia poscr\u00e9ditos vinculada con Avengers: Doomsday.<\/p>\n<p class=\"paragraph\" data-paragraph-number=\"31\">El reestreno tendr\u00e1 funciones en complejos seleccionados con formatos premium. Algunas salas contar\u00e1n con Infinity Vision y proyecciones IMAX, de acuerdo con la infraestructura de cada recinto.<\/p>\n<p class=\"paragraph\" data-paragraph-number=\"32\">Sala de Arte Cin\u00e9polis presenta <b>Mary y Max<\/b> a partir de este 24 de septiembre. La pel\u00edcula de animaci\u00f3n stop motion dirigida por <b>Adam Elliot<\/b> llega por primera vez a salas mexicanas de la mano de Can\u00edbal.<\/p>\n<p class=\"paragraph\" data-paragraph-number=\"33\">Estrenada en 2009, la historia sigue la amistad por correspondencia entre Mary Daisy Dinkle, una ni\u00f1a de ocho a\u00f1os que vive en Melbourne, Australia, y Max Jerry Horovitz, un hombre de 44 a\u00f1os que vive en Nueva York, Estados Unidos.<\/p>\n<p class=\"paragraph\" data-paragraph-number=\"34\">Una carta inicia el v\u00ednculo entre ambos personajes, que se mantiene durante a\u00f1os mientras enfrentan la soledad, cambios personales y problemas familiares. La cinta utiliza animaci\u00f3n en plastilina para construir sus escenarios y personajes.<\/p>\n<p class=\"paragraph\" data-paragraph-number=\"35\">Toni Collette da voz a Mary adulta y Philip Seymour Hoffman interpreta a Max en la versi\u00f3n original. Eric Bana, Barry Humphries y Bethany Whitmore tambi\u00e9n participan en el reparto.<\/p>\n<p class=\"paragraph\" data-paragraph-number=\"36\">La edici\u00f3n para M\u00e9xico contar\u00e1 con doblaje latinoamericano. <b>Regina Bland\u00f3n<\/b> interpreta a Mary, <b>Javier Ibarreche<\/b> da voz a Max y <b>Arturo Mercado<\/b> participa como narrador.<\/p>\n<p class=\"paragraph\" data-paragraph-number=\"37\">Mary y Max inaugur\u00f3 el Festival de Sundance en 2009 como la primera pel\u00edcula animada en abrir ese encuentro. Ese mismo a\u00f1o recibi\u00f3 el Cristal a Mejor Largometraje en el Festival Internacional de Cine de Animaci\u00f3n de Annecy.<\/p>\n<p><img alt=\"Avengers: Endgame Bonus llega a Cin\u00e9polis y Cinemex este 24 de septiembre con una duraci\u00f3n de 191 minutos. La edici\u00f3n incorpora diez minutos adicionales respecto a la versi\u00f3n estrenada en 2019. Avengers: Endgame: Bonus\" class=\"global-image\" decoding=\"async\" fetchpriority=\"low\" height=\"1080\" loading=\"lazy\" src=\"https:\/\/www.europesays.com\/es\/wp-content\/uploads\/2026\/09\/P22TIUPN5VEYZBQS2ET2NLLTEA.jpg\" width=\"1920\"\/>Avengers: Endgame Bonus llega a Cin\u00e9polis y Cinemex este 24 de septiembre con una duraci\u00f3n de 191 minutos. La edici\u00f3n incorpora diez minutos adicionales respecto a la versi\u00f3n estrenada en 2019. Avengers: Endgame: Bonus<\/p>\n<p class=\"paragraph\" data-paragraph-number=\"38\"><b>Ponyo y el secreto de la sirenita<\/b> llega este <b>4 de septiembre<\/b> a la <b>Cineteca Nacional M\u00e9xico<\/b>, la<b> Cineteca Nacional de las Artes<\/b> y la <b>Cineteca Nacional Chapultepec<\/b>.<\/p>\n<p class=\"paragraph\" data-paragraph-number=\"39\">La pel\u00edcula de Hayao Miyazaki se estren\u00f3 en 2008. Sigue a Ponyo, una criatura marina que desea convertirse en humana despu\u00e9s de conocer a Sosuke, un ni\u00f1o de cinco a\u00f1os.<\/p>\n<p class=\"paragraph\" data-paragraph-number=\"40\">La entrada general cuesta <b>70 pesos<\/b>. Estudiantes, profesores, personas adultas mayores con credencial del INAPAM y menores de 25 a\u00f1os pueden pagar <b>50 pesos<\/b>. La tarifa reducida tambi\u00e9n aplica los martes y mi\u00e9rcoles.<\/p>\n<p><img alt=\"Una ni\u00f1a animada de pelo rojo flotando frente a un ni\u00f1o con un cubo, sobre una superficie verde, bajo un cielo azul con nubes\" class=\"global-image\" decoding=\"async\" fetchpriority=\"low\" height=\"1080\" loading=\"lazy\" src=\"https:\/\/www.europesays.com\/es\/wp-content\/uploads\/2026\/09\/VOYHQ6SLQJBFVE43TAH6RLCM4M.jpg\" width=\"1920\"\/>Ponyo y el secreto de la sirenita llega este 4 de septiembre a la Cineteca Nacional M\u00e9xico, la Cineteca Nacional de las Artes y la Cineteca Nacional Chapultepec. (Prensa Academy Museum)<\/p>\n<p class=\"paragraph\" data-paragraph-number=\"41\">Los horarios, precios y complejos participantes pueden cambiar seg\u00fan la ciudad, la demanda y la programaci\u00f3n de cada cadena. <\/p>\n<p class=\"paragraph\" data-paragraph-number=\"42\">Las personas interesadas deber\u00e1n consultar las carteleras de Cin\u00e9polis, Cinemex y las tres sedes de la Cineteca Nacional antes de acudir, ya que algunas funciones estar\u00e1n disponibles \u00fanicamente en salas seleccionadas y por tiempo limitado.<\/p>\n","protected":false},"excerpt":{"rendered":"Las cadenas de cine y la Cineteca Nacional recuperan durante septiembre pel\u00edculas de distintas d\u00e9cadas en salas seleccionadas&hellip;\n","protected":false},"author":2,"featured_media":746803,"comment_status":"","ping_status":"","sticky":false,"template":"","format":"standard","meta":{"footnotes":""},"categories":[169],"tags":[132648,132647,177,146,147,25,24,4725,176,132649,175,23],"class_list":["post-746802","post","type-post","status-publish","format-standard","has-post-thumbnail","category-cine","tag-blue-velvet","tag-cartel-de-cine","tag-cine","tag-entertainment","tag-entretenimiento","tag-es","tag-espana","tag-espectadores","tag-film","tag-mi-vecino-totoro","tag-movies","tag-spain"],"share_on_mastodon":{"url":"https:\/\/pubeurope.com\/@es\/117210974441332963","error":""},"_links":{"self":[{"href":"https:\/\/www.europesays.com\/es\/wp-json\/wp\/v2\/posts\/746802","targetHints":{"allow":["GET"]}}],"collection":[{"href":"https:\/\/www.europesays.com\/es\/wp-json\/wp\/v2\/posts"}],"about":[{"href":"https:\/\/www.europesays.com\/es\/wp-json\/wp\/v2\/types\/post"}],"author":[{"embeddable":true,"href":"https:\/\/www.europesays.com\/es\/wp-json\/wp\/v2\/users\/2"}],"replies":[{"embeddable":true,"href":"https:\/\/www.europesays.com\/es\/wp-json\/wp\/v2\/comments?post=746802"}],"version-history":[{"count":0,"href":"https:\/\/www.europesays.com\/es\/wp-json\/wp\/v2\/posts\/746802\/revisions"}],"wp:featuredmedia":[{"embeddable":true,"href":"https:\/\/www.europesays.com\/es\/wp-json\/wp\/v2\/media\/746803"}],"wp:attachment":[{"href":"https:\/\/www.europesays.com\/es\/wp-json\/wp\/v2\/media?parent=746802"}],"wp:term":[{"taxonomy":"category","embeddable":true,"href":"https:\/\/www.europesays.com\/es\/wp-json\/wp\/v2\/categories?post=746802"},{"taxonomy":"post_tag","embeddable":true,"href":"https:\/\/www.europesays.com\/es\/wp-json\/wp\/v2\/tags?post=746802"}],"curies":[{"name":"wp","href":"https:\/\/api.w.org\/{rel}","templated":true}]}}