{"id":746814,"date":"2026-09-04T04:56:09","date_gmt":"2026-09-04T04:56:09","guid":{"rendered":"https:\/\/www.europesays.com\/es\/746814\/"},"modified":"2026-09-04T04:56:09","modified_gmt":"2026-09-04T04:56:09","slug":"buscan-a-un-hombre-y-a-su-hija-adolescente-por-el-caso-de-una-bebe-hallada-muerta-en-una-carretera-de-california","status":"publish","type":"post","link":"https:\/\/www.europesays.com\/es\/746814\/","title":{"rendered":"Buscan a un hombre y a su hija adolescente por el caso de una beb\u00e9 hallada muerta en una carretera de California"},"content":{"rendered":"<p class=\"c-paragraph\">California busca a un hombre y a su hija de 14 a\u00f1os por su posible relaci\u00f3n con <b>la muerte de una beb\u00e9 hallada abandonada<\/b> en una carretera rural del norte del estado.<\/p>\n<p class=\"c-paragraph\">La Oficina del Alguacil del condado de Monterey inform\u00f3 que se cree que <b>la adolescente es la madre del beb\u00e9<\/b> y que su padre, Sergio G\u00e1lvez P\u00e9rez, de 38 a\u00f1os, es el progenitor de la infante.<\/p>\n<p class=\"c-paragraph\">La polic\u00eda cree que<b> la menor dio a luz a \u2018Angelita\u2019<\/b>, como ha sido nombrada la beb\u00e9 por las autoridades, cerca a la carretera y luego la abandon\u00f3 all\u00ed mismo.<\/p>\n<p class=\"c-paragraph\">El cuerpo fue hallado el primero de agosto, pero hasta esta semana se vincul\u00f3 a G\u00e1lvez P\u00e9rez y su hija con el crimen.<\/p>\n<p class=\"c-paragraph\">La Fiscal\u00eda del condado de Monterey present\u00f3 cargos por <b>delito grave de abuso sexual infantil contra P\u00e9rez<\/b>. La jovencita no enfrenta acusaciones hasta el momento.<\/p>\n<p class=\"c-paragraph\">\u00abReconocemos que<b> la joven de 14 a\u00f1os es v\u00edctima del abuso de su padre<\/b>. Ning\u00fan menor deber\u00eda tener que soportar circunstancias tan horribles\u2026 Si es localizada, los defensores de v\u00edctimas de la fiscal\u00eda y las agencias colaboradoras est\u00e1n listos para ayudarla\u201d, dijo la Fiscal\u00eda en un comunicado.<\/p>\n<p class=\"c-paragraph\">No obstante, la jefa de la Oficina del Alguacil del condado de Monterey, Tina Nieto, declar\u00f3 que<b> la joven es considerada tanto sospechosa de asesinato como v\u00edctima de abuso sexual<\/b>, seg\u00fan informaci\u00f3n de la televisora KRON.<\/p>\n","protected":false},"excerpt":{"rendered":"California busca a un hombre y a su hija de 14 a\u00f1os por su posible relaci\u00f3n con la&hellip;\n","protected":false},"author":2,"featured_media":746815,"comment_status":"","ping_status":"","sticky":false,"template":"","format":"standard","meta":{"footnotes":""},"categories":[42],"tags":[17,18,13326,115,13,14,11,366,61,62,63,64,2158,19,20,9,10,15,16,3271,12,21,22,65,66,67],"class_list":["post-746814","post","type-post","status-publish","format-standard","has-post-thumbnail","category-internacional","tag-breaking-news","tag-breakingnews","tag-buscan","tag-eeuu","tag-featured-news","tag-featurednews","tag-headlines","tag-hombre","tag-internacional","tag-international","tag-international-news","tag-internationalnews","tag-justicia","tag-latest-news","tag-latestnews","tag-news","tag-noticias","tag-noticias-destacadas","tag-noticiasdestacadas","tag-su","tag-titulares","tag-ultimas-noticias","tag-ultimasnoticias","tag-world","tag-world-news","tag-worldnews"],"share_on_mastodon":{"url":"https:\/\/pubeurope.com\/@es\/117210997772745718","error":""},"_links":{"self":[{"href":"https:\/\/www.europesays.com\/es\/wp-json\/wp\/v2\/posts\/746814","targetHints":{"allow":["GET"]}}],"collection":[{"href":"https:\/\/www.europesays.com\/es\/wp-json\/wp\/v2\/posts"}],"about":[{"href":"https:\/\/www.europesays.com\/es\/wp-json\/wp\/v2\/types\/post"}],"author":[{"embeddable":true,"href":"https:\/\/www.europesays.com\/es\/wp-json\/wp\/v2\/users\/2"}],"replies":[{"embeddable":true,"href":"https:\/\/www.europesays.com\/es\/wp-json\/wp\/v2\/comments?post=746814"}],"version-history":[{"count":0,"href":"https:\/\/www.europesays.com\/es\/wp-json\/wp\/v2\/posts\/746814\/revisions"}],"wp:featuredmedia":[{"embeddable":true,"href":"https:\/\/www.europesays.com\/es\/wp-json\/wp\/v2\/media\/746815"}],"wp:attachment":[{"href":"https:\/\/www.europesays.com\/es\/wp-json\/wp\/v2\/media?parent=746814"}],"wp:term":[{"taxonomy":"category","embeddable":true,"href":"https:\/\/www.europesays.com\/es\/wp-json\/wp\/v2\/categories?post=746814"},{"taxonomy":"post_tag","embeddable":true,"href":"https:\/\/www.europesays.com\/es\/wp-json\/wp\/v2\/tags?post=746814"}],"curies":[{"name":"wp","href":"https:\/\/api.w.org\/{rel}","templated":true}]}}