{"id":746820,"date":"2026-09-04T05:03:29","date_gmt":"2026-09-04T05:03:29","guid":{"rendered":"https:\/\/www.europesays.com\/es\/746820\/"},"modified":"2026-09-04T05:03:29","modified_gmt":"2026-09-04T05:03:29","slug":"munar-cae-ante-el-martillo-del-frances-rinderknech","status":"publish","type":"post","link":"https:\/\/www.europesays.com\/es\/746820\/","title":{"rendered":"Munar cae ante el martillo del franc\u00e9s Rinderknech"},"content":{"rendered":"<p>El espa\u00f1ol <strong><a href=\"https:\/\/www.ultimahora.es\/etiqueta\/Jaume+Munar.html?utm_source=Inline-tag&amp;utm_medium=internal\" rel=\"nofollow noopener\" target=\"_blank\">Jaume Munar<\/a><\/strong> cay\u00f3 en tres sets ante el franc\u00e9s <strong>Arthur Rinderknech<\/strong>, quien termin\u00f3 el encuentro con 66 ganadores y 22 saques directos, y se despidi\u00f3 del <a href=\"https:\/\/www.ultimahora.es\/etiqueta\/Abierto+de+Estados+Unidos.html?utm_source=Inline-tag&amp;utm_medium=internal\" rel=\"nofollow noopener\" target=\"_blank\">Abierto de Estados Unidos<\/a> en segunda ronda. Rinderknech, puesto 29 del mundo, se impuso a Munar (n.55) por 7-6(4), 6-2 y 7-5 en tres horas y seis minutos de partido.<\/p>\n<p>Pese a lo abultado del resultado, Munar plant\u00f3 una dura batalla al franc\u00e9s y goz\u00f3 de ocho oportunidades de romper su saque, una menos que su rival. La diferencia es que<strong> el franc\u00e9s convirti\u00f3 6 de ellas, y el balear solo aprovech\u00f3 3<\/strong>. Sin embargo, Rinderknech mostr\u00f3 su mejor versi\u00f3n desde el fondo de la pista, con 66 ganadores por tan solo 33 errores no forzados. Le sum\u00f3 22 saques directos.<\/p>\n<p>Munar bajar\u00e1 como m\u00ednimo hasta el puesto 70 del r\u00e1nking tras esta derrota, puesto que defend\u00eda los valiosos puntos que logr\u00f3 hace un a\u00f1o cuando cay\u00f3 en octavos de final de Nueva York. Rinderknech se enfrentar\u00e1 en tercera ronda al ruso <strong>Daniil Medvedev (n.8)<\/strong>, quien aplast\u00f3 este mi\u00e9rcoles al estadounidense Sebastian Gorzny (n.731) en poco m\u00e1s de dos horas<\/p>\n","protected":false},"excerpt":{"rendered":"El espa\u00f1ol Jaume Munar cay\u00f3 en tres sets ante el franc\u00e9s Arthur Rinderknech, quien termin\u00f3 el encuentro con&hellip;\n","protected":false},"author":2,"featured_media":746821,"comment_status":"","ping_status":"","sticky":false,"template":"","format":"standard","meta":{"footnotes":""},"categories":[274],"tags":[9405,168,25,24,14215,9018,6894,3439,23,167,327,326,541],"class_list":["post-746820","post","type-post","status-publish","format-standard","has-post-thumbnail","category-tenis","tag-abierto-de-estados-unidos","tag-deportes","tag-es","tag-espana","tag-grand-slam","tag-jaume-munar","tag-rafa-nadal","tag-rafael-nadal","tag-spain","tag-sports","tag-tenis","tag-tennis","tag-us-open"],"share_on_mastodon":{"url":"https:\/\/pubeurope.com\/@es\/117211025095613990","error":""},"_links":{"self":[{"href":"https:\/\/www.europesays.com\/es\/wp-json\/wp\/v2\/posts\/746820","targetHints":{"allow":["GET"]}}],"collection":[{"href":"https:\/\/www.europesays.com\/es\/wp-json\/wp\/v2\/posts"}],"about":[{"href":"https:\/\/www.europesays.com\/es\/wp-json\/wp\/v2\/types\/post"}],"author":[{"embeddable":true,"href":"https:\/\/www.europesays.com\/es\/wp-json\/wp\/v2\/users\/2"}],"replies":[{"embeddable":true,"href":"https:\/\/www.europesays.com\/es\/wp-json\/wp\/v2\/comments?post=746820"}],"version-history":[{"count":0,"href":"https:\/\/www.europesays.com\/es\/wp-json\/wp\/v2\/posts\/746820\/revisions"}],"wp:featuredmedia":[{"embeddable":true,"href":"https:\/\/www.europesays.com\/es\/wp-json\/wp\/v2\/media\/746821"}],"wp:attachment":[{"href":"https:\/\/www.europesays.com\/es\/wp-json\/wp\/v2\/media?parent=746820"}],"wp:term":[{"taxonomy":"category","embeddable":true,"href":"https:\/\/www.europesays.com\/es\/wp-json\/wp\/v2\/categories?post=746820"},{"taxonomy":"post_tag","embeddable":true,"href":"https:\/\/www.europesays.com\/es\/wp-json\/wp\/v2\/tags?post=746820"}],"curies":[{"name":"wp","href":"https:\/\/api.w.org\/{rel}","templated":true}]}}