{"id":746822,"date":"2026-09-04T05:04:24","date_gmt":"2026-09-04T05:04:24","guid":{"rendered":"https:\/\/www.europesays.com\/es\/746822\/"},"modified":"2026-09-04T05:04:24","modified_gmt":"2026-09-04T05:04:24","slug":"vuelta-a-espana-matthew-brennan-gana-al-esprint-en-lorca-y-enric-mas-conserva-el-liderato-es-ciclismo","status":"publish","type":"post","link":"https:\/\/www.europesays.com\/es\/746822\/","title":{"rendered":"Vuelta a Espa\u00f1a: Matthew Brennan gana al esprint en Lorca y Enric Mas conserva el liderato &#8211; Es Ciclismo"},"content":{"rendered":"<ol>\n<li><a href=\"https:\/\/news.google.com\/rss\/articles\/CBMiakFVX3lxTFB2TUdub0lUYU1GOFJYam5tQmM1YnQ4dEpvSnBhU0UtbHoyMEdGOFdpUUJ2TjZnRnB5RWVsVGMxakFwY3J0QUtRZkxRUTZqLUpDQi1sYk5PRkRneHppZkxfZDMyLTBPT2FYSHc?oc=5\" target=\"_blank\" rel=\"nofollow noopener\">Vuelta a Espa\u00f1a: Matthew Brennan gana al esprint en Lorca y Enric Mas conserva el liderato<\/a>&nbsp;&nbsp;Es Ciclismo<\/li>\n<li><a href=\"https:\/\/news.google.com\/rss\/articles\/CBMixAFBVV95cUxOckRnVm1UbjBJZ05hTkFrdW90ZVIxN0hvczBIZ3dhcEpQdnpHNDU3MEd4bzVaYl9hcUlIRU80Qk1rcWFySDgzd0pucWwyZmRaTFF1d1R0RmpCaFdVM1hXUVdwb3NlLUtfUWpXNmRjVG9sQUMzMC1NejZuUmh6bUZxXzdfb3g1XzJmbDI4dTJLRFU5bU1pLWl2dTFjSmI3NTI0eGExMkt3TVBJVjZ1Q3llcEVYZUFqNWpObFRvZ1F0MUxWbGo30gHYAUFVX3lxTFBndXVoMzNlQkRDUldYOG5TdGFkcUloUTFaV1gzb09UQ3FFSXgyalBIaXBpUmJRaU1rZ1JlTlEyV3NvRnNFNVBUSGhlOVVaOXN5UXpFWlBLbGg2cU01ZWFRQU40N3FaUDRKbW1BaU1xbnVNYXNJbXVIZ1l0OURVZFc4M3BGYjAzbVJoakM1UVNtRDYyZkpYZDEtVmNnQnZjSGRNWHJ1Y204NUZFY0JOQ0RoQ0dWUnQ1MVYxdkdya3IyRnI2SDNaR2VXUjA1dWNNdjZEbXU3OTJ5OA?oc=5\" target=\"_blank\" rel=\"nofollow noopener\">As\u00ed queda la clasificaci\u00f3n general de la Vuelta a Espa\u00f1a hoy tras la etapa 11<\/a>&nbsp;&nbsp;as.com<\/li>\n<li><a href=\"https:\/\/news.google.com\/rss\/articles\/CBMingFBVV95cUxPZGlhRkM3UE5vVGJsbjdQb1FuT25xM25fR2Q1WUFaUm1oeDV4bkt5MDA3aTBwVFA4dzFCU2FEMTAyOGV2MUw2Qk53ejc3Tk9Uc25ZYVMybjJlMDZaNElXTVBOamRraXhRUXptNms0WjJJZW9YbXhDUnpHWGZMWURKRXhjemxPejJhZUk4dlZGOEFsTGRmZGozWldVOWg0QdIBngFBVV95cUxPUkZFNGV5aTBBTkdGZlFsdm9tdGJrOW15LUlqVklodkRGS0FfR0tyN2NJc1NGRmhnVTM2RjZrb3d6UFN2dzZHWkdPcDRHRko3ZVB5Sy1uVDhBMG1lTXh4d2NlODBnbWpCSUtUaXhNTUZWT2VfNnNTWDF2WnpwTFNYZTA2T2VlcTh3dVJIdnlTemhFUkhXSW5RRXFud19jZw?oc=5\" target=\"_blank\" rel=\"nofollow noopener\">Tercera victoria de Brennan en la v\u00edspera del ascenso a Calar Alto, duro examen para Enric Mas<\/a>&nbsp;&nbsp;El Mundo<\/li>\n<li><a href=\"https:\/\/news.google.com\/rss\/articles\/CBMiwgFBVV95cUxQYlU2M2ZNTzkyV3FXZHNuZWVDNmFvcTdaZGhUU0FNdHRndDdPZkdhVDFycHRUSDgzbEo1UVhXWWZCZ2hLV1pncjQ5WkQ2MGl5LS11TDZsNjRPM3BmOXZOLW1uemN5U29OUF9oUDZVbmJudDVRbVhLVEx5S3pPQTB6YlVBMmFqZHlLUTNwZ0U4aXhPaFZlU2Fqam1weWllN3hidGpkM2s0aFJUTGpaM0d4Nkl4SmhuVW5hT2dzV1RPa1Bldw?oc=5\" target=\"_blank\" rel=\"nofollow noopener\">Brennan logra el triplete en Lorca mientras Enric Mas mantiene el maillot rojo en la Vuelta<\/a>&nbsp;&nbsp;El Confidencial<\/li>\n<li><a href=\"https:\/\/news.google.com\/rss\/articles\/CBMi8wFBVV95cUxQMUhHTDR2MnZMUHJjRG1WOV9QM01GT1R2c0FDMTNJTzZoMkpMbGJrWi1HQTY0Y3VObzRfdEdfMFhiSDhtVUI0Ry1ERnkxRmoyNVhTSHJSd2lqR3JLekYxbk5yYkxscHViaGF2QnVqeklRWjU0TzN5OWNsYVdwM05EUjJMRUdkTVl5MEdtcU1IWDVFRFVPN0ZpTkFzMWhQcEtHZDdwMWlGbEZaQmtDMmg0R29LNmFsSnBUY3J3TERPTDFsN01IMnR4NUhkaTlnbFoxNHJfWUExaTdic0REMkZ2bE5FZDZGYkJLZGJURjhOc282eWc?oc=5\" target=\"_blank\" rel=\"nofollow noopener\">L\u00f3pez Miras, en la etapa de La Vuelta entre Cartagena y Lorca: \u00abVolvemos a ser protagonistas de uno de los eventos deportivos&#8230;<\/a>&nbsp;&nbsp;CARM.es<\/li>\n<\/ol>\n","protected":false},"excerpt":{"rendered":"Vuelta a Espa\u00f1a: Matthew Brennan gana al esprint en Lorca y Enric Mas conserva el liderato&nbsp;&nbsp;Es Ciclismo As\u00ed&hellip;\n","protected":false},"author":2,"featured_media":746823,"comment_status":"","ping_status":"","sticky":false,"template":"","format":"standard","meta":{"footnotes":""},"categories":[273],"tags":[323,17416,5830,313,312,168,158,25,24,10165,322,12685,295,23,167,321],"class_list":["post-746822","post","type-post","status-publish","format-standard","has-post-thumbnail","category-ciclismo","tag-bike","tag-brennan","tag-britanico","tag-ciclismo","tag-cycling","tag-deportes","tag-el","tag-es","tag-espana","tag-impuesto","tag-lease","tag-matthew","tag-miercoles","tag-spain","tag-sports","tag-visma"],"share_on_mastodon":{"url":"https:\/\/pubeurope.com\/@es\/117211028839738155","error":""},"_links":{"self":[{"href":"https:\/\/www.europesays.com\/es\/wp-json\/wp\/v2\/posts\/746822","targetHints":{"allow":["GET"]}}],"collection":[{"href":"https:\/\/www.europesays.com\/es\/wp-json\/wp\/v2\/posts"}],"about":[{"href":"https:\/\/www.europesays.com\/es\/wp-json\/wp\/v2\/types\/post"}],"author":[{"embeddable":true,"href":"https:\/\/www.europesays.com\/es\/wp-json\/wp\/v2\/users\/2"}],"replies":[{"embeddable":true,"href":"https:\/\/www.europesays.com\/es\/wp-json\/wp\/v2\/comments?post=746822"}],"version-history":[{"count":0,"href":"https:\/\/www.europesays.com\/es\/wp-json\/wp\/v2\/posts\/746822\/revisions"}],"wp:featuredmedia":[{"embeddable":true,"href":"https:\/\/www.europesays.com\/es\/wp-json\/wp\/v2\/media\/746823"}],"wp:attachment":[{"href":"https:\/\/www.europesays.com\/es\/wp-json\/wp\/v2\/media?parent=746822"}],"wp:term":[{"taxonomy":"category","embeddable":true,"href":"https:\/\/www.europesays.com\/es\/wp-json\/wp\/v2\/categories?post=746822"},{"taxonomy":"post_tag","embeddable":true,"href":"https:\/\/www.europesays.com\/es\/wp-json\/wp\/v2\/tags?post=746822"}],"curies":[{"name":"wp","href":"https:\/\/api.w.org\/{rel}","templated":true}]}}