{"id":746824,"date":"2026-09-04T05:06:12","date_gmt":"2026-09-04T05:06:12","guid":{"rendered":"https:\/\/www.europesays.com\/es\/746824\/"},"modified":"2026-09-04T05:06:12","modified_gmt":"2026-09-04T05:06:12","slug":"la-seleccion-femenina-de-baloncesto-tira-de-ilusion-y-ambicion-en-su-retorno-al-mundial","status":"publish","type":"post","link":"https:\/\/www.europesays.com\/es\/746824\/","title":{"rendered":"La selecci\u00f3n femenina de baloncesto tira de ilusi\u00f3n y ambici\u00f3n en su retorno al Mundial"},"content":{"rendered":"<p class=\"c-paragraph\"><a href=\"https:\/\/www.heraldo.es\/noticias\/deportes\/baloncesto\/2026\/08\/31\/mariona-ortiz-lista-definitiva-espana-para-mundial-femenino-esta-es-convocatoria-2048334.html\" title=\"Mariona Ortiz, en la lista definitiva de Espa\u00f1a para el Mundial femenino: esta es la convocatoria\" target=\"_blank\" rel=\"nofollow noopener\">La selecci\u00f3n espa\u00f1ola femenina de baloncesto<\/a> afrontar\u00e1 desde este viernes el <b>Mundial que se celebra en Berl\u00edn hasta el 13 de septiembre <\/b>con el deseo de seguir creciendo y de volver a codearse con los mejores combinados del mundo, en lo que es su regreso ocho a\u00f1os despu\u00e9s a esta cita.<\/p>\n<p class=\"c-paragraph\">Espa\u00f1a ten\u00eda todas las ilusiones puestas en el\u00a0Eurobasket\u00a0de 2021 en el que era anfitriona en Valencia, <b>pero todo se torci\u00f3 desde el inicio y del sue\u00f1o de las medallas se pas\u00f3 a la pesadilla<\/b> al quedarse fuera de las seis primeras plazas, y por consiguiente sin opci\u00f3n de jugar el Campeonato del Mundo por primera vez desde su ausencia en 1990 y despu\u00e9s de haber subido al podio en las tres anteriores ediciones, con bronces en 2010 y 2018 y una brillante plata en 2018 tras caer ante las todopoderosas estadounidenses.<\/p>\n<p class=\"c-paragraph\">Tras el rev\u00e9s europeo, lleg\u00f3 el de semanas despu\u00e9s en los Juegos Ol\u00edmpicos de Tokio, con eliminaci\u00f3n en los cuartos de final, y el fin de la etapa de Lucas Mondelo y la llegada de Miguel M\u00e9ndez al banquillo. <b>El gallego se encarg\u00f3 de liderar una renovaci\u00f3n que ha sido hasta el momento positiva, con dos subcampeonatos continentales<\/b> y las clasificaciones para los Juegos de Par\u00eds y para este Mundial al que el combinado nacional llega con ilusi\u00f3n, pero sabedor que le exigir\u00e1 ya desde el inicio y despu\u00e9s de una preparaci\u00f3n inusual.<\/p>\n<p class=\"c-paragraph\">Y es que el seleccionador tuvo que trabajar sin el equipo que ten\u00eda en mente por las ausencias de Awa Fam, Raquel Carrera, Megan Gustafson, Mar\u00eda Conde y Alicia Fl\u00f3rez, <b>todas ellas jugando en la WNBA y que se han incorporado en los d\u00edas previos. <\/b>De hecho, salvo Fam y Conde, ninguna ha podido jugar ninguno de los cinco amistosos de preparaci\u00f3n, que dejaron la buena noticia de haberlos saldados todos con victorias, tres de ellas que abren el optimismo por ser ante rivales directos en Berl\u00edn como la anfitriona Alemania, B\u00e9lgica, verdugo en los dos \u00faltimos\u00a0Eurobasket, y China, actual subcampeona del mundo.<\/p>\n<p class=\"c-paragraph\">Ahora, M\u00e9ndez ha tenido que trabajar a contrarreloj para ensamblar a sus doce elegidas, un bloque que ya conoce muy bien con ocho jugadoras (Carrera, Fam, Alba Torrens, Iyana Mart\u00edn, Paula Ginzo, Mariona Ortiz, Elena Buenavida y Helena Pueyo), que fueron subcampeonas de Europa el verano pasado, a las que<b> se unen jugadoras de sobra conocidas como Maite Cazorla, Mar\u00eda Conde y la nacionalizada Megan Gustafson<\/b>, ausentes por lesi\u00f3n de esa cita, y Alicia Fl\u00f3rez, la novata de este equipo y que s\u00f3lo tiene dos internacionalidades en su haber.<\/p>\n<p class=\"c-paragraph\">Un equipo que combina el talento y el hambre de j\u00f3venes como Mart\u00edn, Fam,\u00a0Buenavida\u00a0y Carrera, con la veteran\u00eda de la capitana Torrens, que a sus 37 a\u00f1os sigue al pie del ca\u00f1\u00f3n y es la \u00fanica superviviente del bronce en Tenerife de 2018. Apoyado en un potente juego interior,<b> la selecci\u00f3n se pone como objetivo el habitual de ir creciendo con el paso de los d\u00edas.<\/b><\/p>\n<p class=\"c-paragraph\">Sin embargo, el inicio no le dar\u00e1 demasiado respiro a una Espa\u00f1a que este viernes <b>tendr\u00e1 que lidiar en el siempre complicado estreno con el ambiente del Berl\u00edn Arena <\/b>y con una anfitriona con ganas de brillar tambi\u00e9n con sus jugadoras WNBA. Al d\u00eda siguiente, tocar\u00e1 una Mali con mejor potencial por la importante baja de Mariam Coulibaly, MVP de la pasada LF Endesa, y cierre de la primera fase ante la siempre competitiva Jap\u00f3n, que ya fue capaz de batir a las espa\u00f1olas en el \u00faltimo Preol\u00edmpico.<\/p>\n<p class=\"c-paragraph\">El objetivo de la actual subcampeona europea es acabar como l\u00edder de su grupo lo que le clasificar\u00eda directamente para los cuartos de final, aunque eso le pondr\u00eda en el camino de un hipot\u00e9tico duelo en las semifinales contra la gran favorita, Estados Unidos, que podr\u00eda estar una ronda anterior si Espa\u00f1a es tercera de grupo y supera los octavos. Si es segunda, <b>adem\u00e1s de un partido m\u00e1s, ir\u00eda seguramente por el camino de B\u00e9lgica o Australia, con Francia como la favorita por ese lado del cuadro.<\/b><\/p>\n<p class=\"c-paragraph\">El favoritismo recae una vez m\u00e1s sobre Estados Unidos, que acude con un potente equipo repleto de sus innumerables estrellas de la WNBA en busca de mantener su gran racha de oros y que pr\u00e1cticamente s\u00f3lo ha sido inquietado por Francia en Par\u00eds 2024. <b>El combinado franc\u00e9s llev\u00f3 al l\u00edmite a las americanas y tras su fiasco en el<\/b><b>\u00a0Eurobasket<\/b><b>, donde fue cuarta<\/b> sin muchas de sus principales jugadoras, las recupera para ser\u00a0la otra principal rival a batir\u00a0en un Mundial que reparte billete para los Juegos Ol\u00edmpicos de Los \u00c1ngeles de 2028 para el campe\u00f3n. Si lo son las WNBA, no habr\u00e1 premio para el subcampe\u00f3n.<\/p>\n","protected":false},"excerpt":{"rendered":"La selecci\u00f3n espa\u00f1ola femenina de baloncesto afrontar\u00e1 desde este viernes el Mundial que se celebra en Berl\u00edn hasta&hellip;\n","protected":false},"author":2,"featured_media":746825,"comment_status":"","ping_status":"","sticky":false,"template":"","format":"standard","meta":{"footnotes":""},"categories":[269],"tags":[299,298,168,25,24,5152,3814,1988,23,167,5347],"class_list":["post-746824","post","type-post","status-publish","format-standard","has-post-thumbnail","category-baloncesto","tag-baloncesto","tag-basketball","tag-deportes","tag-es","tag-espana","tag-femenina","tag-ilusion","tag-seleccion","tag-spain","tag-sports","tag-tira"],"share_on_mastodon":{"url":"https:\/\/pubeurope.com\/@es\/117211036981375448","error":""},"_links":{"self":[{"href":"https:\/\/www.europesays.com\/es\/wp-json\/wp\/v2\/posts\/746824","targetHints":{"allow":["GET"]}}],"collection":[{"href":"https:\/\/www.europesays.com\/es\/wp-json\/wp\/v2\/posts"}],"about":[{"href":"https:\/\/www.europesays.com\/es\/wp-json\/wp\/v2\/types\/post"}],"author":[{"embeddable":true,"href":"https:\/\/www.europesays.com\/es\/wp-json\/wp\/v2\/users\/2"}],"replies":[{"embeddable":true,"href":"https:\/\/www.europesays.com\/es\/wp-json\/wp\/v2\/comments?post=746824"}],"version-history":[{"count":0,"href":"https:\/\/www.europesays.com\/es\/wp-json\/wp\/v2\/posts\/746824\/revisions"}],"wp:featuredmedia":[{"embeddable":true,"href":"https:\/\/www.europesays.com\/es\/wp-json\/wp\/v2\/media\/746825"}],"wp:attachment":[{"href":"https:\/\/www.europesays.com\/es\/wp-json\/wp\/v2\/media?parent=746824"}],"wp:term":[{"taxonomy":"category","embeddable":true,"href":"https:\/\/www.europesays.com\/es\/wp-json\/wp\/v2\/categories?post=746824"},{"taxonomy":"post_tag","embeddable":true,"href":"https:\/\/www.europesays.com\/es\/wp-json\/wp\/v2\/tags?post=746824"}],"curies":[{"name":"wp","href":"https:\/\/api.w.org\/{rel}","templated":true}]}}